{"id":329001,"date":"2026-01-08T05:02:10","date_gmt":"2026-01-08T05:02:10","guid":{"rendered":"https:\/\/www.europesays.com\/es\/329001\/"},"modified":"2026-01-08T05:02:10","modified_gmt":"2026-01-08T05:02:10","slug":"la-actriz-descansa-en-un-ataud-de-mimbre-que-recibio-su-hijo-repudiado","status":"publish","type":"post","link":"https:\/\/www.europesays.com\/es\/329001\/","title":{"rendered":"la actriz descansa en un ata\u00fad de mimbre que recibi\u00f3 su hijo repudiado"},"content":{"rendered":"<p style=\"\">Este mi\u00e9rcoles se ha celebrado el \u00faltimo adi\u00f3s de <strong>Brigitte Bardot<\/strong> en Saint-Tropez. Tras su muerte <a href=\"https:\/\/www.abc.es\/cultura\/cine\/muere-brigitte-bardot-icono-cine-frances-anos-20251228105946-nt.html\" target=\"_self\" data-voc-vtm-id=\"in-text-traffic\" title=\"el pasado 28 de diciembre a los 91 a\u00f1os\" data-mrf-link=\"www.abc.es\" rel=\"nofollow noopener\">el pasado 28 de diciembre a los 91 a\u00f1os<\/a> a causa de un c\u00e1ncer, quiso que su despedida fuera en la intimidad. La ceremonia religiosa empezaba  &#8230; entorno a las 11 horas en la iglesia Notre-Dame de l&#8217;Assomption, y aunque solo pod\u00edan acceder los m\u00e1s allegados se ofreci\u00f3 en pantalla grande a los presentes en el puerto y en la plaza central. Posteriormente, el entierro tambi\u00e9n ha sido algo privado.<\/p>\n<p class=\"voc-p\" style=\"\">La petici\u00f3n de intimidad por parte de la familia no ha impedido que cientos de seguidores de la cantante y actriz se arremolinaran alrededor de la iglesia y el cementerio. Por lo que muchos se han sorprendido a ver la \u00faltima petici\u00f3n de la artista, un detalle que siempre la distinguir\u00e1 del mundo por su originalidad. Su ata\u00fad estaba hecho de pino y mimbre, y ha sido <a href=\"https:\/\/www.abc.es\/gente\/brigitte-bardot-mujer-cien-amantes-20251228115753-nt.html\" target=\"_self\" data-voc-vtm-id=\"in-text-traffic\" title=\"su hijo repudiado\" data-mrf-link=\"www.abc.es\" rel=\"nofollow noopener\">su hijo repudiado<\/a> quien lo ha recibido en la puerta de la iglesia. <\/p>\n<p class=\"voc-p\" style=\"\">Una imagen poco habitual, un<strong> estilo bohemio<\/strong> para despedirse del mundo en el que dej\u00f3 una marca tan profunda. Desde los medios de comunicaci\u00f3n franceses lo consideran muy al estilo de como era ella: sencilla y sin pretensiones. <\/p>\n<p>\n\u00bfQui\u00e9n ha hecho este ata\u00fad?\n<\/p>\n<p class=\"voc-p\" style=\"\">Si bien es habitual que el sitio de descanso eterno est\u00e9 hecho de maderas nobles, Brigitte Bardot quiso que el suyo estuviera decorado con un tejido a mano de mimbre franc\u00e9s que requiri\u00f3 quince horas de trabajo y fue realizado por los cesteros de <strong>Vannerie du Boisle<\/strong>, en la regi\u00f3n de Somme.<\/p>\n<p class=\"voc-p\" style=\"\">Xavier Quointeau, director de la empresa responsable, no sab\u00eda para qui\u00e9n hab\u00edan hecho ese peculiar ata\u00fad. \u00abHab\u00eda rumores, pero <strong>no recib\u00ed la confirmaci\u00f3n hasta que bajaron el ata\u00fad<\/strong> del coche f\u00fanebre\u00bb y pudo verlo en la prensa. Todo hab\u00eda sido estrictamente confidencial, pero ha resultado todo un \u00e9xito. <\/p>\n<p><img decoding=\"async\" loading=\"lazy\" src=\"https:\/\/www.europesays.com\/es\/wp-content\/uploads\/2026\/01\/hijo-brigitte-bardot-U58354818181HCa-760x427@diario_abc.jpg\" class=\"voc-img\" width=\"760\" height=\"427\" alt=\"Paul Watson, Nicolas-Jacques Charrier (hijo de Brigitte Bardot), Bernard d'Ormale, Chico Bouchikhi, y los Gipsy Kings en la iglesia de Notre-Dame de l'Assomption en Saint-Tropez\" data-voc-vtm-id=\"in-text-traffic\"\/><\/p>\n<p>Paul Watson, Nicolas-Jacques Charrier (hijo de Brigitte Bardot), Bernard d&#8217;Ormale, Chico Bouchikhi, y los Gipsy Kings en la iglesia de Notre-Dame de l&#8217;Assomption en Saint-Tropez<\/p>\n<p>gtres<\/p>\n<p class=\"voc-p\" style=\"\">Seg\u00fan cuentan desde la funeraria, desde que se ha publicado la fotograf\u00eda <strong>quince personas han contactado con ellos<\/strong> para modificar su contrato funerario e incluir este caracter\u00edstico detalle. Todo un orgullo para la Vannerie du Boisle, que tal y como dice su director, est\u00e1 formada tan solo por diez trabajadores. <\/p>\n<p class=\"voc-p\" style=\"\">Al parecer, que el ata\u00fad est\u00e9 hecho solo de mimbre est\u00e1 prohibido, por lo que han encontrado esta soluci\u00f3n de crear una base de pino fabricada por la empresa Funico que despu\u00e9s se recubre con estas fibras naturales tejidas a mano. Desde que lo lanzaron han tenido que <strong>hacer unos sesenta<\/strong>, y entre ellos estaba el de Patrice de Colmont, propietario del m\u00edtico restaurante de Saint-Tropez Le Club 55. <\/p>\n","protected":false},"excerpt":{"rendered":"Este mi\u00e9rcoles se ha celebrado el \u00faltimo adi\u00f3s de Brigitte Bardot en Saint-Tropez. Tras su muerte el pasado&hellip;\n","protected":false},"author":2,"featured_media":329002,"comment_status":"","ping_status":"","sticky":false,"template":"","format":"standard","meta":{"footnotes":""},"categories":[91],"tags":[10512,51895,75928,51894,146,147,25,24,9235,3841,9643,32281,23,28577,1885],"class_list":{"0":"post-329001","1":"post","2":"type-post","3":"status-publish","4":"format-standard","5":"has-post-thumbnail","7":"category-entretenimiento","8":"tag-alma","9":"tag-bardot","10":"tag-bohemia","11":"tag-brigitte","12":"tag-entertainment","13":"tag-entretenimiento","14":"tag-es","15":"tag-espana","16":"tag-funerales","17":"tag-marca","18":"tag-peticion","19":"tag-refleja","20":"tag-spain","21":"tag-tendencia","22":"tag-ultima"},"share_on_mastodon":{"url":"https:\/\/pubeurope.com\/@es\/115857728804285555","error":""},"_links":{"self":[{"href":"https:\/\/www.europesays.com\/es\/wp-json\/wp\/v2\/posts\/329001","targetHints":{"allow":["GET"]}}],"collection":[{"href":"https:\/\/www.europesays.com\/es\/wp-json\/wp\/v2\/posts"}],"about":[{"href":"https:\/\/www.europesays.com\/es\/wp-json\/wp\/v2\/types\/post"}],"author":[{"embeddable":true,"href":"https:\/\/www.europesays.com\/es\/wp-json\/wp\/v2\/users\/2"}],"replies":[{"embeddable":true,"href":"https:\/\/www.europesays.com\/es\/wp-json\/wp\/v2\/comments?post=329001"}],"version-history":[{"count":0,"href":"https:\/\/www.europesays.com\/es\/wp-json\/wp\/v2\/posts\/329001\/revisions"}],"wp:featuredmedia":[{"embeddable":true,"href":"https:\/\/www.europesays.com\/es\/wp-json\/wp\/v2\/media\/329002"}],"wp:attachment":[{"href":"https:\/\/www.europesays.com\/es\/wp-json\/wp\/v2\/media?parent=329001"}],"wp:term":[{"taxonomy":"category","embeddable":true,"href":"https:\/\/www.europesays.com\/es\/wp-json\/wp\/v2\/categories?post=329001"},{"taxonomy":"post_tag","embeddable":true,"href":"https:\/\/www.europesays.com\/es\/wp-json\/wp\/v2\/tags?post=329001"}],"curies":[{"name":"wp","href":"https:\/\/api.w.org\/{rel}","templated":true}]}}