{"id":329011,"date":"2026-01-08T05:07:13","date_gmt":"2026-01-08T05:07:13","guid":{"rendered":"https:\/\/www.europesays.com\/es\/329011\/"},"modified":"2026-01-08T05:07:13","modified_gmt":"2026-01-08T05:07:13","slug":"una-novedad-tras-la-oficialidad-del-traspaso-de-ramon-martinez-al-valladolid","status":"publish","type":"post","link":"https:\/\/www.europesays.com\/es\/329011\/","title":{"rendered":"Una novedad tras la oficialidad del traspaso de Ram\u00f3n Mart\u00ednez al Valladolid"},"content":{"rendered":"<p>Ya se conoc\u00eda que el central firma hasta 2029 y que los nervionenses conservan el 40% de sus derechos econ\u00f3micos en caso de futura venta<\/p>\n<p class=\"parrafo\">En una operaci\u00f3n similar a las suscritas en el pasado con jugadores como los atacantes <strong>Iv\u00e1n Romero<\/strong> y <strong>Carlos \u00c1lvarez<\/strong>, que ahora triunfan en el <strong>Levante UD<\/strong>, el <strong>Sevilla FC<\/strong> ha hecho oficial en la tarde de este mi\u00e9rcoles <a href=\"https:\/\/www.estadiodeportivo.com\/futbol\/sevilla-fc\/sevilla-cierra-segunda-salida-mercado-invernal-fichajes-ramon-martinez-convocado-ante-levante-valladolid-con-victor-orta-20260104-525611.html\" target=\"_blank\" class=\"intext-link\" rel=\"nofollow noopener\">el traspaso a coste cero de Ram\u00f3n Mart\u00ednez al Real Valladolid<\/a>, donde oficia como director deportivo desde el verano pasado <strong>V\u00edctor Orta<\/strong>, rescindido unos meses antes para el aterrizaje en <strong>Nervi\u00f3n<\/strong> de <strong>Antonio Cord\u00f3n<\/strong>. Como entonces el manchego y el sanluque\u00f1o (porcentaje que se ha reducido con el paso de los mercados), la entidad blanquirroja se ha quedado con un <strong>40%<\/strong> de los derechos del zaguero de <strong>Mula <\/strong>por si explota de aqu\u00ed al <strong>30 de junio de 2029<\/strong>, si bien no ha trascendido ni la revisi\u00f3n a posteriori de ese porcentaje ni la existencia de pluses seg\u00fan los \u00e9xitos pucelanos en forma de ascenso, como <a href=\"https:\/\/www.estadiodeportivo.com\/futbol\/sevilla-fc\/pellizco-que-deja-nervion-ascenso-carlos-alvarez-ivan-romero-20250525-496554.html\" target=\"_blank\" class=\"intext-link\" rel=\"nofollow noopener\">s\u00ed hab\u00eda y se cobraron<\/a> por sus ex compa\u00f1eros.<\/p>\n<p class=\"parrafo\"><strong\/>Los tres a\u00f1os y medio de contrato del defensor, que libera un sueldo de los escalones m\u00e1s bajos del plantel y un dorsal &#8217;24&#8217; de la primera plantilla sevillista (estaban todos ocupados, por lo que esto es, si cabe, m\u00e1s importante), ya eran conocidos, as\u00ed como otros detalles, tras superar la revisi\u00f3n m\u00e9dica y ejercitarse con los que son ya sus nuevos colegas en busca del regreso a la elite de un hist\u00f3rico como el morador del <strong>Jos\u00e9 Zorrilla<\/strong>. \u00abBuenas, afici\u00f3n, soy <strong>Ram\u00f3n Mart\u00ednez<\/strong> y, nada&#8230; Estoy aqu\u00ed por la ciudad con muchas ganas de jugar en el estadio y estar con vosotros\u00bb, espetaba el futbolista sobre unas heladas instalaciones anexas como escueta presentaci\u00f3n. Sin embargo, si el comunicado del <strong>Real Valladolid<\/strong> no aportaba grandes novedades, el del <strong>Sevilla FC<\/strong> s\u00ed a\u00f1ad\u00eda un dato que no se hab\u00eda hecho p\u00fablico.<\/p>\n<p><a class=\"elementos-rel-t2\" href=\"https:\/\/www.estadiodeportivo.com\/futbol\/sevilla-fc\/ramon-martinez-supera-reconocimiento-medico-fichaje-esta-solo-falta-oficialidad-segunda-salida-invernal-del-sevilla-segundo-refuerzo-del-valladolid-20260107-525834.html\" title=\"Ram\u00f3n Mart\u00ednez supera las pruebas m\u00e9dicas y su fichaje est\u00e1 s\u00f3lo a falta de oficialidad: segunda salida invernal del Sevilla y segundo refuerzo del Valladolid\" rel=\"nofollow noopener\" target=\"_blank\"><\/p>\n<p class=\"titular titulo-4\">Ram\u00f3n Mart\u00ednez supera las pruebas m\u00e9dicas y su fichaje est\u00e1 s\u00f3lo a falta de oficialidad: segunda salida invernal del Sevilla y segundo refuerzo del Valladolid<\/p>\n<p><img decoding=\"async\" src=\"https:\/\/www.europesays.com\/es\/wp-content\/uploads\/2026\/01\/03a59af4-6919-4e64-8bdf-8f11c298f8e4_320x180.jpeg\" alt=\"Ram\u00f3n Mart\u00ednez supera las pruebas m\u00e9dicas y su fichaje est\u00e1 s\u00f3lo a falta de oficialidad: segunda salida invernal del Sevilla y segundo refuerzo del Valladolid\"\/><\/a><a class=\"elementos-rel-t2\" href=\"https:\/\/www.estadiodeportivo.com\/futbol\/sevilla-fc\/traspaso-ramon-martinez-deja-una-ficha-libre-pero-poco-margen-para-antonio-cordon-20260105-525697.html\" title=\"El traspaso de Ram\u00f3n Mart\u00ednez deja una ficha libre pero poco margen para Antonio Cord\u00f3n\" rel=\"nofollow noopener\" target=\"_blank\"><\/p>\n<p class=\"titular titulo-4\">El traspaso de Ram\u00f3n Mart\u00ednez deja una ficha libre pero poco margen para Antonio Cord\u00f3n<\/p>\n<p><img decoding=\"async\" src=\"https:\/\/www.europesays.com\/es\/wp-content\/uploads\/2026\/01\/2ec01b96-e027-4df3-a567-6991043b381b_320x180.jpeg\" alt=\"El traspaso de Ram\u00f3n Mart\u00ednez deja una ficha libre pero poco margen para Antonio Cord\u00f3n\"\/><\/a>Ram\u00f3n Mart\u00ednez podr\u00eda volver al Sevilla si explota<\/p>\n<p class=\"parrafo\">De esta forma, la oficialidad del traspaso de <strong>Ram\u00f3n Mart\u00ednez<\/strong> al conjunto pucelano, en principio a coste cero y con un <strong>40%<\/strong> de cualquier futura venta a favor de la entidad nervionense, inclu\u00eda un dato relevante. Y es que en el acuerdo entre ambas instituciones existe una cl\u00e1usula de <strong>recompra<\/strong> por la cual los blanquirrojos podr\u00edan repescar bajo determinadas condiciones y pagando una cantidad no muy alta, al mule\u00f1o. Un aliciente m\u00e1s para que el zaguero la rompa en su nuevo destino el de saber que en su anterior plaza no piensan perderle la pista, hasta el punto de no haber querido desprenderse definitivamente de su pase.<\/p>\n","protected":false},"excerpt":{"rendered":"Ya se conoc\u00eda que el central firma hasta 2029 y que los nervionenses conservan el 40% de sus&hellip;\n","protected":false},"author":2,"featured_media":329012,"comment_status":"","ping_status":"","sticky":false,"template":"","format":"standard","meta":{"footnotes":""},"categories":[5],"tags":[17,18,25,24,284,13,14,285,282,11,19,20,9,10,15,16,25169,2993,23,12,21,22],"class_list":{"0":"post-329011","1":"post","2":"type-post","3":"status-publish","4":"format-standard","5":"has-post-thumbnail","7":"category-titulares","8":"tag-breaking-news","9":"tag-breakingnews","10":"tag-es","11":"tag-espana","12":"tag-estadio-deportivo","13":"tag-featured-news","14":"tag-featurednews","15":"tag-fichajes","16":"tag-futbol","17":"tag-headlines","18":"tag-latest-news","19":"tag-latestnews","20":"tag-news","21":"tag-noticias","22":"tag-noticias-destacadas","23":"tag-noticiasdestacadas","24":"tag-real-valladolid","25":"tag-sevilla-futbol-club","26":"tag-spain","27":"tag-titulares","28":"tag-ultimas-noticias","29":"tag-ultimasnoticias"},"share_on_mastodon":{"url":"https:\/\/pubeurope.com\/@es\/115857748340072073","error":""},"_links":{"self":[{"href":"https:\/\/www.europesays.com\/es\/wp-json\/wp\/v2\/posts\/329011","targetHints":{"allow":["GET"]}}],"collection":[{"href":"https:\/\/www.europesays.com\/es\/wp-json\/wp\/v2\/posts"}],"about":[{"href":"https:\/\/www.europesays.com\/es\/wp-json\/wp\/v2\/types\/post"}],"author":[{"embeddable":true,"href":"https:\/\/www.europesays.com\/es\/wp-json\/wp\/v2\/users\/2"}],"replies":[{"embeddable":true,"href":"https:\/\/www.europesays.com\/es\/wp-json\/wp\/v2\/comments?post=329011"}],"version-history":[{"count":0,"href":"https:\/\/www.europesays.com\/es\/wp-json\/wp\/v2\/posts\/329011\/revisions"}],"wp:featuredmedia":[{"embeddable":true,"href":"https:\/\/www.europesays.com\/es\/wp-json\/wp\/v2\/media\/329012"}],"wp:attachment":[{"href":"https:\/\/www.europesays.com\/es\/wp-json\/wp\/v2\/media?parent=329011"}],"wp:term":[{"taxonomy":"category","embeddable":true,"href":"https:\/\/www.europesays.com\/es\/wp-json\/wp\/v2\/categories?post=329011"},{"taxonomy":"post_tag","embeddable":true,"href":"https:\/\/www.europesays.com\/es\/wp-json\/wp\/v2\/tags?post=329011"}],"curies":[{"name":"wp","href":"https:\/\/api.w.org\/{rel}","templated":true}]}}