{"id":329025,"date":"2026-01-08T05:25:30","date_gmt":"2026-01-08T05:25:30","guid":{"rendered":"https:\/\/www.europesays.com\/es\/329025\/"},"modified":"2026-01-08T05:25:30","modified_gmt":"2026-01-08T05:25:30","slug":"preguntan-a-javier-bardem-por-la-lista-negra-de-los-estudios-de-hollywood","status":"publish","type":"post","link":"https:\/\/www.europesays.com\/es\/329025\/","title":{"rendered":"Preguntan a Javier Bardem por la lista negra de los estudios de Hollywood"},"content":{"rendered":"<p>El genocidio llevado a cabo por Israel sobre la franja de Gaza ha sido <a href=\"https:\/\/www.huffingtonpost.es\/global\/netanyahu-no-visita-trump-para-reprimenda-israel-quiere-llevar-agenda-mas-alla-gaza-f202512.html\" rel=\"nofollow noopener\" target=\"_blank\">uno de los ejes centrales de la pol\u00edtica internacional<\/a>, trascendiendo m\u00e1s all\u00e1 de los despachos. Numerosos rostros de la cultura <b>se han posicionado a favor del pueblo palestino<\/b>, denunciando a su vez los cr\u00edmenes de guerra que est\u00e1 cometiendo el presidente de Israel Benjamin Netanyahu.<\/p>\n<p><b>Uno de ellos ha sido el actor espa\u00f1ol Javier Bardem<\/b>, quien recientemente <a href=\"https:\/\/www.huffingtonpost.es\/virales\/el-discurso-dado-javier-bardem-sobre-esta-pasando-gaza-eurovisiontomen-nota-f202512.html\" rel=\"nofollow noopener\" target=\"_blank\">fue incluido en una \u00ablista negra\u00bb <\/a>por el jefe de los estudios pro israel\u00edes Paramount, David Ellison. Junto al protagonista de pel\u00edculas como No es pa\u00eds para viejos tambi\u00e9n figura la actriz estadounidense Emma Stone.\u00a0<\/p>\n<p>Por esta cuesti\u00f3n le han preguntado a Javier Bardem, uno de los actores firmantes del manifiesto Film Workers Pledge to End Complicity, donde <b>se comprometen a no participar en festivales, cines o producciones israel\u00edes<\/b> \u00abimplicadas en el genocidio y el apartheid contra el pueblo palestino\u00bb.<\/p>\n<p>\u00abContra los que apoyan este genocidio\u00bb<\/p>\n<p>\u00abNo estoy sorprendido por ello, pero el tema no es tanto sobre su &#8216;lista negra&#8217;. <b>Es sobre con quienes queremos trabajar y con quienes elegimos trabajar nosotros<\/b>\u00ab, ha dicho en una entrevista para el medio estadounidense Zeteo.\u00a0<\/p>\n<p>En esta l\u00ednea, Javier Bardem ha querido aclarar \u00abuna cosa que todo el mundo va a entender\u00bb sobre su postura. \u00abNosotros no vamos contra la gente por sus nacionalidades, o su religi\u00f3n, o sus or\u00edgenes \u00e9tnicos. Nosotros <b>vamos contra compa\u00f1\u00edas y entidades que est\u00e1n apoyando este genocidio<\/b>, este apartheid en marcha y esta ocupaci\u00f3n ilegal\u00bb, ha zanjado.\u00a0<\/p>\n<p><b>\u00abEstudios, directores y productores saben que no pueden apoyar a quienes apoyan tales atrocidades\u00bb<\/b>, ha contado en una charla que ha compartido con la directora y actriz de \u00abAll That&#8217;s Left of You, Cherien Dabis. La pel\u00edcula, que produce Javier Bardem,\u00a0explora el trauma de la ocupaci\u00f3n israel\u00ed del pueblo palestino a lo largo de generaciones.<\/p>\n<p>Sobre ello ha hablado Cherien Dabis, quien ha apuntado que su intenci\u00f3n con esta pel\u00edcula era \u00abmostrar el impacto psicol\u00f3gico y emocional de la ocupaci\u00f3n\u00bb. Unas palabras con las que coincide plenamente Javier Bardem. <b>\u00abLo que est\u00e1 ocurriendo en los \u00faltimos dos a\u00f1os es un genocidio total\u00bb<\/b>, ha comentado sobre el conflicto entre Israel y Palestina.<\/p>\n<p>Qu\u00e9 dice el manifiesto\u00a0Film Workers Pledge to End Complicity<\/p>\n<ul>\n<li>Los trabajadores del cine (cineastas, actores, empleados de la industria y organizaciones) r<b>econocen que el cine puede influir en la percepci\u00f3n p\u00fablica<\/b> y que tienen una responsabilidad \u00e9tica en un contexto de crisis.<\/li>\n<li>El manifiesto se emite <b>en un momento de guerra y graves violaciones de derechos humanos en Gaza.<\/b><\/li>\n<li>Los firmantes responden a llamamientos de cineastas palestinos <b>a no guardar silencio, a rechazar el racismo y la deshumanizaci\u00f3n<\/b>, y a \u201chacer todo lo humanamente posible para acabar con la complicidad\u201d en su opresi\u00f3n.<\/li>\n<li>El manifiesto<b> se inspira en movimientos del pasado<\/b>, especialmente en Filmmakers United Against Apartheid, que en su momento boicote\u00f3 proyecciones en el apartheid de Sud\u00e1frica.<\/li>\n<\/ul>\n<p>En este sentido, los firmantes de este manifiesto <b>se comprometen a llevar a cabo una serie de acciones<\/b> contras las instituciones cinematogr\u00e1ficas israel\u00edes que consideren \u201cimplicadas en genocidio o apartheid\u201d:\u00a0<\/p>\n<ul>\n<li>No proyectar sus pel\u00edculas.<\/li>\n<li>No aparecer en eventos organizados por ellas.<\/li>\n<li>No trabajar con festivales, cines, productoras, emisoras u otras entidades se\u00f1aladas.<\/li>\n<\/ul>\n","protected":false},"excerpt":{"rendered":"El genocidio llevado a cabo por Israel sobre la franja de Gaza ha sido uno de los ejes&hellip;\n","protected":false},"author":2,"featured_media":329026,"comment_status":"","ping_status":"","sticky":false,"template":"","format":"standard","meta":{"footnotes":""},"categories":[91],"tags":[9060,146,147,25,24,5264,12182,24635,14025,23],"class_list":{"0":"post-329025","1":"post","2":"type-post","3":"status-publish","4":"format-standard","5":"has-post-thumbnail","7":"category-entretenimiento","8":"tag-bardem","9":"tag-entertainment","10":"tag-entretenimiento","11":"tag-es","12":"tag-espana","13":"tag-javier","14":"tag-lista","15":"tag-negra","16":"tag-preguntan","17":"tag-spain"},"share_on_mastodon":{"url":"https:\/\/pubeurope.com\/@es\/115857819150685167","error":""},"_links":{"self":[{"href":"https:\/\/www.europesays.com\/es\/wp-json\/wp\/v2\/posts\/329025","targetHints":{"allow":["GET"]}}],"collection":[{"href":"https:\/\/www.europesays.com\/es\/wp-json\/wp\/v2\/posts"}],"about":[{"href":"https:\/\/www.europesays.com\/es\/wp-json\/wp\/v2\/types\/post"}],"author":[{"embeddable":true,"href":"https:\/\/www.europesays.com\/es\/wp-json\/wp\/v2\/users\/2"}],"replies":[{"embeddable":true,"href":"https:\/\/www.europesays.com\/es\/wp-json\/wp\/v2\/comments?post=329025"}],"version-history":[{"count":0,"href":"https:\/\/www.europesays.com\/es\/wp-json\/wp\/v2\/posts\/329025\/revisions"}],"wp:featuredmedia":[{"embeddable":true,"href":"https:\/\/www.europesays.com\/es\/wp-json\/wp\/v2\/media\/329026"}],"wp:attachment":[{"href":"https:\/\/www.europesays.com\/es\/wp-json\/wp\/v2\/media?parent=329025"}],"wp:term":[{"taxonomy":"category","embeddable":true,"href":"https:\/\/www.europesays.com\/es\/wp-json\/wp\/v2\/categories?post=329025"},{"taxonomy":"post_tag","embeddable":true,"href":"https:\/\/www.europesays.com\/es\/wp-json\/wp\/v2\/tags?post=329025"}],"curies":[{"name":"wp","href":"https:\/\/api.w.org\/{rel}","templated":true}]}}