{"id":329041,"date":"2026-01-08T05:40:10","date_gmt":"2026-01-08T05:40:10","guid":{"rendered":"https:\/\/www.europesays.com\/es\/329041\/"},"modified":"2026-01-08T05:40:10","modified_gmt":"2026-01-08T05:40:10","slug":"el-ultimo-plano-de-brigitte-bardot","status":"publish","type":"post","link":"https:\/\/www.europesays.com\/es\/329041\/","title":{"rendered":"El \u00faltimo plano de Brigitte Bardot"},"content":{"rendered":"<p>Saint-Tropez amaneci\u00f3 ayer bajo un fr\u00edo cortante, impropio del imaginario soleado que Brigitte Bardot, fallecida el pasado 28 de diciembre a los 91 a\u00f1os,  &#8230; ayud\u00f3 a construir. En la iglesia de Nuestra Se\u00f1ora de la Asunci\u00f3n, el f\u00e9retro de mimbre de la int\u00e9rprete marc\u00f3 el tono de unas exequias deliberadamente sencillas, tal y como quiso. As\u00ed comenz\u00f3 la despedida del mito del cine franc\u00e9s, tan deslumbrante como inc\u00f3moda para su tiempo.<\/p>\n<p class=\"v-p\">En el interior del templo se reunieron, entre familiares, amigos y rostros conocidos, unas 400 personas. Estaba su hijo, Nicolas-Jacques Charrier, llegado desde Oslo tras a\u00f1os de relaci\u00f3n distante con su madre, y tambi\u00e9n figuras del cine y de la vida p\u00fablica francesa. Una ceremonia desnuda de artificio, emotiva sin grandilocuencia, nada protocolaria, fiel a su persona.<\/p>\n<p class=\"v-p\">A las puertas de la iglesia y en el puerto, un millar de personas sigui\u00f3 la misa a trav\u00e9s de una pantalla gigante. Entre ellas, alguien port\u00f3 una pancarta que daba las gracias a Brigitte Bardot en nombre de los animales. Y es que desde que abandon\u00f3 el cine en 1973, la actriz volc\u00f3 su energ\u00eda \u2013y tambi\u00e9n su fama\u2013 en la defensa de la causa animal, convirti\u00e9ndose en una de las voces m\u00e1s influyentes del activismo internacional en ese \u00e1mbito.<\/p>\n<p>Afectos y tensiones<\/p>\n<p class=\"v-p\">Tras la ceremonia religiosa, el coche f\u00fanebre recorri\u00f3 las calles de la localidad hasta el cementerio. All\u00ed, en un acto estrictamente privado, Bardot fue inhumada frente al Mediterr\u00e1neo que tantas veces la vio pasear, filmar y refugiarse. Saint-Tropez no fue solo un decorado de su leyenda. Tambi\u00e9n el lugar en el que decidi\u00f3 retirarse y, finalmente, despedirse del mundo.<\/p>\n<p class=\"v-p\">El funeral tambi\u00e9n reflej\u00f3 las tensiones y contradicciones que la acompa\u00f1aron en sus \u00faltimas d\u00e9cadas. Entre los asistentes se encontraba Marine Le Pen, l\u00edder de la extrema derecha francesa, a quien la actriz apoy\u00f3 p\u00fablicamente y a la que lleg\u00f3 a comparar con una \u00abJuana de Arco moderna\u00bb. Emmanuel Macron, presidente de la Rep\u00fablica y blanco habitual de sus cr\u00edticas, opt\u00f3 por un gesto institucional enviando una gran corona de flores.<\/p>\n<p class=\"v-p\">Brigitte Bardot muri\u00f3 acompa\u00f1ada por su cuarto marido, Bernard d&#8217;Ormale que, en una entrevista reciente, ha revelado que la actriz falleci\u00f3 a causa de un c\u00e1ncer, tras resistir dos operaciones. Se fue rodeada de los animales que amaba y en sus \u00faltimos instantes \u00abextremadamente bella, como en su juventud\u00bb.<\/p>\n","protected":false},"excerpt":{"rendered":"Saint-Tropez amaneci\u00f3 ayer bajo un fr\u00edo cortante, impropio del imaginario soleado que Brigitte Bardot, fallecida el pasado 28&hellip;\n","protected":false},"author":2,"featured_media":329042,"comment_status":"","ping_status":"","sticky":false,"template":"","format":"standard","meta":{"footnotes":""},"categories":[174],"tags":[51895,51894,255,146,147,25,24,256,35924,23,3667],"class_list":{"0":"post-329041","1":"post","2":"type-post","3":"status-publish","4":"format-standard","5":"has-post-thumbnail","7":"category-famosos","8":"tag-bardot","9":"tag-brigitte","10":"tag-celebrities","11":"tag-entertainment","12":"tag-entretenimiento","13":"tag-es","14":"tag-espana","15":"tag-famosos","16":"tag-plano","17":"tag-spain","18":"tag-ultimo"},"share_on_mastodon":{"url":"https:\/\/pubeurope.com\/@es\/115857878061910239","error":""},"_links":{"self":[{"href":"https:\/\/www.europesays.com\/es\/wp-json\/wp\/v2\/posts\/329041","targetHints":{"allow":["GET"]}}],"collection":[{"href":"https:\/\/www.europesays.com\/es\/wp-json\/wp\/v2\/posts"}],"about":[{"href":"https:\/\/www.europesays.com\/es\/wp-json\/wp\/v2\/types\/post"}],"author":[{"embeddable":true,"href":"https:\/\/www.europesays.com\/es\/wp-json\/wp\/v2\/users\/2"}],"replies":[{"embeddable":true,"href":"https:\/\/www.europesays.com\/es\/wp-json\/wp\/v2\/comments?post=329041"}],"version-history":[{"count":0,"href":"https:\/\/www.europesays.com\/es\/wp-json\/wp\/v2\/posts\/329041\/revisions"}],"wp:featuredmedia":[{"embeddable":true,"href":"https:\/\/www.europesays.com\/es\/wp-json\/wp\/v2\/media\/329042"}],"wp:attachment":[{"href":"https:\/\/www.europesays.com\/es\/wp-json\/wp\/v2\/media?parent=329041"}],"wp:term":[{"taxonomy":"category","embeddable":true,"href":"https:\/\/www.europesays.com\/es\/wp-json\/wp\/v2\/categories?post=329041"},{"taxonomy":"post_tag","embeddable":true,"href":"https:\/\/www.europesays.com\/es\/wp-json\/wp\/v2\/tags?post=329041"}],"curies":[{"name":"wp","href":"https:\/\/api.w.org\/{rel}","templated":true}]}}