{"id":329081,"date":"2026-01-08T06:21:06","date_gmt":"2026-01-08T06:21:06","guid":{"rendered":"https:\/\/www.europesays.com\/es\/329081\/"},"modified":"2026-01-08T06:21:06","modified_gmt":"2026-01-08T06:21:06","slug":"jon-rahm-confirma-el-bombazo-que-prepara-liv-golf","status":"publish","type":"post","link":"https:\/\/www.europesays.com\/es\/329081\/","title":{"rendered":"Jon Rahm confirma el bombazo que prepara LIV Golf"},"content":{"rendered":"<p data-mrf-recirculation=\"Links P\u00e1rrafos\" class=\"ue-c-article__paragraph paragraph xai-icon-container ue-c-article--first-letter-highlighted\">El <strong>LIV Golf<\/strong> no para de moverse en los despachos. Seg\u00fan el diario brit\u00e1nico The Times, la liga anunciar\u00e1 en breve los fichajes del jugador belga <strong>Thomas Detry<\/strong> y del australiano <strong>Elvis Smylie<\/strong>. Tambi\u00e9n se ha sabido que han recibido la negativa del estadounidense <strong>Akshay Bhatia<\/strong>, pero la noticia m\u00e1s impactante la ha confirmado <strong>Jon Rahm<\/strong> en el podcast <strong>Golf&#8217;s SupPar<\/strong>.<strong><a href=\"https:\/\/www.marca.com\/golf\/liv-golf\/2026\/01\/07\/\" rel=\"nofollow noopener\" target=\"_blank\"><\/a><\/strong><\/p>\n<p data-mrf-recirculation=\"Links P\u00e1rrafos\" class=\"ue-c-article__paragraph paragraph xai-icon-container\">El \u2018Le\u00f3n de Barrika\u2019 confirma que <strong>LIV Golf descender\u00e1 aproximadamente el 20% de su \u2018field\u2019<\/strong> en la temporada 2026 para cumplir con el Ranking Mundial Oficial (OWGR). Este tremendo aumento en el n\u00famero de jugadores que perder\u00eda su lugar en la liga ir\u00eda acompa\u00f1ado del <strong>incremento de los participantes en los torneos a 57<\/strong>.<\/p>\n<p>Los puntos del ranking mundial<\/p>\n<p data-mrf-recirculation=\"Links P\u00e1rrafos\" class=\"ue-c-article__paragraph paragraph xai-icon-container\">Hablando con Colt Knost y Drew Stoltz en el mencionado podcast SubPar, Jon explic\u00f3 el tema del ranking mundial, que actualmente estudia si concede puntos a los torneos de LIV Golf, y cu\u00e1ntos. \u201cNo puedo garantizar nada. A estas alturas, creo que va a suceder, pero <strong>ser\u00eda bueno tenerlos [los puntos] cuanto antes, obviamente. Antes de que empiecen los Majors<\/strong>, para que algunos tengan la oportunidad de ganar puntos en el ranking mundial\u201d.<\/p>\n<p>Descensos masivos<\/p>\n<p data-mrf-recirculation=\"Links P\u00e1rrafos\" class=\"ue-c-article__paragraph paragraph xai-icon-container\">En este punto, se habl\u00f3 del cambio de formato del LIV para lograr convencer al OWGR: \u201cTengo entendido que todo eso fue parte del proceso. El acceso a la liga, con gente que pasa por las Series Internacionales y por los Ascensos, que es una clasificaci\u00f3n similar a la Escuela de Clasificaci\u00f3n. Y luego hay m\u00e1s gente que desciende. <strong>As\u00ed que creo que vamos a llegar a 57 jugadores y creo que 10 u 11 descienden. B\u00e1sicamente, un 20% o un poco menos\u201d<\/strong>, trat\u00f3 de detallar el golfista espa\u00f1ol. LIV Golf a\u00fan no ha anunciado nada, pero podr\u00edan ser incluso 12.<\/p>\n<p data-mrf-recirculation=\"Links P\u00e1rrafos\" class=\"ue-c-article__paragraph paragraph xai-icon-container\">Si el 20% de los participantes de 2026 se enfrenta ahora al descenso, sin excepciones con los capitanes, ser\u00e1 algo brutal y el LIV se pone muy interesante, pues <strong>varias figuras importantes podr\u00edan verse en peligro<\/strong>. Si se brinda el acceso a los grandes premios del circuito a m\u00e1s jugadores, la competencia aumentar\u00e1 a\u00f1o a a\u00f1o. Las Series Internacionales del Asian Tour, tambi\u00e9n ganar\u00e1n en la calidad de sus participantes.<\/p>\n<p>La marcha de Koepka<\/p>\n<p data-mrf-recirculation=\"Links P\u00e1rrafos\" class=\"ue-c-article__paragraph paragraph xai-icon-container\">\u2018Rahmbo\u2019 tambi\u00e9n habl\u00f3 de <strong>Brooks Koepka<\/strong>, con el que ha desarrollado una buena relaci\u00f3n. <strong>\u201cNo s\u00e9 qu\u00e9 pas\u00f3, pero s\u00e9 que estaba lidiando con algunos problemas fuera del campo de golf<\/strong>. Sigo sin saber qu\u00e9 ha pasado\u201d, coment\u00f3 Jon, que tambi\u00e9n dijo: \u201cLe deseo lo mejor. He pasado momentos muy buenos con Brooks en el campo de golf. Obviamente, en el Masters de 2023, tuvimos ese desempate en 2024 en Greenbrier. [\u2026]<strong>Obviamente, desear\u00eda poder seguir jugando con \u00e9l, pero espero que podamos competir en otros eventos y Majors en el futuro\u201d<\/strong>.<\/p>\n<p>La Ryder cup y sus multas con el DP World Tour<\/p>\n<p data-mrf-recirculation=\"Links P\u00e1rrafos\" class=\"ue-c-article__paragraph paragraph xai-icon-container\">Otro de los temas importantes de cara a 2026 es qu\u00e9 ocurrir\u00e1 con las multas de Jon Rahm en el DP World Tour -del que siempre ha sido miembro- y su elegibilidad para la Ryder Cup, si bien no es el \u00fanico jugador en esta situaci\u00f3n. Actualmente, Jon debe alrededor de 3 millones de d\u00f3lares, y dice tener la esperanza de que las multas \u00abdesaparezcan poco a poco\u00bb. <strong>\u201cNo creo que esta [Bethpage] haya sido mi \u00faltima Ryder Cup\u201d<\/strong>, se\u00f1al\u00f3. \u201c\u00bfCreo que las multas desaparecer\u00e1n por arte de magia? No, no lo creo. Pero creo que desaparecer\u00e1n poco a poco. Yo creo que s\u00ed\u201d. Entonces, le preguntaron si sab\u00eda cu\u00e1nto dinero le reclama el DP World Tour por jugar torneos [los del LIV] no autorizados: \u201cSigo sin estar de acuerdo con las multas. <strong>No s\u00e9 la cifra exacta. Por cada a\u00f1o, digamos un mill\u00f3n y medio de d\u00f3lares por cada a\u00f1o. As\u00ed que tres para m\u00ed\u201d<\/strong>, trat\u00f3 de detallar.<\/p>\n<p>Multar por multar<\/p>\n<p data-mrf-recirculation=\"Links P\u00e1rrafos\" class=\"ue-c-article__paragraph paragraph xai-icon-container\">En este sentido, Jon alucina con los torneos por los que recibe las multas, pues lo sancionan por coincidir los torneos del LIV con los del DPWT, que ni siquiera ten\u00eda previsto jugar ha jugado. <strong>\u201cLo \u00fanico que me preocupa de las multas son los torneos que me multan por jugar, o por no jugar. Nunca los he jugado y nunca los jugar\u00e9. Nunca los jugu\u00e9 cuando estaba en el PGA Tour y probablemente tampoco los jugar\u00e9 en el futuro porque simplemente no formaban parte de mi calendario\u201d<\/strong>, aclar\u00f3. En este sentido, agreg\u00f3: \u201cAparte del a\u00f1o pasado en enero, no jugar\u00eda hasta finales de a\u00f1o [este temporada], cuando tienes el Open de Irlanda y Wentworth, el Open de Espa\u00f1a, etc. As\u00ed que, el hecho de que me multen por eventos a los que nunca he asistido me parece un poco tonto\u201d.<\/p>\n<p>\u00bfCambiar las reglas por \u00e9l?<\/p>\n<p data-mrf-recirculation=\"Links P\u00e1rrafos\" class=\"ue-c-article__paragraph paragraph xai-icon-container\">Rahm se moj\u00f3 sobre si cree que el European Tour cambiar\u00e1 alguna regla para que pueda ser elegible para la Ryder, tanto \u00e9l como otros jugadores europeos. En cualquier caso, si el LIV consigue puntos del ranking mundial este asunto quiz\u00e1 no ser\u00eda tan importante. <strong>\u201cEl problema es que si lo hacen por m\u00ed, tienen que hacerlo por todos. Eso es un problema. No soy solo yo, somos unos quince o veinte. As\u00ed que habr\u00e1 reglas para todos.<\/strong> Algunos renunciaron a su membres\u00eda [del DPWT]. Pero [David] Puig es uno de ellos, por ejemplo. Acaba de unirse [al DPWT]. Lo van a multar por intentar entrar en las Grandes Ligas, lo cual es rid\u00edculo, pero da igual. Alguien que nunca fue miembro\u201d.<\/p>\n<p data-mrf-recirculation=\"Links P\u00e1rrafos\" class=\"ue-c-article__paragraph paragraph xai-icon-container\">El de Barrika ampli\u00f3 su respuesta a m\u00e1s jugadores, incluso no europeos: \u201cTom McKibbin, Tyrrell Hatton, yo mismo. Joaqu\u00edn Niemann. Patrick Reed miembro y muchos sudafricanos eran miembros, junto con Louis Oosthuizen y Dean Burmester y muchos otros. Adrian Meronk. Todos estamos en la misma situaci\u00f3n. As\u00ed que no puedes hacerme un favor y no hac\u00e9rselo a ellos. No s\u00e9 c\u00f3mo va a ser\u201d. En este sentido, Rahm especific\u00f3: <strong>\u201cEs una conversaci\u00f3n entre LIV y el DP World Tour, no son conversaciones individuales. No hablo con ellos directamente\u201d<\/strong>.\u00a0<\/p>\n","protected":false},"excerpt":{"rendered":"El LIV Golf no para de moverse en los despachos. Seg\u00fan el diario brit\u00e1nico The Times, la liga&hellip;\n","protected":false},"author":2,"featured_media":329082,"comment_status":"","ping_status":"","sticky":false,"template":"","format":"standard","meta":{"footnotes":""},"categories":[275],"tags":[168,25,24,329,23,167],"class_list":{"0":"post-329081","1":"post","2":"type-post","3":"status-publish","4":"format-standard","5":"has-post-thumbnail","7":"category-golf","8":"tag-deportes","9":"tag-es","10":"tag-espana","11":"tag-golf","12":"tag-spain","13":"tag-sports"},"share_on_mastodon":{"url":"https:\/\/pubeurope.com\/@es\/115858039261483216","error":""},"_links":{"self":[{"href":"https:\/\/www.europesays.com\/es\/wp-json\/wp\/v2\/posts\/329081","targetHints":{"allow":["GET"]}}],"collection":[{"href":"https:\/\/www.europesays.com\/es\/wp-json\/wp\/v2\/posts"}],"about":[{"href":"https:\/\/www.europesays.com\/es\/wp-json\/wp\/v2\/types\/post"}],"author":[{"embeddable":true,"href":"https:\/\/www.europesays.com\/es\/wp-json\/wp\/v2\/users\/2"}],"replies":[{"embeddable":true,"href":"https:\/\/www.europesays.com\/es\/wp-json\/wp\/v2\/comments?post=329081"}],"version-history":[{"count":0,"href":"https:\/\/www.europesays.com\/es\/wp-json\/wp\/v2\/posts\/329081\/revisions"}],"wp:featuredmedia":[{"embeddable":true,"href":"https:\/\/www.europesays.com\/es\/wp-json\/wp\/v2\/media\/329082"}],"wp:attachment":[{"href":"https:\/\/www.europesays.com\/es\/wp-json\/wp\/v2\/media?parent=329081"}],"wp:term":[{"taxonomy":"category","embeddable":true,"href":"https:\/\/www.europesays.com\/es\/wp-json\/wp\/v2\/categories?post=329081"},{"taxonomy":"post_tag","embeddable":true,"href":"https:\/\/www.europesays.com\/es\/wp-json\/wp\/v2\/tags?post=329081"}],"curies":[{"name":"wp","href":"https:\/\/api.w.org\/{rel}","templated":true}]}}