{"id":329091,"date":"2026-01-08T06:30:17","date_gmt":"2026-01-08T06:30:17","guid":{"rendered":"https:\/\/www.europesays.com\/es\/329091\/"},"modified":"2026-01-08T06:30:17","modified_gmt":"2026-01-08T06:30:17","slug":"cristina-lasvignes-da-el-salto-a-fiesta-como-sustituta-de-emma-garcia-y-se-consolida-como-apuesta-fuerte-de-telecinco","status":"publish","type":"post","link":"https:\/\/www.europesays.com\/es\/329091\/","title":{"rendered":"Cristina Lasvignes da el salto a &#8216;Fiesta&#8217; como sustituta de Emma Garc\u00eda y se consolida como apuesta fuerte de Telecinco"},"content":{"rendered":"<p class=\"ft-text\"><strong>Cristina Lasvignes<\/strong> protagoniz\u00f3 este martes uno de los movimientos televisivos m\u00e1s comentados de la jornada: dio el salto a<strong> \u2018Fiesta\u2019 <\/strong>como sustituta de <a class=\"ft-link ft-link--decoration\" href=\"https:\/\/www.elperiodico.com\/es\/personajes\/emma-garcia-1742822\" target=\"_blank\" rel=\"nofollow noopener\">Emma Garc\u00eda <\/a>en pleno D\u00eda de Reyes, un alto honor dentro de la parrilla de Telecinco que confirma el empuje de la periodista en el grupo.<\/p>\n<p class=\"ft-text\">Su debut frente al magac\u00edn vespertino llega tras una etapa de crecimiento constante en Mediaset, donde ha ido encadenando encargos que demuestran que no es una cara pasajera. Desde que regres\u00f3 a la cadena el pasado junio para cubrir las vacaciones de <strong>Jorge Javier V\u00e1zquez<\/strong> en \u2018El diario de Jorge\u2019, Lasvignes ha ido sumando puntos en la casa.<\/p>\n<p class=\"ft-text\">Tras aquella sustituci\u00f3n prolongada y su actual labor al frente de<strong> &#8216;\u00a1Vaya fama!&#8217;,<\/strong> el hecho de que Telecinco conf\u00ede en ella en fechas se\u00f1aladas como los Reyes Magos refuerza la percepci\u00f3n de que se est\u00e1 convirtiendo en una de las presentadoras \u2018comod\u00edn\u2019 m\u00e1s valoradas de la cadena.<\/p>\n<p class=\"ft-text\">Aun as\u00ed, queda por ver si este papel como relevo de Garc\u00eda se convierte en algo m\u00e1s regular, o si simplemente se trata de un ajuste puntual debido a la inesperada baja de la presentadora, que desconocemos si se prolongar\u00e1 este fin de semana.<\/p>\n","protected":false},"excerpt":{"rendered":"Cristina Lasvignes protagoniz\u00f3 este martes uno de los movimientos televisivos m\u00e1s comentados de la jornada: dio el salto&hellip;\n","protected":false},"author":2,"featured_media":329092,"comment_status":"","ping_status":"","sticky":false,"template":"","format":"standard","meta":{"footnotes":""},"categories":[171],"tags":[7538,7164,12525,6923,146,147,25,24,2328,3142,75941,1434,23,59368,692,214],"class_list":{"0":"post-329091","1":"post","2":"type-post","3":"status-publish","4":"format-standard","5":"has-post-thumbnail","7":"category-tv","8":"tag-cristina","9":"tag-da","10":"tag-emma","11":"tag-emma-garcia","12":"tag-entertainment","13":"tag-entretenimiento","14":"tag-es","15":"tag-espana","16":"tag-fiesta","17":"tag-garcia","18":"tag-lasvignes","19":"tag-salto","20":"tag-spain","21":"tag-sustituta","22":"tag-telecinco","23":"tag-tv"},"share_on_mastodon":{"url":"https:\/\/pubeurope.com\/@es\/115858074648671774","error":""},"_links":{"self":[{"href":"https:\/\/www.europesays.com\/es\/wp-json\/wp\/v2\/posts\/329091","targetHints":{"allow":["GET"]}}],"collection":[{"href":"https:\/\/www.europesays.com\/es\/wp-json\/wp\/v2\/posts"}],"about":[{"href":"https:\/\/www.europesays.com\/es\/wp-json\/wp\/v2\/types\/post"}],"author":[{"embeddable":true,"href":"https:\/\/www.europesays.com\/es\/wp-json\/wp\/v2\/users\/2"}],"replies":[{"embeddable":true,"href":"https:\/\/www.europesays.com\/es\/wp-json\/wp\/v2\/comments?post=329091"}],"version-history":[{"count":0,"href":"https:\/\/www.europesays.com\/es\/wp-json\/wp\/v2\/posts\/329091\/revisions"}],"wp:featuredmedia":[{"embeddable":true,"href":"https:\/\/www.europesays.com\/es\/wp-json\/wp\/v2\/media\/329092"}],"wp:attachment":[{"href":"https:\/\/www.europesays.com\/es\/wp-json\/wp\/v2\/media?parent=329091"}],"wp:term":[{"taxonomy":"category","embeddable":true,"href":"https:\/\/www.europesays.com\/es\/wp-json\/wp\/v2\/categories?post=329091"},{"taxonomy":"post_tag","embeddable":true,"href":"https:\/\/www.europesays.com\/es\/wp-json\/wp\/v2\/tags?post=329091"}],"curies":[{"name":"wp","href":"https:\/\/api.w.org\/{rel}","templated":true}]}}