{"id":329098,"date":"2026-01-08T06:36:17","date_gmt":"2026-01-08T06:36:17","guid":{"rendered":"https:\/\/www.europesays.com\/es\/329098\/"},"modified":"2026-01-08T06:36:17","modified_gmt":"2026-01-08T06:36:17","slug":"hp-presenta-en-ces-2026-una-estrategia-para-el-futuro-del-trabajo-basada-en-ia-movilidad-y-gestion-inteligente","status":"publish","type":"post","link":"https:\/\/www.europesays.com\/es\/329098\/","title":{"rendered":"HP presenta en CES 2026 una estrategia para el futuro del trabajo basada en IA, movilidad y gesti\u00f3n inteligente"},"content":{"rendered":"<p>En un momento en el que la productividad y el compromiso laboral aparecen tensionados por la fatiga tecnol\u00f3gica y la presi\u00f3n constante, <strong><a href=\"https:\/\/www.laecuaciondigital.com\/tag\/hp\" rel=\"nofollow noopener\" target=\"_blank\">HP<\/a><\/strong> ha elegido el <strong><a href=\"https:\/\/www.laecuaciondigital.com\/tag\/ces-2026\" rel=\"nofollow noopener\" target=\"_blank\">CES 2026<\/a><\/strong> de Las Vegas como escenario para plantear una pregunta de fondo: <strong>hasta qu\u00e9 punto el redise\u00f1o del puesto de trabajo puede convertirse en un motor real de crecimiento empresarial<\/strong>. La respuesta que propone la compa\u00f1\u00eda combina nuevos dispositivos con capacidades avanzadas de inteligencia artificial, cambios en la gesti\u00f3n de TI y un discurso que sit\u00faa el bienestar profesional como variable econ\u00f3mica, no solo cultural.<\/p>\n<p>El planteamiento no surge en el vac\u00edo. Datos compartidos por la propia empresa se\u00f1alan que solo uno de cada cinco trabajadores del conocimiento mantiene hoy una relaci\u00f3n saludable con su trabajo, una cifra que contrasta con el aumento de inversi\u00f3n en herramientas digitales durante los \u00faltimos a\u00f1os. Sin embargo, cuando las organizaciones dotan a sus empleados de tecnolog\u00eda percibida como \u00fatil y bien integrada, la probabilidad de una relaci\u00f3n laboral saludable se duplica y se multiplica por cinco si el trabajador percibe una apuesta expl\u00edcita de la empresa por su desarrollo. Sobre esa brecha entre inversi\u00f3n tecnol\u00f3gica y experiencia real se articulan los anuncios realizados esta semana en CES 2026.<\/p>\n<p>Uno de los ejes m\u00e1s visibles es el hardware. HP ha presentado el <strong>EliteBoard G1a<\/strong>, un formato que rompe con la idea tradicional de sobremesa al <strong>integrar un PC con capacidades completas de IA directamente en un teclado<\/strong>. El dispositivo, que ha recibido un reconocimiento a la innovaci\u00f3n en el certamen, apunta a entornos de trabajo h\u00edbridos donde la frontera entre escritorio fijo, sala de reuniones y movilidad se diluye. La apuesta por llevar el procesamiento de IA al dispositivo, sin depender constantemente de la nube, conecta con preocupaciones crecientes sobre latencia, privacidad y continuidad operativa.<\/p>\n<p><a href=\"https:\/\/www.laecuaciondigital.com\/wp-content\/uploads\/2026\/01\/hp-eliteboard-g1a.jpg\" class=\"mfp-image\" rel=\"nofollow noopener\" target=\"_blank\"><img loading=\"lazy\" decoding=\"async\" class=\"size-medium wp-image-65359 lazyload\" src=\"https:\/\/www.europesays.com\/es\/wp-content\/uploads\/2026\/01\/hp-eliteboard-g1a-1024x576.jpg\" alt=\"EliteBoard G1a\" width=\"1024\" height=\"576\" data-  \/><\/a>EliteBoard G1a<\/p>\n<p>Esa misma l\u00f3gica se traslada a la nueva generaci\u00f3n de port\u00e1tiles profesionales. La serie<strong> EliteBook X G2<\/strong> incorpora unidades de procesamiento neuronal capaces de alcanzar hasta 85 TOPS, una cifra que sit\u00faa estos equipos entre los m\u00e1s potentes del mercado para ejecutar aplicaciones de IA de forma simult\u00e1nea y local. El uso de los nuevos procesadores <a href=\"https:\/\/www.laecuaciondigital.com\/destacadas\/snapdragon-x2-plus-refuerza-la-apuesta-de-qualcomm-por-pcs-eficientes-con-ia-local-y-mayor-autonomia\/\" rel=\"nofollow noopener\" target=\"_blank\"><strong>Snapdragon X2 Elite<\/strong><\/a>, desarrollados por Qualcomm, refuerza una tendencia que se acelera: la entrada de arquitecturas ARM en el coraz\u00f3n del PC corporativo, tradicionalmente dominado por x86. Aunque la promesa de mayor eficiencia energ\u00e9tica y autonom\u00eda resulta atractiva, el verdadero desaf\u00edo estar\u00e1 en la compatibilidad de aplicaciones y en la adopci\u00f3n real por parte de los departamentos de TI.<\/p>\n<p><a href=\"https:\/\/www.europesays.com\/es\/wp-content\/uploads\/2026\/01\/hp-EliteBook-X-G2.jpg\" class=\"mfp-image\"><img loading=\"lazy\" decoding=\"async\" class=\"size-full wp-image-65362 lazyload\" src=\"https:\/\/www.europesays.com\/es\/wp-content\/uploads\/2026\/01\/hp-EliteBook-X-G2.jpg\" alt=\"HP EliteBook X G2\" width=\"800\" height=\"680\" data-  \/><\/a>HP EliteBook X G2<\/p>\n<p>En el segmento de consumo, HP ha actualizado toda la <strong>familia OmniBook<\/strong> con estos mismos procesadores y con pantallas OLED, destacando el nuevo <strong>OmniBook 3<\/strong> de 16 pulgadas. La compa\u00f1\u00eda asegura que se trata del port\u00e1til de consumo con pantalla OLED y mayor autonom\u00eda del mercado, un argumento que conecta con usuarios que combinan trabajo creativo, movilidad y ocio en un \u00fanico dispositivo. Sin embargo, la extensi\u00f3n de estas capacidades al gran p\u00fablico tambi\u00e9n plantea interrogantes sobre el valor diferencial de la IA integrada frente a servicios en la nube ya consolidados.<\/p>\n<p>M\u00e1s all\u00e1 del PC, HP ha puesto el foco en un elemento hist\u00f3ricamente perif\u00e9rico pero omnipresente en la oficina: la impresora. Por primera vez, la compa\u00f1\u00eda integra <strong>Microsoft Copilot<\/strong> directamente en dispositivos de impresi\u00f3n de oficina. La funcionalidad permite resumir documentos, traducirlos o clasificarlos desde el propio equipo, sin pasar por el ordenador. La iniciativa sugiere un cambio de enfoque, convertir el hardware tradicional en un nodo inteligente dentro del flujo de trabajo documental. Al mismo tiempo, abre un debate sobre seguridad y gobernanza del dato cuando la IA se distribuye por m\u00faltiples puntos f\u00edsicos de la infraestructura.<\/p>\n<p>Ese \u00e9nfasis en la gesti\u00f3n se refuerza con las novedades de la <strong>Workforce Experience Platform (WXP)<\/strong>. HP ha incorporado capacidades de recuperaci\u00f3n a nivel de firmware que permiten a los equipos de TI resolver incidencias cr\u00edticas incluso cuando un dispositivo no arranca. En un contexto de trabajo distribuido, donde el acceso f\u00edsico al equipo del empleado no siempre es posible, este tipo de herramientas adquiere un peso estrat\u00e9gico. La automatizaci\u00f3n de la gesti\u00f3n, sin embargo, convive con una creciente complejidad t\u00e9cnica que exige nuevas competencias dentro de los propios departamentos de sistemas.<\/p>\n<p>El anuncio que m\u00e1s se aleja del \u00e1mbito estrictamente laboral, pero que revela una estrategia de marca a largo plazo, es la unificaci\u00f3n de <strong>OMEN y HyperX<\/strong> bajo una \u00fanica ense\u00f1a, <strong>HyperX<\/strong>. El lanzamiento del port\u00e1til <strong>HyperX OMEN MAX 16<\/strong>, descrito por la compa\u00f1\u00eda como el m\u00e1s potente del mercado con refrigeraci\u00f3n completamente interna, apunta a un p\u00fablico gamer y creador que demanda altas prestaciones y personalizaci\u00f3n mediante IA. Aunque este segmento no es el n\u00facleo del discurso sobre el futuro del trabajo, s\u00ed refleja c\u00f3mo las tecnolog\u00edas de alto rendimiento acaban filtr\u00e1ndose hacia el entorno profesional, especialmente en \u00e1reas como el dise\u00f1o, la simulaci\u00f3n o el desarrollo de software.<\/p>\n<p>  Te puede interesar<\/p>\n<p>    <a href=\"https:\/\/www.laecuaciondigital.com\/empresas\/mercado\/softbank-completa-su-inversion-de-40-000-millones-en-openai-y-refuerza-su-apuesta-estrategica-por-la-inteligencia-artificial\/\" rel=\"nofollow noopener\" target=\"_blank\"><img loading=\"lazy\" decoding=\"async\" width=\"180\" height=\"180\" class=\"attachment-theissue-thumbnail-x2 size-theissue-thumbnail-x2 thb-lazyload lazyload wp-post-image\" alt=\"Masayoshi Son, Softbank\"  src=\"https:\/\/www.europesays.com\/es\/wp-content\/uploads\/2026\/01\/Nvidia-Is-Undervalued-Softbank-CEO-Masayoshi-Son-Says-0-0-screenshot-180x180.jpg\" data- \/><\/a><\/p>\n<p>En paralelo al producto, HP ha querido subrayar una dimensi\u00f3n menos visible pero cada vez m\u00e1s relevante: la trazabilidad y la sostenibilidad. Con HP Digital Passport, los usuarios pueden consultar el origen de su dispositivo, sus caracter\u00edsticas espec\u00edficas y su impacto ambiental. La iniciativa se apoya en un hito que la empresa destaca como estructural: desde 2019 ha incorporado m\u00e1s de cinco mil millones de libras de materiales reutilizados, reciclados o renovables en productos y embalajes. En un mercado donde la sostenibilidad empieza a influir en decisiones de compra corporativas y en procesos de licitaci\u00f3n p\u00fablica, estos datos adquieren un valor que trasciende la comunicaci\u00f3n.<\/p>\n<p>El enfoque social se completa con el relanzamiento del <strong>Future of Work Accelerator<\/strong> en 2026. Tras operar en 13 pa\u00edses y colaborar con 35 organizaciones desde 2022, el programa vuelve a Estados Unidos y se abre por primera vez a empresas con \u00e1nimo de lucro, con la IA y el futuro del trabajo como ejes. La combinaci\u00f3n de financiaci\u00f3n, hardware y mentor\u00eda sugiere un intento de crear ecosistemas locales de adopci\u00f3n tecnol\u00f3gica, aunque queda por ver c\u00f3mo se medir\u00e1 su impacto a largo plazo y su escalabilidad.<\/p>\n<p>En conjunto, los anuncios de HP en CES 2026 dibujan una visi\u00f3n coherente: <strong>la tecnolog\u00eda como palanca para reconciliar productividad y experiencia humana<\/strong>. Sin embargo, tambi\u00e9n dejan abiertas varias inc\u00f3gnitas. La primera tiene que ver con la adopci\u00f3n real de la IA en el puesto de trabajo, m\u00e1s all\u00e1 del entusiasmo inicial. La segunda, con la capacidad de las organizaciones para gestionar un entorno cada vez m\u00e1s distribuido, inteligente y dependiente del software. Y la tercera, quiz\u00e1 la m\u00e1s compleja, con la traducci\u00f3n de ese discurso de bienestar en m\u00e9tricas econ\u00f3micas que convenzan a los decisores.<\/p>\n<p>El futuro del trabajo que plantea HP no se presenta como una ruptura radical, sino como una suma de ajustes tecnol\u00f3gicos, organizativos y culturales. La cuesti\u00f3n es si esa suma ser\u00e1 suficiente para cerrar la brecha de compromiso que la propia compa\u00f1\u00eda identifica, o si el desaf\u00edo exige transformaciones m\u00e1s profundas en la forma de medir y organizar el trabajo.<\/p>\n","protected":false},"excerpt":{"rendered":"En un momento en el que la productividad y el compromiso laboral aparecen tensionados por la fatiga tecnol\u00f3gica&hellip;\n","protected":false},"author":2,"featured_media":329099,"comment_status":"","ping_status":"","sticky":false,"template":"","format":"standard","meta":{"footnotes":""},"categories":[81],"tags":[119,123,124,25,24,117,121,122,23,118,120],"class_list":{"0":"post-329098","1":"post","2":"type-post","3":"status-publish","4":"format-standard","5":"has-post-thumbnail","7":"category-ciencia-y-tecnologia","8":"tag-ciencia","9":"tag-ciencia-y-tecnologia","10":"tag-cienciaytecnologia","11":"tag-es","12":"tag-espana","13":"tag-science","14":"tag-science-and-technology","15":"tag-scienceandtechnology","16":"tag-spain","17":"tag-technology","18":"tag-tecnologia"},"share_on_mastodon":{"url":"https:\/\/pubeurope.com\/@es\/115858098472741585","error":""},"_links":{"self":[{"href":"https:\/\/www.europesays.com\/es\/wp-json\/wp\/v2\/posts\/329098","targetHints":{"allow":["GET"]}}],"collection":[{"href":"https:\/\/www.europesays.com\/es\/wp-json\/wp\/v2\/posts"}],"about":[{"href":"https:\/\/www.europesays.com\/es\/wp-json\/wp\/v2\/types\/post"}],"author":[{"embeddable":true,"href":"https:\/\/www.europesays.com\/es\/wp-json\/wp\/v2\/users\/2"}],"replies":[{"embeddable":true,"href":"https:\/\/www.europesays.com\/es\/wp-json\/wp\/v2\/comments?post=329098"}],"version-history":[{"count":0,"href":"https:\/\/www.europesays.com\/es\/wp-json\/wp\/v2\/posts\/329098\/revisions"}],"wp:featuredmedia":[{"embeddable":true,"href":"https:\/\/www.europesays.com\/es\/wp-json\/wp\/v2\/media\/329099"}],"wp:attachment":[{"href":"https:\/\/www.europesays.com\/es\/wp-json\/wp\/v2\/media?parent=329098"}],"wp:term":[{"taxonomy":"category","embeddable":true,"href":"https:\/\/www.europesays.com\/es\/wp-json\/wp\/v2\/categories?post=329098"},{"taxonomy":"post_tag","embeddable":true,"href":"https:\/\/www.europesays.com\/es\/wp-json\/wp\/v2\/tags?post=329098"}],"curies":[{"name":"wp","href":"https:\/\/api.w.org\/{rel}","templated":true}]}}