{"id":329106,"date":"2026-01-08T06:40:10","date_gmt":"2026-01-08T06:40:10","guid":{"rendered":"https:\/\/www.europesays.com\/es\/329106\/"},"modified":"2026-01-08T06:40:10","modified_gmt":"2026-01-08T06:40:10","slug":"no-se-han-llevado-sus-cosas-como-si-fuera-un-perro","status":"publish","type":"post","link":"https:\/\/www.europesays.com\/es\/329106\/","title":{"rendered":"No se han llevado sus cosas, como si fuera un perro"},"content":{"rendered":"<p class=\"article-text\">\n        Este mi\u00e9rcoles, durante las celebraciones del d\u00eda de Reyes, <a href=\"https:\/\/www.eldiario.es\/catalunya\/persona-hogar-muere-badalona-plena-ola-frio_1_12889137.html\" target=\"_blank\" data-mrf-recirculation=\"links-noticia\" class=\"link\" rel=\"nofollow noopener\">un hombre sin hogar muri\u00f3 en Badalona en plena ola de fr\u00edo<\/a>. Casi 24 horas despu\u00e9s del deceso, sus pertenencias segu\u00edan en el p\u00e1rquing en el que perdi\u00f3 la vida. Un saco de dormir, una esterilla y algunas mantas, custodiadas por un par de velas que han dejado los vecinos. Tambi\u00e9n hay bolsas de comida; nadie sabe qui\u00e9n las ha puesto all\u00ed, pero se comenta que un buen samaritano puede haberlas dejado como ayuda para la pr\u00f3xima persona que escoja ese rinc\u00f3n como refugio durante la noche.\n    <\/p>\n<p>    <a href=\"https:\/\/www.eldiario.es\/catalunya\/muere-hombre-hogar-barcelona-ola-frio-segundo-catalunya-24-horas_1_12891747.html\" data-mrf-recirculation=\"saber-mas\" data-dl-event=\"saber-mas\" rel=\"nofollow noopener\" target=\"_blank\"><\/p>\n<p class=\"know-more__title\">Muere un hombre sin hogar en Barcelona en ola de fr\u00edo, el segundo en Catalunya en 24 horas<\/p>\n<p>            <img decoding=\"async\" class=\"lazy\" loading=\"lazy\" data-src=\"https:\/\/static.eldiario.es\/clip\/05528625-b45d-481a-8684-f1a839ab3e0e_16-9-aspect-ratio_default_0.jpg\" src=\"data:image\/svg+xml,%3Csvg xmlns=\" http:=\"\" viewbox=\"0 0 880 495\" alt=\"Muere un hombre sin hogar en Barcelona en ola de fr\u00edo, el segundo en Catalunya en 24 horas\"\/><\/p>\n<p>                        <\/a><\/p>\n<p class=\"article-text\">\n        \u201cOjal\u00e1 tenga m\u00e1s suerte el pr\u00f3ximo\u201d, murmura Marta, una vecina de la zona, mientras observa el altar improvisado. \u201cEstamos devastados\u201d, dice. \u201cLe ve\u00edamos casi cada d\u00eda y ahora ya no est\u00e1. Adem\u00e1s, no se han llevado ni sus cosas, como si fuera un perro\u201d, apunta esta mujer, extra\u00f1ada de que la polic\u00eda no retirara sus enseres al levantar el cuerpo.\n    <\/p>\n<p class=\"article-text\">\n        Marta ve\u00eda a menudo al fallecido, que sol\u00eda pernoctar en la entrada de ese p\u00e1rquing, y se enter\u00f3 de su muerte a trav\u00e9s de un grupo de whatsapp de gente del barrio. Informaron porque muchos de los vecinos le conoc\u00edan, sol\u00edan hablar con \u00e9l y dejarle incluso algo de comida. En esas conversaciones, la v\u00edctima, que era de nacionalidad espa\u00f1ola, les cont\u00f3 que su vida cambi\u00f3 radicalmente a ra\u00edz de un divorcio que no pudo gestionar y le hizo acabar en la calle. Seg\u00fan lo que supieron los vecinos, llevaba poco tiempo, apenas unos meses, durmiendo al raso cuando muri\u00f3.\n    <\/p>\n<p class=\"article-text\">\n        Este hombre ha sido la primera persona sin hogar en morir al raso en plena ola de fr\u00edo y, a la espera de que la autopsia confirme lo que sospechan las entidades, v\u00edctima de una hipotermia. Pero pocas horas despu\u00e9s de encontrar su cuerpo,<a href=\"https:\/\/www.eldiario.es\/catalunya\/muere-hombre-hogar-barcelona-ola-frio-segundo-catalunya-24-horas_1_12891747.html\" target=\"_blank\" data-mrf-recirculation=\"links-noticia\" class=\"link\" rel=\"nofollow noopener\"> los Mossos d&#8217;Esquadra hallaron otro cad\u00e1ver, esta vez en Barcelona, sumando as\u00ed dos muertes en menos de 24 horas<\/a>. \u201cEl fr\u00edo hace enfermar muy r\u00e1pido a la gente. Un resfriado com\u00fan se puede convertir en una neumon\u00eda, y eso en algo peor\u201d, sostiene Josep Ventura, miembro de la entidad Badalona Acull.\n    <\/p>\n<p class=\"article-text\">\n        Ventura fue de las primeras personas en saber de la muerte del hombre en Badalona. El martes, hacia las 11 del mediod\u00eda, uno de los vecinos que ten\u00eda buena relaci\u00f3n con la v\u00edctima, le llam\u00f3 por tel\u00e9fono. \u201cMe pidi\u00f3 ayuda, me dijo que estaba fr\u00edo y no sab\u00eda qu\u00e9 hacer. Mientras yo intentaba contactar con Servicios Sociales, le dije que le bajara una taza de caldo. Pero cuando regres\u00f3, ya hab\u00eda fallecido\u201d, recuerda el voluntario.\n    <\/p>\n<p class=\"article-text\">\n        Desde Badalona Acull se\u00f1alan directamente al Ayuntamiento de Xavier Garc\u00eda Albiol, al que acusan de llevar a cabo unas pol\u00edticas \u201caporof\u00f3bicas que buscan perseguir a los pobres hasta el exterminio\u201d. Aseguran, tambi\u00e9n, que han sido incapaces de hablar con el consistorio desde meses antes de que Badalona se pusiera en el centro del debate sobre el sinhogarismo, <a href=\"https:\/\/www.eldiario.es\/catalunya\/marcha-badalona-mayor-desalojo-espana-mossos-echan-400-migrantes-vivian-instituto_1_12829117.html\" target=\"_blank\" data-mrf-recirculation=\"links-noticia\" class=\"link\" rel=\"nofollow noopener\">a ra\u00edz del masivo desalojo del instituto B9<\/a>.\n    <\/p>\n<p class=\"article-text\">\n        \u201cEs una administraci\u00f3n irresponsable, con pol\u00edticas irresponsables que tienen consecuencias desastrosas\u201d, insiste Ventura, que asegura que Servicios Sociales no est\u00e1 acompa\u00f1ando debidamente a las cerca de 300 personas que la entidad calcula que duermen al raso en Badalona. Por su parte, desde el consistorio niegan la mayor y aseguran que el hombre que muri\u00f3 este martes s\u00ed hab\u00eda sido atendido por Servicios Sociales y que, por contra, hab\u00eda denegado la ayuda.\n    <\/p>\n<p class=\"article-text\">\n        \u201cEs la excusa que ponen cuando hay problemas. Y es normal que rechacen la ayuda porque estar en la calle tiene consecuencias graves para la salud mental que les hacen desconfiar de cualquiera\u201d, explica Ventura. \u201cMuchas personas sin hogar se sienten m\u00e1s protegidas y arropadas por los voluntarios y los vecinos que por las administraciones\u201d, a\u00f1ade.\n    <\/p>\n<p class=\"article-text\">\n        Con este comentario, el voluntario hace referencia a la c<a href=\"https:\/\/www.eldiario.es\/sociedad\/sintecho-pasa-noche-pabellon-badalona-abierto-refugio-frio_1_12887145.html\" target=\"_blank\" data-mrf-recirculation=\"links-noticia\" class=\"link\" rel=\"nofollow noopener\">uarentena de personas que siguen bajo el puente de la autopista C-31 tras el desalojo del B9<\/a>, hace ahora tres semanas, y que han rechazado las ofertas de realojo temporal de la Generalitat. Pero tambi\u00e9n es una cr\u00edtica a la respuesta del alcalde Albiol ante el temporal g\u00e9lido.\n    <\/p>\n<p>    <strong>Nadie duerme en el pabell\u00f3n de Albiol<\/strong><\/p>\n<p class=\"article-text\">\n        El mes de diciembre ha venido marcado por dos temporales: uno de lluvias -en el que <a href=\"https:\/\/www.eldiario.es\/catalunya\/badalona-lleva-peor-parte-temporal-area-metropolitana-barcelona_1_12851191.html\" target=\"_blank\" data-mrf-recirculation=\"links-noticia\" class=\"link\" rel=\"nofollow noopener\">Badalona se llev\u00f3 la peor parte<\/a>&#8211; y otro de fr\u00edo. En vista de las inclemencias de tiempo, tanto la oposici\u00f3n del Ayuntamiento como diversas entidades sociales llevaban semanas pidiendo al alcalde que pusiera en marcha la Operaci\u00f3n Fr\u00edo y diera alguna alternativa a las personas sin hogar.\n    <\/p>\n<p class=\"article-text\">\n        Finalmente, esta respuesta se hizo derogar hasta el pasado 4 de enero, cuando Albiol anunci\u00f3 la apertura del pabell\u00f3n la Colina para acoger a quien estuviera en situaci\u00f3n de calle. <a href=\"https:\/\/www.eldiario.es\/sociedad\/sintecho-pasa-noche-pabellon-badalona-abierto-refugio-frio_1_12887145.html\" target=\"_blank\" data-mrf-recirculation=\"links-noticia\" class=\"link\" rel=\"nofollow noopener\">Pero nadie acudi\u00f3 la primera noche<\/a>. En las tres noches que lleva operativa esta soluci\u00f3n, s\u00f3lo ha recibido la visita de tres personas, seg\u00fan apuntan desde Badalona Acull.\n    <\/p>\n<p class=\"article-text\">\n        Se trata del \u00fanico recurso residencial p\u00fablico de la ciudad de Badalona, despu\u00e9s de que Albiol decidiera cerrar en 2024 las puertas de la antigua mas\u00eda de Can Bof\u00ed Vell, un centro que acog\u00eda a 45 personas. A pesar de eso, este mi\u00e9rcoles al mediod\u00eda, a penas un d\u00eda despu\u00e9s de la muerte del hombre que dorm\u00eda en el p\u00e1rquing y con temperaturas muy por debajo de la media, tampoco hab\u00eda nadie en el pabell\u00f3n.\n    <\/p>\n<p class=\"article-text\">\n        \u201cEs un dispositivo mal hecho. Est\u00e1 lejos, cuesta llegar y no hay nada dentro. Vienen d\u00edas muy peligrosos y Albiol no sabe gestionarlos\u201d, sostiene A\u00efda Llaurad\u00f3, l\u00edder del grupo municipal de Badalona en Com\u00fa y quien hizo p\u00fablico el deceso del martes a trav\u00e9s de su cuenta de X.\n    <\/p>\n<p class=\"article-text\">\n        El Ayuntamiento niega la entrada al pabell\u00f3n tanto a periodistas como a entidades, pero estas aseguran -seg\u00fan lo que les han podido contar las pocas personas que han acudido a las instalaciones- que la primera noche no hab\u00eda camas ni se sirvieron comidas calientes. Desde el consistorio desmienten estas afirmaciones -sin aportar m\u00e1s datos.\n    <\/p>\n<blockquote class=\"twitter-tweet\" data-lang=\"es\"><p><a href=\"https:\/\/twitter.com\/X\/status\/2008294383154553136?ref_src=twsrc%5Etfw\" rel=\"nofollow noopener\" target=\"_blank\"><\/p><\/blockquote>\n<p class=\"article-text\">\n        Por su parte, Albiol public\u00f3 en X una fotograf\u00eda durante la segunda noche, en la que se ve\u00eda una imagen del polideportivo con mesas y apenas una quincena de camas -cuando en Badalona se cuentan m\u00e1s de 300 personas sin hogar- con el logotipo de la Cruz Roja.\n    <\/p>\n<p class=\"article-text\">\n        \u201cYo ni loco voy all\u00ed\u201d, sostiene, contundente, Amin. Este joven, que reh\u00faye dar su nombre real, vive en la calle desde hace seis meses y subsiste haciendo \u201ctrabajitos\u201d. Aunque no lee la prensa ni ha recibido ninguna visita de Servicios Sociales, se ha enterado de la apertura del pabell\u00f3n la Colina. Pero est\u00e1 demasiado lejos (a m\u00e1s de 45 minutos andando del centro). \u201c\u00bfPara qu\u00e9? Si dicen que no dan comida\u2026No me f\u00edo\u201d, sostiene.\n    <\/p>\n<p>    <a href=\"https:\/\/www.eldiario.es\/sociedad\/sintecho-pasa-noche-pabellon-badalona-abierto-refugio-frio_1_12887145.html\" data-mrf-recirculation=\"saber-mas-abajo\" data-dl-event=\"saber-mas-abajo\" rel=\"nofollow noopener\" target=\"_blank\"><\/p>\n<p class=\"know-more__title\">Ning\u00fan sintecho pasa la noche en el pabell\u00f3n de Badalona abierto como refugio por el fr\u00edo<\/p>\n<p>            <img decoding=\"async\" class=\"lazy\" loading=\"lazy\" data-src=\"https:\/\/static.eldiario.es\/clip\/7ea11cb8-47f8-468b-992b-8d9e57e03cc0_16-9-aspect-ratio_default_0.jpg\" src=\"data:image\/svg+xml,%3Csvg xmlns=\" http:=\"\" viewbox=\"0 0 880 495\" alt=\"Ning\u00fan sintecho pasa la noche en el pabell\u00f3n de Badalona abierto como refugio por el fr\u00edo\"\/><\/p>\n<p>                        <\/a><\/p>\n<p class=\"article-text\">\n        De lo que no se hab\u00eda enterado Amin es de la muerte de un hombre en un parking situado apenas a tres calles de donde hoy \u00e9l est\u00e1 pidiendo limosna. Se lo dijo una vecina que, cada d\u00eda, cuando sale de su casa, le saluda. A veces tambi\u00e9n le lleva un caf\u00e9 y un bocadillo, como el que se est\u00e1 comiendo ahora. Mientras habla con este medio, se le acerca otra mujer, ya casi anciana, a saludarle. \u201c\u00a1Buen provecho!\u201d, le dice. Y, despu\u00e9s de una pausa dubitativa, a\u00f1ade: \u201cY\u2026 Abr\u00edgate, por favor\u201d.\n    <\/p>\n<p>                                    <script async src=\"https:\/\/platform.twitter.com\/widgets.js\" charset=\"utf-8\"><\/script><\/p>\n","protected":false},"excerpt":{"rendered":"Este mi\u00e9rcoles, durante las celebraciones del d\u00eda de Reyes, un hombre sin hogar muri\u00f3 en Badalona en plena&hellip;\n","protected":false},"author":2,"featured_media":329107,"comment_status":"","ping_status":"","sticky":false,"template":"","format":"standard","meta":{"footnotes":""},"categories":[5],"tags":[517,210,17,18,1980,95,25,24,13,14,11,1982,19,20,9,10,15,16,1981,952,23,12,21,22],"class_list":{"0":"post-329106","1":"post","2":"type-post","3":"status-publish","4":"format-standard","5":"has-post-thumbnail","7":"category-titulares","8":"tag-actualidad","9":"tag-barcelona","10":"tag-breaking-news","11":"tag-breakingnews","12":"tag-cataluna","13":"tag-economia","14":"tag-es","15":"tag-espana","16":"tag-featured-news","17":"tag-featurednews","18":"tag-headlines","19":"tag-ignacio-escolar","20":"tag-latest-news","21":"tag-latestnews","22":"tag-news","23":"tag-noticias","24":"tag-noticias-destacadas","25":"tag-noticiasdestacadas","26":"tag-periodismo-independiente","27":"tag-politica","28":"tag-spain","29":"tag-titulares","30":"tag-ultimas-noticias","31":"tag-ultimasnoticias"},"share_on_mastodon":{"url":"https:\/\/pubeurope.com\/@es\/115858113994699738","error":""},"_links":{"self":[{"href":"https:\/\/www.europesays.com\/es\/wp-json\/wp\/v2\/posts\/329106","targetHints":{"allow":["GET"]}}],"collection":[{"href":"https:\/\/www.europesays.com\/es\/wp-json\/wp\/v2\/posts"}],"about":[{"href":"https:\/\/www.europesays.com\/es\/wp-json\/wp\/v2\/types\/post"}],"author":[{"embeddable":true,"href":"https:\/\/www.europesays.com\/es\/wp-json\/wp\/v2\/users\/2"}],"replies":[{"embeddable":true,"href":"https:\/\/www.europesays.com\/es\/wp-json\/wp\/v2\/comments?post=329106"}],"version-history":[{"count":0,"href":"https:\/\/www.europesays.com\/es\/wp-json\/wp\/v2\/posts\/329106\/revisions"}],"wp:featuredmedia":[{"embeddable":true,"href":"https:\/\/www.europesays.com\/es\/wp-json\/wp\/v2\/media\/329107"}],"wp:attachment":[{"href":"https:\/\/www.europesays.com\/es\/wp-json\/wp\/v2\/media?parent=329106"}],"wp:term":[{"taxonomy":"category","embeddable":true,"href":"https:\/\/www.europesays.com\/es\/wp-json\/wp\/v2\/categories?post=329106"},{"taxonomy":"post_tag","embeddable":true,"href":"https:\/\/www.europesays.com\/es\/wp-json\/wp\/v2\/tags?post=329106"}],"curies":[{"name":"wp","href":"https:\/\/api.w.org\/{rel}","templated":true}]}}