{"id":329108,"date":"2026-01-08T06:44:08","date_gmt":"2026-01-08T06:44:08","guid":{"rendered":"https:\/\/www.europesays.com\/es\/329108\/"},"modified":"2026-01-08T06:44:08","modified_gmt":"2026-01-08T06:44:08","slug":"federacion-chilena-de-golf-noticias-16","status":"publish","type":"post","link":"https:\/\/www.europesays.com\/es\/329108\/","title":{"rendered":"Federaci\u00f3n Chilena de Golf &#8211; Noticias"},"content":{"rendered":"<p>El II Abierto Senior y Socios del Club de Golf Cachagua 2026 culmin\u00f3 este martes con una jornada final de alto vuelo, donde el profesional Cristi\u00e1n Le\u00f3n firm\u00f3 una exhibici\u00f3n magistral para coronarse campe\u00f3n de la categor\u00eda Profesionales Senior.<\/p>\n<p>Con un espl\u00e9ndido recorrido de 65 golpes (-7), compuesto por ocho birdies y un \u00fanico bogey, Le\u00f3n no solo asegur\u00f3 el t\u00edtulo, sino que lo hizo con una ventaja abrumadora de seis golpes sobre el segundo lugar, consolidando una remontada tan potente como autoritaria.<\/p>\n<p>En la categor\u00eda de Varones Senior, Ignacio Basagoit\u00eda confirm\u00f3 su jerarqu\u00eda con una s\u00f3lida tarjeta final de 69 golpes (-3), que incluy\u00f3 seis birdies y tres bogeys. Este desempe\u00f1o le permiti\u00f3 alzarse con el triunfo con un acumulado de -1, dejando una c\u00f3moda ventaja de nueve golpes sobre el subcampe\u00f3n, Jorge Langerfeldt, quien cerr\u00f3 su participaci\u00f3n con +8.<\/p>\n<p>Por su parte, en Varones S\u00faper Senior, Juan de Dios Ortuzar logr\u00f3 confirmar su liderato tras una ronda de 82 golpes, asegurando el t\u00edtulo con una diferencia de tres golpes sobre Pablo Alemparte, quien finaliz\u00f3 como runner-up en esta categor\u00eda.<\/p>\n<p>El cuadro de honor se complet\u00f3 con los triunfos netos de Alejandro \u00c1lvarez en Varones Senior y Walter Mart\u00ednez en S\u00faper Senior, cerrando de manera sobresaliente la premiaci\u00f3n de este torneo.<\/p>\n<p>Con la conclusi\u00f3n exitosa del Abierto Senior y Socios, la programaci\u00f3n de actividades en el Club de Golf Cachagua contin\u00faa. La atenci\u00f3n se traslada ahora a los torneos Pro-Am, que servir\u00e1n como antesala perfecta para el inicio del esperado Abierto General del C.G. Cachagua, cuya competencia dar\u00e1 inicio el pr\u00f3ximo viernes.<\/p>\n<p><a href=\"https:\/\/abiertocachagua.cl\/2026-senior\/resultados\" target=\"_blank\" rel=\"noopener nofollow\"><strong>RESULTADOS<\/strong><\/a><\/p>\n<p>\n\t\t\t\t\t\t\t\t\t\t\t\t\t\t\t\t\t\tPublicado el<br \/>\n\t\t\t\t\t\t\t\t\t\t\t\t\t\t\t\t\t\t<b><br \/>\n\t\t\t\t\t\t\t\t\t\t\t\t\t\t\t\t\t\t06 de enero, 2026\t\t\t\t\t\t\t\t\t<\/b>\n\t\t\t\t\t\t\t\t<\/p>\n","protected":false},"excerpt":{"rendered":"El II Abierto Senior y Socios del Club de Golf Cachagua 2026 culmin\u00f3 este martes con una jornada&hellip;\n","protected":false},"author":2,"featured_media":329109,"comment_status":"","ping_status":"","sticky":false,"template":"","format":"standard","meta":{"footnotes":""},"categories":[275],"tags":[2047,28552,28549,168,25,24,28550,28551,329,19127,20793,23,167],"class_list":{"0":"post-329108","1":"post","2":"type-post","3":"status-publish","4":"format-standard","5":"has-post-thumbnail","7":"category-golf","8":"tag-chile","9":"tag-chile-golf","10":"tag-chilegolf","11":"tag-deportes","12":"tag-es","13":"tag-espana","14":"tag-fcg","15":"tag-federacion-chilena-de-golf","16":"tag-golf","17":"tag-handicap","18":"tag-indice","19":"tag-spain","20":"tag-sports"},"share_on_mastodon":{"url":"https:\/\/pubeurope.com\/@es\/115858129738099003","error":""},"_links":{"self":[{"href":"https:\/\/www.europesays.com\/es\/wp-json\/wp\/v2\/posts\/329108","targetHints":{"allow":["GET"]}}],"collection":[{"href":"https:\/\/www.europesays.com\/es\/wp-json\/wp\/v2\/posts"}],"about":[{"href":"https:\/\/www.europesays.com\/es\/wp-json\/wp\/v2\/types\/post"}],"author":[{"embeddable":true,"href":"https:\/\/www.europesays.com\/es\/wp-json\/wp\/v2\/users\/2"}],"replies":[{"embeddable":true,"href":"https:\/\/www.europesays.com\/es\/wp-json\/wp\/v2\/comments?post=329108"}],"version-history":[{"count":0,"href":"https:\/\/www.europesays.com\/es\/wp-json\/wp\/v2\/posts\/329108\/revisions"}],"wp:featuredmedia":[{"embeddable":true,"href":"https:\/\/www.europesays.com\/es\/wp-json\/wp\/v2\/media\/329109"}],"wp:attachment":[{"href":"https:\/\/www.europesays.com\/es\/wp-json\/wp\/v2\/media?parent=329108"}],"wp:term":[{"taxonomy":"category","embeddable":true,"href":"https:\/\/www.europesays.com\/es\/wp-json\/wp\/v2\/categories?post=329108"},{"taxonomy":"post_tag","embeddable":true,"href":"https:\/\/www.europesays.com\/es\/wp-json\/wp\/v2\/tags?post=329108"}],"curies":[{"name":"wp","href":"https:\/\/api.w.org\/{rel}","templated":true}]}}