{"id":329114,"date":"2026-01-08T06:50:11","date_gmt":"2026-01-08T06:50:11","guid":{"rendered":"https:\/\/www.europesays.com\/es\/329114\/"},"modified":"2026-01-08T06:50:11","modified_gmt":"2026-01-08T06:50:11","slug":"primeras-palabras-de-joaquin-prat-tras-anunciar-que-sera-padre-con-alexia-pla-me-llaman-papuchi","status":"publish","type":"post","link":"https:\/\/www.europesays.com\/es\/329114\/","title":{"rendered":"Primeras palabras de Joaqu\u00edn Prat tras anunciar que ser\u00e1 padre con Alexia Pla: \u00abMe llaman Papuchi\u00bb"},"content":{"rendered":"<p id=\"ew-hWl3ylIx\" data-wc=\"80\">Joaqu\u00edn Prat desped\u00eda el 2025 de la mejor manera posible compartiendo que ser\u00eda padre junto a Alexia Pla. <a class=\"hm-link ho-link\" href=\"https:\/\/www.hola.com\/actualidad\/20251231875621\/joaquin-prat-alexia-pla-anuncia-embarazo\/\" data-mrf-recirculation=\"article-body-link\" rel=\"nofollow noopener\" target=\"_blank\">\u00abTodo en un latido\u00bb, escrib\u00eda el periodista<\/a>, acompa\u00f1ando a una divertida imagen junto a su prometida, donde se ve\u00eda a ambos con gorras a juego donde se le\u00edan &#8216;pap\u00e1&#8217; y &#8216;mam\u00e1&#8217;, respectivamente. Este mi\u00e9rcoles, una semana despu\u00e9s \u2014ya de vuelta en la redacci\u00f3n de\u00a0El tiempo justo\u2014, el periodista ha expresado la felicidad plena que siente en esta etapa de su vida.\u00a0<\/p>\n<p> <img src=\"https:\/\/www.europesays.com\/es\/wp-content\/uploads\/2026\/01\/be4add65514a-prat-editada-gtres.jpg\"   width=\"690\" height=\"1024\" loading=\"lazy\" decoding=\"async\" alt=\"Joaqu\u00edn Prat y Alexia Pla\" fetchpriority=\"auto\" class=\"image ho-image\"\/>\u00a9 GTRES<\/p>\n<p id=\"e_5MZ3mdwH2\" data-wc=\"99\">Ha sido durante una c<a class=\"hm-link ho-link\" href=\"https:\/\/www.hola.com\/actualidad\/20250731847671\/joaquin-pratdespedida-reaccion-de-patricia-pardo-sin-pelos-en-la-lengua\/\" data-mrf-recirculation=\"article-body-link\" rel=\"nofollow noopener\" target=\"_blank\">onexi\u00f3n para Vamos a ver, su antiguo programa<\/a>, donde Joaqu\u00edn ha dejado entrever lo especial que es para \u00e9l este beb\u00e9. Antes de explicar la din\u00e1mica de lo que ocurrir\u00eda hoy en El tiempo justo, el periodista ha confesado que tanto \u00e9l como Alexia \u00abnos sentimos bendecidos\u00bb. \u00abEs un ni\u00f1o o ni\u00f1a muy deseado, que lo llevamos buscando desde hace tiempo\u00bb, indica, subrayando que su chica \u00abest\u00e1 perfecta\u00bb, al igual que \u00abla peque, o el peque\u00bb. \u00abEsperemos que todo vaya bien, que venga sano o sana. Que descubra que la vida es maravillosa\u00bb, ha confesado.\u00a0<\/p>\n<p> <img src=\"https:\/\/www.europesays.com\/es\/wp-content\/uploads\/2026\/01\/89c05c4acadd-saveclipapp4618005921068662180926067389750389212906651n.jpg\"   width=\"819\" height=\"1024\" loading=\"lazy\" decoding=\"async\" alt=\"Joaquin Prat y Alexia Pla \" fetchpriority=\"auto\" class=\"image ho-image\"\/>\u00a9 @joaquinprat<\/p>\n<p id=\"eesh3DRZenu\" data-wc=\"107\">M\u00e1s tarde, ya desde el plat\u00f3 de su programa, el periodista ha agradecido todos los mensajes de apoyo por parte de sus seguidores. \u00abSolo les quer\u00eda dar las gracias a todos aquellos que me han mandado todo su cari\u00f1o sin conocerme realmente de nada\u00bb, ha expresado. Adem\u00e1s, ha cargado contra los que han dejado comentarios negativos acerca de esta importante noticia para \u00e9l y su prometida. \u00abTengo fuerza de sobra, a pesar de que cuando nazca tendr\u00e9 51 a\u00f1os, para hacerme cargo de \u00e9l o ella\u00bb, comenzaba, asegurando que \u00abaquellos que ya me llaman &#8216;Papuchi&#8217; que no se preocupen, que &#8216;Papuchi&#8217; tiene mucha guerra que dar todav\u00eda\u00bb.\u00a0<\/p>\n<p>Anuncio sutil<\/p>\n<p id=\"eO5x9dCAyh\" data-wc=\"81\">Si bien Joaqu\u00edn siempre opta por no dar muchos detalles de su vida personal, este acontecimiento merec\u00eda ser gritado a los cuatro vientos. Fue el 31 de diciembre cuando, contrario a su estilo, el presentador compart\u00eda que este 2026 ser\u00edan uno m\u00e1s en la familia. En la imagen, que tanto el presentador como su prometida compartieron en sus perfiles, est\u00e1n posando en el borde de una infinity pool con el mar cristalino de un precioso azul turquesa como tel\u00f3n de fondo.<\/p>\n<p> <img src=\"https:\/\/www.europesays.com\/es\/wp-content\/uploads\/2026\/01\/ac791792878b-saveclipapp609945038185489631700187756436736824993273794n.jpg\"   width=\"815\" height=\"1024\" loading=\"lazy\" decoding=\"async\" alt=\"Joaqu\u00edn Prat  y Alexia Pla anuncian que van a ser padres\" fetchpriority=\"auto\" class=\"image ho-image\"\/>\u00a9 @joaquinprat<\/p>\n<p id=\"e7eNoRzylp4\" data-wc=\"65\">Un enclave paradis\u00edaco a la altura de la noticia, en el que los protagonistas comparten un \u00edntimo abrazo vistiendo dos gorras que revelaban que ser\u00edan padres. La publicaci\u00f3n se llen\u00f3 de mensajes de cari\u00f1o y buenos deseos para esta nueva y emocionante etapa. Jes\u00fas V\u00e1zquez, Canales Rivera o Elsa Anka fueron algunos de los compa\u00f1eros de profesi\u00f3n que expresaron sus enhorabuenas dirigidas a la pareja.<\/p>\n<p>Su pilar fundamental<\/p>\n<p id=\"eMLcOZ-g9L\" data-wc=\"61\">Joaqu\u00edn y Alexia comenzaron su relaci\u00f3n hace tres a\u00f1os y, tal y como <a class=\"hm-link ho-link\" href=\"https:\/\/www.hola.com\/actualidad\/20250910854658\/joaquin-prat-nos-descubre-que-se-casa-con-alexia-pla\/\" data-mrf-recirculation=\"article-body-link\" rel=\"nofollow noopener\" target=\"_blank\">nos confesaba el periodista en septiembre, estaba comprometido con su pareja<\/a>. \u00abS\u00ed, le he pedido matrimonio\u00bb, afirmaba en nuestra conversaci\u00f3n. \u00abQuiero casarme y me gustar\u00eda ser padre con ella. Esto lo saben todos nuestros amigos\u00bb, indicaba, lo que confirma sus ganas de tener un hijo con su chica.\u00a0<\/p>\n<p> <img src=\"https:\/\/www.europesays.com\/es\/wp-content\/uploads\/2026\/01\/097dacba5e51-saveclipapp48453191918491402485018775471352541562127719n.jpg\"   width=\"819\" height=\"1024\" loading=\"lazy\" decoding=\"async\" alt=\"Joaquin Prat y Alexia Pla \" fetchpriority=\"auto\" class=\"image ho-image\"\/>\u00a9 @joaquinprat<\/p>\n<p id=\"eocieNSSvn\" data-wc=\"35\">\u00abEs la mejor persona que he conocido. Es la familia que he elegido\u00bb, afirmaba con firmeza sobre la copropietaria de dos centros de est\u00e9tica en Castell\u00f3n de la Plana e Ibiza, quien ocupa su coraz\u00f3n.\u00a0<\/p>\n<p>Ya es padre<\/p>\n<p id=\"eDLBCTroDC\" data-wc=\"56\">Si bien es su primer hijo con Alexia, Joaqu\u00edn ya es padre. Su primog\u00e9nito, fruto de su relaci\u00f3n con Yolanda Bravo \u2014con quien rompi\u00f3 en 2021\u2014, que tiene ya diez a\u00f1os, es el ahijado de su gran amiga y compa\u00f1era Ana Rosa Quintana. En esa misma entrevista, expresaba con orgullo que su peque\u00f1o estaba \u00abmuy enorme\u00bb.<\/p>\n<p> <img src=\"https:\/\/www.europesays.com\/es\/wp-content\/uploads\/2026\/01\/2d2e5fb9c7fc-saveclipapp37560340010884397688091117862722886316668278n.jpg\"   width=\"819\" height=\"1024\" loading=\"lazy\" decoding=\"async\" alt=\"Joaquin Prat y Alexia Pla \" fetchpriority=\"auto\" class=\"image ho-image\"\/>\u00a9 @joaquinprat<\/p>\n<p id=\"eNjo072Apg\" data-wc=\"67\">Adem\u00e1s, <a class=\"hm-link ho-link\" href=\"https:\/\/www.hola.com\/actualidad\/20241003721984\/joaquin-prat-nuevas-imagenes-al-lado-de-alexia-pla\/\" data-mrf-recirculation=\"article-body-link\" rel=\"nofollow noopener\" target=\"_blank\">explicaba que es \u00abmenos\u00bb estricto \u00abde lo que deber\u00eda\u00bb<\/a>. Sobre si seguir\u00e1 la estela familiar de los Prat en el mundo de la comunicaci\u00f3n, Joaqu\u00edn explicaba \u00abque haga lo que le haga feliz\u00bb. \u00abEs bueno en matem\u00e1ticas y el futuro pasa por las matem\u00e1ticas\u00bb, explicaba, confesando que \u00abdeber\u00eda explotar\u00bb su talento. \u00abNi periodista ni leches en vinagre\u00bb, comentaba divertido, \u00abpero que sea lo que quiera ser\u00bb.\u00a0<\/p>\n<p> <img src=\"https:\/\/www.europesays.com\/es\/wp-content\/uploads\/2026\/01\/129b1dfeffc1-saveclipapp46195059712156217597670556404062924181901741n.jpg\"   width=\"819\" height=\"1024\" loading=\"lazy\" decoding=\"async\" alt=\"Joaquin Prat y Alexia Pla\" fetchpriority=\"auto\" class=\"image ho-image\"\/>\u00a9 @joaquinprat<\/p>\n<p id=\"eRonJMNVsX\" data-wc=\"52\">Es m\u00e1s, ni se preocupa por la importancia de su padre en el \u00e1mbito televisivo. \u00abLe da igual. Ni me ve ni me pregunta\u00bb, confiesa. \u00abA veces, en la cena, me pregunta de qu\u00e9 hemos hablado en la tele. Pero la dimensi\u00f3n medi\u00e1tica de su padre se la trae al pairo\u00bb, termina.<\/p>\n","protected":false},"excerpt":{"rendered":"Joaqu\u00edn Prat desped\u00eda el 2025 de la mejor manera posible compartiendo que ser\u00eda padre junto a Alexia Pla.&hellip;\n","protected":false},"author":2,"featured_media":329115,"comment_status":"","ping_status":"","sticky":false,"template":"","format":"standard","meta":{"footnotes":""},"categories":[174],"tags":[517,255,146,147,25,24,256,8494,23],"class_list":{"0":"post-329114","1":"post","2":"type-post","3":"status-publish","4":"format-standard","5":"has-post-thumbnail","7":"category-famosos","8":"tag-actualidad","9":"tag-celebrities","10":"tag-entertainment","11":"tag-entretenimiento","12":"tag-es","13":"tag-espana","14":"tag-famosos","15":"tag-joaquin-prat","16":"tag-spain"},"share_on_mastodon":{"url":"https:\/\/pubeurope.com\/@es\/115858153942796044","error":""},"_links":{"self":[{"href":"https:\/\/www.europesays.com\/es\/wp-json\/wp\/v2\/posts\/329114","targetHints":{"allow":["GET"]}}],"collection":[{"href":"https:\/\/www.europesays.com\/es\/wp-json\/wp\/v2\/posts"}],"about":[{"href":"https:\/\/www.europesays.com\/es\/wp-json\/wp\/v2\/types\/post"}],"author":[{"embeddable":true,"href":"https:\/\/www.europesays.com\/es\/wp-json\/wp\/v2\/users\/2"}],"replies":[{"embeddable":true,"href":"https:\/\/www.europesays.com\/es\/wp-json\/wp\/v2\/comments?post=329114"}],"version-history":[{"count":0,"href":"https:\/\/www.europesays.com\/es\/wp-json\/wp\/v2\/posts\/329114\/revisions"}],"wp:featuredmedia":[{"embeddable":true,"href":"https:\/\/www.europesays.com\/es\/wp-json\/wp\/v2\/media\/329115"}],"wp:attachment":[{"href":"https:\/\/www.europesays.com\/es\/wp-json\/wp\/v2\/media?parent=329114"}],"wp:term":[{"taxonomy":"category","embeddable":true,"href":"https:\/\/www.europesays.com\/es\/wp-json\/wp\/v2\/categories?post=329114"},{"taxonomy":"post_tag","embeddable":true,"href":"https:\/\/www.europesays.com\/es\/wp-json\/wp\/v2\/tags?post=329114"}],"curies":[{"name":"wp","href":"https:\/\/api.w.org\/{rel}","templated":true}]}}