{"id":329118,"date":"2026-01-08T06:53:18","date_gmt":"2026-01-08T06:53:18","guid":{"rendered":"https:\/\/www.europesays.com\/es\/329118\/"},"modified":"2026-01-08T06:53:18","modified_gmt":"2026-01-08T06:53:18","slug":"acusa-a-los-antifranquistas-de-blanquear-a-maduro","status":"publish","type":"post","link":"https:\/\/www.europesays.com\/es\/329118\/","title":{"rendered":"acusa a los antifranquistas de blanquear a Maduro"},"content":{"rendered":"<p>                                    <img decoding=\"async\" loading=\"lazy\" src=\"https:\/\/www.europesays.com\/es\/wp-content\/uploads\/2026\/01\/68d14407b3b8c.jpeg\" alt=\"Luis Sordo\" width=\"40\" height=\"40\" data-full-src=\"https:\/\/www.europesays.com\/es\/wp-content\/uploads\/2026\/01\/68d14407b3b8c.jpeg\"\/><\/p>\n<p class=\"paragraph\">La ma\u00f1ana televisiva de Cuatro volvi\u00f3 a convertirse este 7 de enero de 2026 en un campo de batalla pol\u00edtico. El programa <b>En boca de todos,<\/b> conducido por Nacho Abad, vivi\u00f3 uno de sus momentos m\u00e1s tensos cuando el secretario general del PP de Madrid, <b>Alfonso Serrano<\/b>, protagoniz\u00f3 un dur\u00edsimo enfrentamiento con la tertuliana <b>Sarah Santaolalla<\/b>, elevando el tono hasta niveles dif\u00edciles de digerir incluso para los espectadores m\u00e1s curtidos en la bronca televisiva.<\/p>\n<p class=\"paragraph\">El punto de m\u00e1xima tensi\u00f3n lleg\u00f3 cuando Serrano, visiblemente alterado, lanz\u00f3 una frase que ya se ha convertido en viral:<\/p>\n<p class=\"c-detail__cite full \">\n<p>\u201cTodos los mayores antifranquistas lo que est\u00e1n haciendo es defender un gobierno corrupto y dictatorial como es el de Maduro\u201d.Alfonso Serrano<\/p>\n<p class=\"paragraph\">Una afirmaci\u00f3n directa, <b>sin matices y con clara intenci\u00f3n pol\u00edtica<\/b>, que buscaba retratar \u2014seg\u00fan el dirigente popular\u2014 la incoherencia de una parte de la izquierda espa\u00f1ola: feroz contra el franquismo hist\u00f3rico pero, a su juicio, indulgente con dictaduras actuales como la venezolana.<\/p>\n<p class=\"paragraph\">Las im\u00e1genes difundidas por la cuenta oficial del programa (@EnBocaDe_Todos) muestran a<b> Serrano se\u00f1alando con el dedo a su interlocutora mientras pronunciaba la frase<\/b>, en un clima de interrupciones constantes y reproches cruzados. Santaolalla, fiel a su estilo combativo, replic\u00f3 con vehemencia, aunque el clip que circula por redes destaca sobre todo la intervenci\u00f3n del dirigente del PP. Nacho Abad intent\u00f3, sin demasiado \u00e9xito, reconducir el debate.<\/p>\n<p>            <a href=\"#\" title=\"\"><\/p>\n<p>                    <img loading=\"lazy\" decoding=\"async\" data-index=\"\" width=\"140\" height=\"140\" alt=\"Jos\u00e9 Luis Rodr\u00edguez Zapatero y Delcy Rodr\u00edguez\" data-full=\"[object Object]\" data-original=\"[object Object]\" src=\"https:\/\/imagenes.esdiario.com\/files\/related_image\/uploads\/2026\/01\/07\/695e61274f16d.jpeg\" data-full-src=\"https:\/\/www.europesays.com\/es\/wp-content\/uploads\/2026\/01\/695e61274f16d.jpeg\"\/><\/p>\n<p>            <\/a><\/p>\n<p class=\"paragraph\">El choque se produc\u00eda en una jornada especialmente cargada por la actualidad internacional. <b>Desde que Donald Trump regres\u00f3 a la Casa Blanca y orden\u00f3 la operaci\u00f3n que culmin\u00f3 con la captura de Nicol\u00e1s Maduro en Venezuela,<\/b> el presidente estadounidense ha multiplicado sus advertencias al continente: menciones a Colombia, insinuando incluso una posible invasi\u00f3n; a Cuba, asegurando que \u201cest\u00e1 a punto de caer\u201d; a M\u00e9xico, por el narcotr\u00e1fico; e incluso a Groenlandia, reiterando su viejo inter\u00e9s estrat\u00e9gico. Un c\u00f3ctel explosivo que ha dominado tertulias y an\u00e1lisis en Espa\u00f1a.<\/p>\n<p class=\"paragraph\">En el plat\u00f3 de Cuatro, ese contexto sirvi\u00f3 de gasolina para un debate que pronto deriv\u00f3 en <b>acusaciones ideol\u00f3gicas<\/b>. Serrano denunci\u00f3 lo que considera un doble rasero moral de la izquierda espa\u00f1ola, mientras Santaolalla trataba de desmontar su discurso entre constantes interrupciones. El resultado fue una<b> escena ca\u00f3tica que muchos espectadores <\/b>calificaron en redes como \u201cinsoportable\u201d.<\/p>\n<p>            <a href=\"#\" title=\"\"><\/p>\n<p>                    <img loading=\"lazy\" decoding=\"async\" data-index=\"\" width=\"140\" height=\"140\" alt=\"(Foto de ARCHIVO)&#13;&#10;October 7, 2025, Washington, District Of Columbia, USA: United States President Donald J Trump makes remarks to the media as he meets with Prime Minister Mark Carney of Canada in the Oval Office of the White House in Washington, DC, USA, 07 October 2025. The two are expected to discuss the Trump administration\u00e2\u20acs tariffs on Canadian steel, lumber and automobiles, along with other goods&#13;&#10;&#13;&#10;Europa Press\/Contacto\/Shawn Thew - Pool via CNP&#13;&#10;07\/10\/2025\" data-full=\"[object Object]\" data-original=\"[object Object]\" src=\"https:\/\/imagenes.esdiario.com\/files\/related_image\/uploads\/2025\/10\/09\/68e75e3adc4dd.jpeg\" data-full-src=\"https:\/\/www.europesays.com\/es\/wp-content\/uploads\/2026\/01\/68e75e3adc4dd.jpeg\"\/><\/p>\n<p>            <\/a><\/p>\n<p class=\"c-detail__sumario__signature\">\n                <strong><\/p>\n<p>                <strong class=\"c-detail__sumario__author \">Patricia Rodr\u00edguez Corchado<\/strong><\/strong>\n            <\/p>\n<p class=\"paragraph\">En X, el v\u00eddeo acumul\u00f3 <b>cientos de interacciones en pocas horas.<\/b> Los mensajes se polarizaron r\u00e1pidamente: unos aplaud\u00edan a Serrano por <b>\u201cdecir verdades como pu\u00f1os\u201d<\/b>, mientras otros cargaban contra la tertuliana por no dejar hablar a nadie. Frases como \u201cSarah no deja hablar\u201d o \u201cNacho Abad deber\u00eda moderar mejor\u201d se repitieron una y otra vez.<\/p>\n<p class=\"paragraph\">No es la primera vez que En boca de todos se ve envuelto en episodios de alta crispaci\u00f3n.<b> En los \u00faltimos meses ha habido abandonos de plat\u00f3, enfrentamientos personales y broncas<\/b> que rozan el espect\u00e1culo puro. Sin embargo, la mezcla del caso Maduro, la vuelta de Trump y las heridas hist\u00f3ricas del franquismo y el antifranquismo volvi\u00f3 a convertir el programa en un espejo amplificado de la polarizaci\u00f3n pol\u00edtica espa\u00f1ola.<\/p>\n<p>            <a href=\"#\" title=\"\"><\/p>\n<p>                    <img loading=\"lazy\" decoding=\"async\" data-index=\"\" width=\"140\" height=\"140\" alt=\"Delcy Rodr\u00edguez y su vestido\" data-full=\"[object Object]\" data-original=\"[object Object]\" src=\"https:\/\/imagenes.esdiario.com\/files\/related_image\/uploads\/2026\/01\/07\/695e47c982c17.jpeg\" data-full-src=\"https:\/\/www.europesays.com\/es\/wp-content\/uploads\/2026\/01\/695e47c982c17.jpeg\"\/><\/p>\n<p>            <\/a><\/p>\n<p class=\"paragraph\">Mientras el mundo observa los pr\u00f3ximos movimientos de Washington en Am\u00e9rica Latina, en Espa\u00f1<b>a la pol\u00edtica internacional sigue sirviendo como munici\u00f3n para la guerra dom\u00e9stica.<\/b> De momento, el estallido de Alfonso Serrano ya es uno de los momentos televisivos m\u00e1s comentados del d\u00eda. Y todo indica que la tensi\u00f3n, lejos de apagarse, seguir\u00e1 creciendo.<\/p>\n","protected":false},"excerpt":{"rendered":"La ma\u00f1ana televisiva de Cuatro volvi\u00f3 a convertirse este 7 de enero de 2026 en un campo de&hellip;\n","protected":false},"author":2,"featured_media":329119,"comment_status":"","ping_status":"","sticky":false,"template":"","format":"standard","meta":{"footnotes":""},"categories":[171],"tags":[954,146,147,25,24,1470,1194,952,956,23,214],"class_list":{"0":"post-329118","1":"post","2":"type-post","3":"status-publish","4":"format-standard","5":"has-post-thumbnail","7":"category-tv","8":"tag-cuatro","9":"tag-entertainment","10":"tag-entretenimiento","11":"tag-es","12":"tag-espana","13":"tag-franquismo","14":"tag-nicolas-maduro","15":"tag-politica","16":"tag-pp","17":"tag-spain","18":"tag-tv"},"share_on_mastodon":{"url":"https:\/\/pubeurope.com\/@es\/115858165310015240","error":""},"_links":{"self":[{"href":"https:\/\/www.europesays.com\/es\/wp-json\/wp\/v2\/posts\/329118","targetHints":{"allow":["GET"]}}],"collection":[{"href":"https:\/\/www.europesays.com\/es\/wp-json\/wp\/v2\/posts"}],"about":[{"href":"https:\/\/www.europesays.com\/es\/wp-json\/wp\/v2\/types\/post"}],"author":[{"embeddable":true,"href":"https:\/\/www.europesays.com\/es\/wp-json\/wp\/v2\/users\/2"}],"replies":[{"embeddable":true,"href":"https:\/\/www.europesays.com\/es\/wp-json\/wp\/v2\/comments?post=329118"}],"version-history":[{"count":0,"href":"https:\/\/www.europesays.com\/es\/wp-json\/wp\/v2\/posts\/329118\/revisions"}],"wp:featuredmedia":[{"embeddable":true,"href":"https:\/\/www.europesays.com\/es\/wp-json\/wp\/v2\/media\/329119"}],"wp:attachment":[{"href":"https:\/\/www.europesays.com\/es\/wp-json\/wp\/v2\/media?parent=329118"}],"wp:term":[{"taxonomy":"category","embeddable":true,"href":"https:\/\/www.europesays.com\/es\/wp-json\/wp\/v2\/categories?post=329118"},{"taxonomy":"post_tag","embeddable":true,"href":"https:\/\/www.europesays.com\/es\/wp-json\/wp\/v2\/tags?post=329118"}],"curies":[{"name":"wp","href":"https:\/\/api.w.org\/{rel}","templated":true}]}}