{"id":329132,"date":"2026-01-08T07:02:08","date_gmt":"2026-01-08T07:02:08","guid":{"rendered":"https:\/\/www.europesays.com\/es\/329132\/"},"modified":"2026-01-08T07:02:08","modified_gmt":"2026-01-08T07:02:08","slug":"el-acuerdo-entre-sanchez-y-junqueras-incendia-a-los-candidatos-del-psoe","status":"publish","type":"post","link":"https:\/\/www.europesays.com\/es\/329132\/","title":{"rendered":"El acuerdo entre S\u00e1nchez y Junqueras incendia a los candidatos del PSOE"},"content":{"rendered":"<p style=\"\">Tanto en el Palau de la Generalitat como en Calabria 66, sede de ERC, dan por hecho un acuerdo este jueves, entre Pedro S\u00e1nchez y Oriol Junqueras, para la <strong>nueva financiaci\u00f3n singular catalana<\/strong>. Un <a href=\"https:\/\/www.abc.es\/espana\/sanchez-ofrecera-erc-avanzar-financiacion-singular-cambio-20260106043325-nt.html\" target=\"_self\" data-voc-vtm-id=\"in-text-traffic\" title=\"compromiso\" data-mrf-link=\"www.abc.es\" rel=\"nofollow noopener\">compromiso<\/a> adquirido por Moncloa hace a\u00f1o y medio, durante  &#8230; la investidura de Salvador Illa, que permitir\u00e1 al separatismo lograr una de sus reivindicaciones hist\u00f3ricas. Falta por ver, eso s\u00ed, c\u00f3mo se escenificar\u00e1. Pues las prisas de Esquerra y el PSC, con los presupuestos catalanes en el caj\u00f3n a la espera de ser aprobados, contrastan con la incomodidad del PSOE y Moncloa con esta cuesti\u00f3n, m\u00e1s a\u00fan a las puertas de tres campa\u00f1as electorales en el primer semestre del a\u00f1o.<\/p>\n<p class=\"voc-p\" style=\"\">El preacuerdo, a la espera del encaje de manos entre S\u00e1nchez y Junqueras, <strong>introduce el principio de ordinalidad<\/strong> en el pr\u00f3ximo sistema de financiaci\u00f3n auton\u00f3mica, que Montero tendr\u00e1 que presentar ante el Consejo de Pol\u00edtica Fiscal y Financiera que convocar\u00e1 antes de finalizar el mes de enero. De esta forma, en contra de lo que hab\u00eda defendido el Ejecutivo hasta ahora, las comunidades que m\u00e1s aporten recibir\u00e1n m\u00e1s ingresos de la caja com\u00fan, reduciendo as\u00ed la redistribuci\u00f3n que ven\u00eda imperando hasta ahora.<\/p>\n<p class=\"voc-p\" style=\"\">Una de las dirigentes socialistas que m\u00e1s defendi\u00f3 este mensaje desde que se anunci\u00f3 el acuerdo entre el PSOE y ERC, que gener\u00f3 mucha oposici\u00f3n interna en varias federaciones socialistas, fue la exportavoz del Gobierno y candidata en las elecciones de Arag\u00f3n del pr\u00f3ximo 8 de febrero, Pilar Alegr\u00eda. La exministra, que hab\u00eda repetido en distintas ocasiones que esta cesi\u00f3n al separatismo no tendr\u00eda afectaci\u00f3n en el resto de territorios, se puso ayer la venda antes de la herida y afirm\u00f3 en una entrevista radiof\u00f3nica que \u00ab<strong>voy a defender con u\u00f1as y dientes que Arag\u00f3n sea respetada<\/strong>\u00bb.<\/p>\n<p class=\"voc-title\">Moncloa quiere que sea Mar\u00eda Jes\u00fas Montero la que explique los t\u00e9rminos del acuerdo con ERC, pese a perjudicarle en Andaluc\u00eda<\/p>\n<p class=\"voc-p\" style=\"\">En el PSOE aragon\u00e9s <strong>es donde hay m\u00e1s inquietud con este acuerdo<\/strong> que se dar\u00e1 a conocer, casi con total seguridad, antes de los comicios que se celebrar\u00e1n justo de aqu\u00ed a un mes. Por eso, explican fuentes socialistas en esa comunidad aut\u00f3noma, incomoda sobremanera que esto se materialice justo ahora, a las puertas de unas elecciones en las que Alegr\u00eda puede cosechar el peor resultado de su formaci\u00f3n en unas auton\u00f3micas. \u00abPor mucha pedagog\u00eda que hagamos, nuestro electorado no lo va a entender\u00bb, explica un dirigente del partido, que recuerda, adem\u00e1s, \u00abnuestra cercan\u00eda a Catalu\u00f1a\u00bb para ejemplificar las comparativas que se hacen entre territorios.<\/p>\n<p class=\"voc-p\" style=\"\">La otra gran protagonista en esta funci\u00f3n, la vicepresidenta primera y ministra de Hacienda, Mar\u00eda Jes\u00fas <strong>Montero, es la otra gran perjudicada<\/strong> de cara a su cita con las urnas en Andaluc\u00eda, que a muy tardar se convocar\u00e1n para junio. Los t\u00e9rminos del acuerdo que Moncloa negocia con ERC no son compartidos en su totalidad por la responsable de las cuentas, que tendr\u00e1 que defenderlos igualmente, ya que S\u00e1nchez quiere que sea ella la que presente la literalidad de la propuesta. Algo que no gusta demasiado en el entorno de la vicepresidenta, ya que en Andaluc\u00eda hay una fuerte oposici\u00f3n a esta concesi\u00f3n al separatismo. Falta por ver si esperar\u00e1 a la reuni\u00f3n del Consejo de Pol\u00edtica Fiscal y Financiera para su puesta de largo, cita para la que todav\u00eda no hay fecha, o si comparecer\u00e1 de forma expl\u00edcita para ello.<\/p>\n<p class=\"voc-p\" style=\"\">Tampoco ve con muy buenos ojos el calendario de aprobaci\u00f3n de este nuevo modelo de financiaci\u00f3n m\u00e1s ventajoso para Catalu\u00f1a el secretario general del PSOE de Castilla y Le\u00f3n y candidato socialista a las elecciones en esta regi\u00f3n, previstas como muy tarde para el 15 de marzo, Carlos Mart\u00ednez. En el entorno del todav\u00eda alcalde de Soria aseguran que \u00ab<strong>no nos beneficia de ninguna manera<\/strong> hacer campa\u00f1a con esta m\u00fasica de fondo\u00ab. La prioridad de S\u00e1nchez \u00bbcuidar y mimar\u00ab al PSC de Illa frente a otros territorios, consciente de la importancia de mantener la fortaleza que tiene a d\u00eda de hoy el gobernante catal\u00e1n.<\/p>\n<p>\nLa Generalitat lo deja en manos de Moncloa\n<\/p>\n<p class=\"voc-p\" style=\"\">Tanto en el Palau de la Generalitat como en el PSC <strong>dejan que sea Moncloa la que explique los t\u00e9rminos del acuerdo<\/strong> alcanzado, conscientes de las cr\u00edticas que generar\u00e1 incluso dentro del propio PSOE. En agosto de 2024, cuando se anunci\u00f3 el pacto, no solo el cr\u00edtico habitual Emiliano Garc\u00eda \u2013 Page subi\u00f3 el tono de voz con la propuesta, como se espera que haga este mismo jueves. Adem\u00e1s del bar\u00f3n castellanomanchego, el presidente de Asturias, Adri\u00e1n Barb\u00f3n, el exl\u00edder en Extremadura, Miguel \u00c1ngel Gallardo o el exl\u00edder andaluz Juan Espadas, manifestaron su oposici\u00f3n a un modelo de financiaci\u00f3n singular para Catalu\u00f1a.<\/p>\n<p class=\"voc-title\">Illa inici\u00f3 una gira por las presidencias de distintas autonom\u00edas para tranquilizar a sus hom\u00f3logos con la financiaci\u00f3n<\/p>\n<p class=\"voc-p\" style=\"\">Ante ese rechazo generalizado, posici\u00f3n que algunos han matizado con el paso de los meses, pero con unas heridas no sanadas que se pueden reabrir con lo que ocurra en las pr\u00f3ximas horas o d\u00edas, Salvador Illa inici\u00f3 una ronda de visitas a sus hom\u00f3logos para <strong>explicar el modelo de financiaci\u00f3n que los socialistas defend\u00edan<\/strong> ahora para Catalu\u00f1a. Durante varios meses, el jefe del Gobierno catal\u00e1n se reuni\u00f3 con Fernando Clavijo, Adri\u00e1n Barb\u00f3n, Mar\u00eda Chivite o Jorge Azc\u00f3n, pero no con el expresidente valenciano, Carlos Maz\u00f3n, ni la presidenta de la Comunidad de Madrid, Isabel D\u00edaz Ayuso. Unos encuentros en los que Illa trat\u00f3 de hacer pedagog\u00eda respecto a los t\u00e9rminos del acuerdo y para recalcar que ser\u00eda su gabinete, formado por miembros del PSC, los que gestionar\u00e1n esta nueva realidad econ\u00f3mica.<\/p>\n<p class=\"voc-p\" style=\"\">En el entorno de Illa <strong>tienen prisa para que esto \u00abse materialice\u00bb<\/strong> lo antes posible. De contentar a ERC, explican fuentes del gobierno catal\u00e1n, depende la viabilidad de la legislatura en el Parlament. Cuando se cumplen ya dieciocho meses de la toma de posesi\u00f3n del l\u00edder del PSC como &#8216;president&#8217;, Salvador Illa ha sido incapaz de lograr poner de acuerdo a Esquerra y los Comuns para aprobar unas nuevas cuentas p\u00fablicas, por lo que sigue gobernando con las que aprob\u00f3 en el a\u00f1o 2023 su antecesor en el cargo, el republicano Pere Aragon\u00e8s. <\/p>\n<p class=\"voc-p\" style=\"\">Esta falta de proyecto de presupuestos actualizados <strong>le impide al presidente auton\u00f3mico desplegar su programa electoral<\/strong>, buscando f\u00f3rmulas alternativas para poder legislar, con medidas principalmente en materia de Vivienda, ya que pueden avanzar en esa direcci\u00f3n \u00fanicamente con suplementos de cr\u00e9dito como los 4.000 millones aprobados a finales de diciembre. Este mismo mi\u00e9rcoles anunci\u00f3 un primer concurso de solares para la construcci\u00f3n de 1.940 viviendas asequibles para los pr\u00f3ximos 75 a\u00f1os.<\/p>\n<p>\nJunqueras reunir\u00e1 hoy a su ejecutiva\n<\/p>\n<p class=\"voc-p\" style=\"\">Tras su paso por el Palacio de La Moncloa, reuni\u00f3n que est\u00e1 prevista para las 11 de la ma\u00f1ana, el presidente de ERC, Oriol <strong>Junqueras, reunir\u00e1 a su ejecutiva en la sede del partido<\/strong> en Barcelona. El encuentro, seg\u00fan fuentes del partido consultadas por este peri\u00f3dico, responde a la voluntad de trasladar a sus compa\u00f1eros el contenido de la conversaci\u00f3n que habr\u00e1 mantenido horas antes con el presidente del Gobierno, Pedro S\u00e1nchez. En ERC respiran \u00aboptimismo\u00bb de cara a que la cita en el palacio presidencial, que Junqueras pisar\u00e1 por primera vez, tras haber pasado por la c\u00e1rcel y haber sido amnistiado por su interlocutor, sirva para cerrar definitivamente el acuerdo que llevan trabajando desde hace semanas los equipos econ\u00f3micos de ERC y Moncloa.<\/p>\n<p class=\"voc-p\" style=\"\">Solo en el caso de que se tuerzan las cosas, algo improbable al cierre de esta edici\u00f3n, algunos dirigentes de ERC no descartan pedir en esa reuni\u00f3n de la ejecutiva que su partido <strong>siga los pasos de Junts y retire el apoyo parlamentario al Gobierno<\/strong> de coalici\u00f3n. Los republicanos, indican fuentes de la direcci\u00f3n a este peri\u00f3dico, se implicar\u00e1n fuertemente en ayudar al Ejecutivo a lograr los apoyos necesarios para que salga adelante su propuesta de financiaci\u00f3n. Adem\u00e1s de la oposici\u00f3n de los de Carles Puigdemont, que reclaman ir varios pasos m\u00e1s all\u00e1, hay otros socios como Comprom\u00eds o la Chunta -ambos dentro de Sumar-, que no comparten este trato fiscal diferencial para Catalu\u00f1a.<\/p>\n","protected":false},"excerpt":{"rendered":"Tanto en el Palau de la Generalitat como en Calabria 66, sede de ERC, dan por hecho un&hellip;\n","protected":false},"author":2,"featured_media":329133,"comment_status":"","ping_status":"","sticky":false,"template":"","format":"standard","meta":{"footnotes":""},"categories":[8],"tags":[945,17,18,15695,25,24,13,14,11,16906,61926,19,20,9,10,15,16,1699,199,23,12,21,22],"class_list":{"0":"post-329132","1":"post","2":"type-post","3":"status-publish","4":"format-standard","5":"has-post-thumbnail","7":"category-espana","8":"tag-acuerdo","9":"tag-breaking-news","10":"tag-breakingnews","11":"tag-candidatos","12":"tag-es","13":"tag-espana","14":"tag-featured-news","15":"tag-featurednews","16":"tag-headlines","17":"tag-incendia","18":"tag-junqueras","19":"tag-latest-news","20":"tag-latestnews","21":"tag-news","22":"tag-noticias","23":"tag-noticias-destacadas","24":"tag-noticiasdestacadas","25":"tag-psoe","26":"tag-sanchez","27":"tag-spain","28":"tag-titulares","29":"tag-ultimas-noticias","30":"tag-ultimasnoticias"},"share_on_mastodon":{"url":"https:\/\/pubeurope.com\/@es\/115858200618626235","error":""},"_links":{"self":[{"href":"https:\/\/www.europesays.com\/es\/wp-json\/wp\/v2\/posts\/329132","targetHints":{"allow":["GET"]}}],"collection":[{"href":"https:\/\/www.europesays.com\/es\/wp-json\/wp\/v2\/posts"}],"about":[{"href":"https:\/\/www.europesays.com\/es\/wp-json\/wp\/v2\/types\/post"}],"author":[{"embeddable":true,"href":"https:\/\/www.europesays.com\/es\/wp-json\/wp\/v2\/users\/2"}],"replies":[{"embeddable":true,"href":"https:\/\/www.europesays.com\/es\/wp-json\/wp\/v2\/comments?post=329132"}],"version-history":[{"count":0,"href":"https:\/\/www.europesays.com\/es\/wp-json\/wp\/v2\/posts\/329132\/revisions"}],"wp:featuredmedia":[{"embeddable":true,"href":"https:\/\/www.europesays.com\/es\/wp-json\/wp\/v2\/media\/329133"}],"wp:attachment":[{"href":"https:\/\/www.europesays.com\/es\/wp-json\/wp\/v2\/media?parent=329132"}],"wp:term":[{"taxonomy":"category","embeddable":true,"href":"https:\/\/www.europesays.com\/es\/wp-json\/wp\/v2\/categories?post=329132"},{"taxonomy":"post_tag","embeddable":true,"href":"https:\/\/www.europesays.com\/es\/wp-json\/wp\/v2\/tags?post=329132"}],"curies":[{"name":"wp","href":"https:\/\/api.w.org\/{rel}","templated":true}]}}