{"id":329144,"date":"2026-01-08T07:14:19","date_gmt":"2026-01-08T07:14:19","guid":{"rendered":"https:\/\/www.europesays.com\/es\/329144\/"},"modified":"2026-01-08T07:14:19","modified_gmt":"2026-01-08T07:14:19","slug":"la-condicion-humana-en-un-aparcamiento-del-carrefour-babelia","status":"publish","type":"post","link":"https:\/\/www.europesays.com\/es\/329144\/","title":{"rendered":"La condici\u00f3n humana en un aparcamiento del Carrefour | Babelia"},"content":{"rendered":"<p class=\"\">Se dice que todo artista trabaja, en el fondo, sobre el mismo problema fundamental, dando vueltas a una misma idea a lo largo de toda su trayectoria. As\u00ed, a <a href=\"https:\/\/elpais.com\/noticias\/txema-salvans\/\" rel=\"nofollow noopener\" target=\"_blank\">Txema Salvans <\/a>(Barcelona, 1971) siempre le ha intrigado la complejidad de la condici\u00f3n humana y sus contradicciones. Observa la realidad con distancia, mucha paciencia y una lucidez inc\u00f3moda. Interesado en los m\u00e1rgenes del ocio, en esos espacios donde la sociedad baja la guardia, convierte lo cotidiano en escenas llenas de iron\u00eda y de tensi\u00f3n. Sus inquietudes siempre acaban siendo las mismas: esa mirada de extra\u00f1eza sobre el mundo, sobre c\u00f3mo nos comportamos, qu\u00e9 hacemos, y c\u00f3mo, al fin y al cabo, nos hemos adaptado a un sin sentido, y hemos llegado hasta aqu\u00ed.<\/p>\n<p class=\"\">De esta suerte, y para dar forma a su \u00faltima publicaci\u00f3n, <a href=\"https:\/\/editorialrm.com\/producto\/sunday-morning\/\" rel=\"nofollow noopener\" target=\"_blank\">Sunday Morning<\/a> (RM), durante diez a\u00f1os, cada domingo soleado a las doce de la ma\u00f1ana, y desde el techo de su furgoneta, el fot\u00f3grafo se dedic\u00f3 a observar a las personas que acud\u00edan al aparcamiento del Carrefour de El Prat de Llobregat, a las afueras de Barcelona. Si <a href=\"https:\/\/elpais.com\/cultura\/2020\/05\/14\/babelia\/1589447015_462545.html\" rel=\"nofollow noopener\" target=\"_blank\">Perfect Day<\/a><a href=\"https:\/\/elpais.com\/cultura\/2020\/05\/14\/babelia\/1589447015_462545.html\" rel=\"nofollow noopener\" target=\"_blank\"> <\/a>es un proyecto sobre el Mediterr\u00e1neo donde nunca aparece el mar, esta \u00faltima publicaci\u00f3n gira en torno al hipermercado en un momento en que sus puertas permanecen cerradas al p\u00fablico.<\/p>\n<p class=\"\">\u201cTodo parece absurdo\u201d, escribe Pepe Baeza en un texto que integra la publicaci\u00f3n. \u201cPorque todo el que va all\u00ed lo que en el fondo quiere es que no pase nada, suspender el tiempo de la misma forma que aquel espacio di\u00e1fano los mantiene a ellos y ellas suspendidos\u201d. Son 99 im\u00e1genes las que componen la publicaci\u00f3n, de las cuales el fot\u00f3grafo ha destacado siete para Babelia. Estos son sus comentarios:<\/p>\n<p><img decoding=\"auto\" class=\"_re lazyload a_m-h\" height=\"283\"  width=\"414\"  src=\"https:\/\/www.europesays.com\/es\/wp-content\/uploads\/2026\/01\/22XYVZQU7ZDQRHA5LREBNAA7YI.jpg\" loading=\"lazy\"\/>Imagen perteneciente al fotolibro &#8216;Sunday Morning&#8217;, publicado por RM. Txema Salvans<\/p>\n<ul>\n<li>\u201cLa fotograf\u00eda m\u00e1s antigua del libro sirve tambi\u00e9n de portada. Cuando la hice, me di cuenta de que de aqu\u00ed pod\u00eda surgir algo m\u00e1s grande. Me muevo de forma intuitiva: de golpe encuentras una foto que es el germen del proyecto. La imagen est\u00e1 cargada de misterio. Sucede algo sencillo y cotidiano: alguien ha lavado la ropa y la tiende al sol. Lo extra\u00f1o es d\u00f3nde ocurre. Una sensaci\u00f3n de desconcierto que aumenta cuando uno se fija en el coche, relativamente nuevo, brillante y cuidado. \u00bfQu\u00e9 le habr\u00e1 pasado a esta persona para que tienda la colada aqu\u00ed? \u00bfD\u00f3nde habr\u00e1 lavado esa ropa? Me gusta que las im\u00e1genes queden abiertas a la interpretaci\u00f3n; su capacidad de evocaci\u00f3n. En fotograf\u00eda, el resultado final depende mucho de qui\u00e9n mira y desde d\u00f3nde lo hace\u201d.<\/li>\n<\/ul>\n<p><img decoding=\"auto\" class=\"_re lazyload a_m-h\" height=\"283\"  width=\"414\"  src=\"https:\/\/www.europesays.com\/es\/wp-content\/uploads\/2026\/01\/I6FL7B2375GLJNPKR5OQNH4XPM.jpg\" loading=\"lazy\"\/>Imagen perteneciente al fotolibro &#8216;Sunday Morning&#8217;, publicado por RM. Txema Salvans<\/p>\n<ul>\n<li>\u201cA diferencia de mis anteriores libros, en este ya no hay menores: ya no se los puede fotografiar. Solamente aparecen mis hijos, que de vez en cuando me acompa\u00f1aban. Bruna aparece en varias im\u00e1genes con patines diferentes, una particularidad que nos remite al paso de los a\u00f1os. Aunque todas las fotos podr\u00edan parecer que est\u00e1n hechas el mismo d\u00eda, el proyecto est\u00e1 lleno de peque\u00f1os detalles que aluden a ese transcurso del tiempo. En algunas im\u00e1genes, las l\u00edneas del suelo aparecen frescas, reci\u00e9n pintadas; una puerta que antes era verde m\u00e1s tarde es roja. La expresi\u00f3n \u201ca certain place, a certain time\u201c, que se incluye en la introducci\u00f3n, procede de una canci\u00f3n de Fleetwood Mac. Lo que me atrajo de ella es que define lo que es la fotograf\u00eda: un momento en alg\u00fan lugar. Este proyecto est\u00e1 hecho siguiendo ese principio: cada foto es un instante espec\u00edfico en un lugar concreto (en este caso, dentro del parking del Carrefour)\u201d.<\/li>\n<\/ul>\n<p><img decoding=\"auto\" class=\"_re lazyload a_m-h\" height=\"283\"  width=\"414\"  src=\"https:\/\/www.europesays.com\/es\/wp-content\/uploads\/2026\/01\/EKLBMQHPNFA4TBHW4AHK2PXOWQ.jpeg\" loading=\"lazy\"\/>Imagen perteneciente al fotolibro &#8216;Sunday Morning&#8217;, publicado por RM. Txema Salvans<\/p>\n<ul>\n<li>\u201cUn joven pinta un coche. El amarillo que aparece debajo del negro nos da una pista: se trata de taxi. El espectador no conoce la raz\u00f3n, y se monta su propia pel\u00edcula. Mi formaci\u00f3n de bi\u00f3logo siempre me ha llevado a un enfoque cient\u00edfico, en el sentido de que, en lugar de estudiar las estrellas en general, prefiero ver c\u00f3mo interact\u00faan dos en particular para obtener una informaci\u00f3n que me de las herramientas para entender c\u00f3mo funciona el universo. Me atrae mucho trabajar siempre sobre el mismo territorio para poder hablar de la condici\u00f3n humana, de c\u00f3mo somos animales oportunistas y frente a un espacio vac\u00edo encontramos la oportunidad de instalarnos. Somos animales de costumbres que apreciamos la rutina \u2014aunque sea aburrida\u2014; a la especie humana nos da estabilidad: buscamos prever lo que va a suceder\u201d.<\/li>\n<\/ul>\n<p><img decoding=\"auto\" class=\"_re lazyload a_m-h\" height=\"283\"  width=\"414\"  src=\"https:\/\/www.europesays.com\/es\/wp-content\/uploads\/2026\/01\/7RHYJZMM6BDIZCOS5KEMKM75DY.jpg\" loading=\"lazy\"\/>Imagen perteneciente al fotolibro &#8216;Sunday Morning&#8217;, publicado por RM. Txema Salvans<\/p>\n<ul>\n<li>\u201cHay una zona en el parking donde se concentran muchos camiones. Muchos camioneros, a menudo extranjeros, pasan all\u00ed los domingos. Hacen vida dentro de la cabina y se relacionan entre ellos. Por lo general, no suelo hablar con la gente, pero con ellos s\u00ed intercambio algunas palabras. En realidad, el individuo m\u00e1s extra\u00f1o de todos soy yo. Soy quien ha pasado m\u00e1s tiempo en el parking del Carrefour. Me ven encima de mi coche, con un tr\u00edpode, la c\u00e1mara y el chaleco fluorescente, y no dicen nada. Me ven como parte del conjunto. El color amarillo me identifica como un trabajador\u201d.<\/li>\n<\/ul>\n<p><img decoding=\"auto\" class=\"_re lazyload a_m-h\" height=\"283\"  width=\"414\"  src=\"https:\/\/www.europesays.com\/es\/wp-content\/uploads\/2026\/01\/3UQHNGFBZZBYREMI7ULMFCVAOE.jpg\" loading=\"lazy\"\/>Imagen perteneciente al fotolibro &#8216;Sunday Morning&#8217;, publicado por RM. Txema Salvans<\/p>\n<ul>\n<li>Con motivo del 50\u00ba aniversario del hipermercado, se pint\u00f3 el nombre en una de las paredes blancas. Lo curioso es que, si antes la zona siempre estaba llena de gente, cuando se coloc\u00f3 en la fachada tuvieron que pasar dos o tres meses hasta que la gente volvi\u00f3 a apropiarse del lugar; como si hubiesen colocado una bandera o un cartel de propiedad privada. La inscripci\u00f3n alteraba la manera de vivir el espacio. Uno sabe d\u00f3nde est\u00e1, pero al mismo tiempo quiere olvidarse del lugar y de todo lo dem\u00e1s que conforma la cotidianeidad\u201d.<\/li>\n<\/ul>\n<p><img decoding=\"auto\" class=\"_re lazyload a_m-h\" height=\"283\"  width=\"414\"  src=\"https:\/\/www.europesays.com\/es\/wp-content\/uploads\/2026\/01\/UW7ML664O5HDNCR3PM2M5NOA2U.jpeg\" loading=\"lazy\"\/>Imagen perteneciente al fotolibro &#8216;Sunday Morning&#8217;, publicado por RM. Txema Salvans<\/p>\n<ul>\n<li>\u201cEn cualquier lugar donde trabajo, siempre me gusta visitar la parte de atr\u00e1s. Si ya un motel de carretera puede resultar triste, mucho m\u00e1s lo es la parte trasera, lo que no se ve. En esta ocasi\u00f3n me dirig\u00ed a la zona por donde entran los camiones. Desde all\u00ed tom\u00e9 las \u00faltimas im\u00e1genes. Esta cierra el libro. En ella seguimos viendo el cartel de Carrefour entre los \u00e1rboles. La pel\u00edcula Tiempos Modernos empieza con las im\u00e1genes de unos trabajadores que entran muy a prisa al metro, intercalados con im\u00e1genes de reba\u00f1os de ovejas; ya entonces Charles Chaplin se estaba refiriendo a la etiolog\u00eda humana. As\u00ed, al encontrarme con esta imagen, fue un verdadero \u00a1Eureka! Como mam\u00edferos, tenemos puntos en com\u00fan con las ovejas, como la rutina. La vemos agrupadas en torno a una torre de alta tensi\u00f3n. La sinantrop\u00eda describe la relaci\u00f3n de algunas especies con los seres humanos, al adaptarse y beneficiarse de los entornos creados por ellos. Lo curioso es que, tras haber modificado el territorio para adaptarlo a nuestras capacidades, muchas especies ahora se adaptan a nosotros, ofreciendo una reflexi\u00f3n que invierte simb\u00f3licamente el concepto de Antropoceno\u201d. <\/li>\n<\/ul>\n<p><img decoding=\"auto\" class=\"_re lazyload a_m-h\" height=\"241\"  width=\"414\"  src=\"https:\/\/www.europesays.com\/es\/wp-content\/uploads\/2026\/01\/3Q3BEUBC7FGNZK2JYIP4B2YRQA.jpg\" loading=\"lazy\"\/>Imagen perteneciente al fotolibro &#8216;Sunday Morning&#8217;, publicado por RM. Txema Salvans<\/p>\n<ul>\n<li>\u201cEl libro se organiza como un plano secuencia, como si fu\u00e9semos de la mano dando la vuelta a Carrefour. Cada foto te lleva a la siguiente, y en cada una encuentras un elemento que conecta con la otra. As\u00ed, la sobrecubierta se despliega como un p\u00f3ster donde se muestran estas conexiones a trav\u00e9s de l\u00edneas y redondeles que se\u00f1alan el mismo objeto desde diferentes puntos de vista. Esto tiene mucho que ver con la fotograf\u00eda, que no deja de ser un punto de vista conceptual y tambi\u00e9n f\u00edsico. Situado siempre encima de la furgoneta, a una altura de tres metros y medio, el horizonte se levanta y los objetos se recortan sobre el suelo, en un mismo plano abierto. El asfalto es un elemento fundamental en este proyecto, as\u00ed como lo es en la construcci\u00f3n del paisaje por parte de los humanos. Se percibe un intento de esterilizar un territorio, cubrirlo de asfalto u hormig\u00f3n para crear un superficie perfecta por donde se deslicen las ruedas de los distintos veh\u00edculos; de forma controlada han quedado marcados varios agujeros para que crezca un \u00e1rbol. Y sobre esa superficie muerta pasamos nuestras vidas, aprendemos a montar en bici, a conducir y llevamos a nuestro hijos a probar el dron que le regalamos en Reyes\u201d. <\/li>\n<\/ul>\n<p class=\"\"><a href=\"https:\/\/editorialrm.com\/producto\/sunday-morning\/\" rel=\"nofollow noopener\" target=\"_blank\">Sunday Morning<\/a>. Txema Salvans. RM. 128 p\u00e1ginas. 45 euros<\/p>\n","protected":false},"excerpt":{"rendered":"Se dice que todo artista trabaja, en el fondo, sobre el mismo problema fundamental, dando vueltas a una&hellip;\n","protected":false},"author":2,"featured_media":329145,"comment_status":"","ping_status":"","sticky":false,"template":"","format":"standard","meta":{"footnotes":""},"categories":[173],"tags":[229,233,231,230,18109,209,232,234,146,147,25,24,244,10328,40414,225,3799,23,75958],"class_list":{"0":"post-329144","1":"post","2":"type-post","3":"status-publish","4":"format-standard","5":"has-post-thumbnail","7":"category-arte-y-diseno","8":"tag-arte","9":"tag-arte-y-diseno","10":"tag-arts","11":"tag-arts-and-design","12":"tag-centros-comerciales","13":"tag-cultura","14":"tag-design","15":"tag-diseno","16":"tag-entertainment","17":"tag-entretenimiento","18":"tag-es","19":"tag-espana","20":"tag-fotografia","21":"tag-fotografos","22":"tag-fotolibros","23":"tag-libros","24":"tag-ocio","25":"tag-spain","26":"tag-txema-salvans"},"share_on_mastodon":{"url":"https:\/\/pubeurope.com\/@es\/115858247829481168","error":""},"_links":{"self":[{"href":"https:\/\/www.europesays.com\/es\/wp-json\/wp\/v2\/posts\/329144","targetHints":{"allow":["GET"]}}],"collection":[{"href":"https:\/\/www.europesays.com\/es\/wp-json\/wp\/v2\/posts"}],"about":[{"href":"https:\/\/www.europesays.com\/es\/wp-json\/wp\/v2\/types\/post"}],"author":[{"embeddable":true,"href":"https:\/\/www.europesays.com\/es\/wp-json\/wp\/v2\/users\/2"}],"replies":[{"embeddable":true,"href":"https:\/\/www.europesays.com\/es\/wp-json\/wp\/v2\/comments?post=329144"}],"version-history":[{"count":0,"href":"https:\/\/www.europesays.com\/es\/wp-json\/wp\/v2\/posts\/329144\/revisions"}],"wp:featuredmedia":[{"embeddable":true,"href":"https:\/\/www.europesays.com\/es\/wp-json\/wp\/v2\/media\/329145"}],"wp:attachment":[{"href":"https:\/\/www.europesays.com\/es\/wp-json\/wp\/v2\/media?parent=329144"}],"wp:term":[{"taxonomy":"category","embeddable":true,"href":"https:\/\/www.europesays.com\/es\/wp-json\/wp\/v2\/categories?post=329144"},{"taxonomy":"post_tag","embeddable":true,"href":"https:\/\/www.europesays.com\/es\/wp-json\/wp\/v2\/tags?post=329144"}],"curies":[{"name":"wp","href":"https:\/\/api.w.org\/{rel}","templated":true}]}}