{"id":329182,"date":"2026-01-08T07:46:10","date_gmt":"2026-01-08T07:46:10","guid":{"rendered":"https:\/\/www.europesays.com\/es\/329182\/"},"modified":"2026-01-08T07:46:10","modified_gmt":"2026-01-08T07:46:10","slug":"los-mitones-de-punto-ya-son-un-imprescindible-entre-las-insiders","status":"publish","type":"post","link":"https:\/\/www.europesays.com\/es\/329182\/","title":{"rendered":"Los mitones de punto ya son un imprescindible entre las \u2018insiders\u2019"},"content":{"rendered":"<p>El furor de los mitones de punto, el complemento que est\u00e1 por todas partes<\/p>\n<p>En plena <strong>temporada invernal<\/strong>, cuando las temperaturas bajan m\u00e1s de lo que esper\u00e1bamos, no queda m\u00e1s que escabullirse bajo muchas capas de prendas y accesorios calentitos que nos protejan del fr\u00edo. As\u00ed, complementos como <strong><a href=\"https:\/\/www.glamour.es\/articulos\/gorro-borreguito-tendencia\" rel=\"nofollow noopener\" target=\"_blank\">gorros<\/a>, bufandas, guantes e incluso calentadores<\/strong> adquieren gran importancia en nuestro armario. Entre las tendencias m\u00e1s aclamadas, es innegable que el \u2018efecto pelo\u2019 acapara la mayor\u00eda de las papeletas por ser uno de los m\u00e1s populares; sin embargo, no muy lejos se posicionan los (casi olvidados) <strong><a href=\"https:\/\/www.glamour.es\/galerias\/mitones-tendencia-invierno\" rel=\"nofollow noopener\" target=\"_blank\">mitones<\/a> de punto<\/strong>.<\/p>\n<p>S\u00ed, hablamos de una tendencia latente entre las chicas con m\u00e1s estilo, que recupera <strong>uno de los accesorios favoritos de <a href=\"https:\/\/www.glamour.es\/articulos\/met-gala-2023-karl-lagerfeld\" rel=\"nofollow noopener\" target=\"_blank\">Karl Lagerfeld<\/a><\/strong>, quien los llevaba como parte de su firma personal. Aunque no se trata de una novedad, s\u00ed que re\u00fane lo mejor de los dos mundos: <strong>abriga la mano sin restarle libertad<\/strong>, dejando libres los dedos y permitiendo que la rutina siga sin interrupciones. Solo hace falta prestar atenci\u00f3n a los estilismos m\u00e1s memorables de nuestro entorno o de las redes sociales para confirmar que est\u00e1n ah\u00ed, m\u00e1s presentes que nunca.<\/p>\n<p>Esta temporada, su versi\u00f3n m\u00e1s popular es, sin duda, la de punto, tal y como confirman los cat\u00e1logos de nuestras tiendas de cabecera favoritas. Los podremos encontrar tanto en <strong>formato corto como largo<\/strong>, y confeccionados en materiales como <strong>lana, alpaca, <a href=\"https:\/\/www.glamour.es\/galerias\/mejores-cardigans-cashmere-otono-invierno\" rel=\"nofollow noopener\" target=\"_blank\">cashmere<\/a> o algod\u00f3n<\/strong>, logrando ese toque c\u00e1lido y confortable, que se siente como un abrazo suave en la piel. De ah\u00ed que las chicas con m\u00e1s estilo jueguen con ellos para <strong>sumar capas y texturas a sus looks<\/strong>. El secreto est\u00e1 en apostar por una alternativa que, adem\u00e1s de hacernos sentir c\u00f3modas, tambi\u00e9n podamos utilizar durante toda la temporada. Ya sea con vaqueros, vestidos o pantalones de traje, los mitones son perfectos para marcar la diferencia.<\/p>\n<p>\u00bfC\u00f3mo llevar los mitones esta temporada?<\/p>\n<p>\u2192 Mitones de punto en tonos neutros<\/p>\n<p><img decoding=\"async\" alt=\"Street Style At Paris Fashion Week.  Womenswear FallWinter 20242025.\" loading=\"lazy\" class=\"ResponsiveImageContainer-eNxvmU cfBbTk responsive-image__image\"   src=\"https:\/\/www.europesays.com\/es\/wp-content\/uploads\/2026\/01\/GettyImages-2065810600.jpg\"\/><\/p>\n<p>Claudio Lavenia\/Getty Images<\/p>\n","protected":false},"excerpt":{"rendered":"El furor de los mitones de punto, el complemento que est\u00e1 por todas partes En plena temporada invernal,&hellip;\n","protected":false},"author":2,"featured_media":329183,"comment_status":"","ping_status":"","sticky":false,"template":"","format":"standard","meta":{"footnotes":""},"categories":[80],"tags":[47062,82,95,94,25,24,1023,69323,23,2922],"class_list":{"0":"post-329182","1":"post","2":"type-post","3":"status-publish","4":"format-standard","5":"has-post-thumbnail","7":"category-economia","8":"tag-accesorios","9":"tag-business","10":"tag-economia","11":"tag-economy","12":"tag-es","13":"tag-espana","14":"tag-moda","15":"tag-otono-invierno-2025-2026","16":"tag-spain","17":"tag-tendencias"},"share_on_mastodon":{"url":"https:\/\/pubeurope.com\/@es\/115858373723743453","error":""},"_links":{"self":[{"href":"https:\/\/www.europesays.com\/es\/wp-json\/wp\/v2\/posts\/329182","targetHints":{"allow":["GET"]}}],"collection":[{"href":"https:\/\/www.europesays.com\/es\/wp-json\/wp\/v2\/posts"}],"about":[{"href":"https:\/\/www.europesays.com\/es\/wp-json\/wp\/v2\/types\/post"}],"author":[{"embeddable":true,"href":"https:\/\/www.europesays.com\/es\/wp-json\/wp\/v2\/users\/2"}],"replies":[{"embeddable":true,"href":"https:\/\/www.europesays.com\/es\/wp-json\/wp\/v2\/comments?post=329182"}],"version-history":[{"count":0,"href":"https:\/\/www.europesays.com\/es\/wp-json\/wp\/v2\/posts\/329182\/revisions"}],"wp:featuredmedia":[{"embeddable":true,"href":"https:\/\/www.europesays.com\/es\/wp-json\/wp\/v2\/media\/329183"}],"wp:attachment":[{"href":"https:\/\/www.europesays.com\/es\/wp-json\/wp\/v2\/media?parent=329182"}],"wp:term":[{"taxonomy":"category","embeddable":true,"href":"https:\/\/www.europesays.com\/es\/wp-json\/wp\/v2\/categories?post=329182"},{"taxonomy":"post_tag","embeddable":true,"href":"https:\/\/www.europesays.com\/es\/wp-json\/wp\/v2\/tags?post=329182"}],"curies":[{"name":"wp","href":"https:\/\/api.w.org\/{rel}","templated":true}]}}