{"id":329184,"date":"2026-01-08T07:47:10","date_gmt":"2026-01-08T07:47:10","guid":{"rendered":"https:\/\/www.europesays.com\/es\/329184\/"},"modified":"2026-01-08T07:47:10","modified_gmt":"2026-01-08T07:47:10","slug":"un-agente-de-ice-mata-a-disparos-a-una-mujer-durante-una-operacion-contra-la-migracion-ilegal-en-minneapolis","status":"publish","type":"post","link":"https:\/\/www.europesays.com\/es\/329184\/","title":{"rendered":"Un agente de ICE mata a disparos a una mujer durante una operaci\u00f3n contra la migraci\u00f3n ilegal en Minneapolis"},"content":{"rendered":"<p><img fetchpriority=\"high\" decoding=\"async\" src=\"https:\/\/www.europesays.com\/es\/wp-content\/uploads\/2026\/01\/42b3f150-ec16-11f0-a452-c539a1a03906.jpg.webp.webp\"   alt=\"Un agente lanza un gas contra los manifestantes tras la muerte de la mujer.\" loading=\"eager\" width=\"819\" height=\"461\" style=\"aspect-ratio:819 \/ 461\" class=\"css-1seqhu9\"\/><\/p>\n<p class=\"css-by8ykd\" role=\"text\">Fuente de la imagen, Getty Images<\/p>\n<p>Pie de foto, Un agente lanza un gas contra los manifestantes tras la muerte de la mujer.<strong id=\"article-byline\" aria-hidden=\"true\" class=\"css-2ozlq5\">Informaci\u00f3n del art\u00edculo<\/strong><\/p>\n<ul class=\"css-1dlgp3z\">\n<li class=\"css-1s1df59\">\n<ul role=\"list\" class=\"css-z50d25\">\n<li class=\"css-0\">Autor, Redacci\u00f3n<\/li>\n<li class=\"css-k1irjw\">T\u00edtulo del autor,  BBC News Mundo<\/li>\n<\/ul>\n<\/li>\n<li>7 enero 2026\n<p>Actualizado 2 horas<\/p>\n<\/li>\n<li>\n<p>Tiempo de lectura: 6 min<\/p>\n<\/li>\n<\/ul>\n<p dir=\"ltr\" class=\"css-s4cjt0 e1yuyadm0\"><b>Un agente del servicio de inmigraci\u00f3n y aduanas de Estados Unidos (ICE, por sus siglas en ingles) mat\u00f3 a tiros este martes a una mujer que al parecer trat\u00f3 de entorpecer con su veh\u00edculo un control migratorio en Minneapolis.<\/b><\/p>\n<p dir=\"ltr\" class=\"css-s4cjt0 e1yuyadm0\">El suceso ha provocado protestas en esta ciudad del estado de Minnesota, en el norte del pa\u00eds, as\u00ed como una fuerte pol\u00e9mica a nivel nacional.<\/p>\n<p dir=\"ltr\" class=\"css-s4cjt0 e1yuyadm0\">La mujer fallecida fue identificada como Renee Good, ciudadana estadounidense de 37 a\u00f1os residente en Minneapolis, seg\u00fan confirm\u00f3 una autoridad a la cadena CBS, socia de BBC. Se desconoce por el momento la identidad del agente que la mat\u00f3.<\/p>\n<p dir=\"ltr\" class=\"css-s4cjt0 e1yuyadm0\">V\u00eddeos difundidos en medios de comunicaci\u00f3n y redes sociales muestran desde varios \u00e1ngulos el veh\u00edculo en el que viajaba la mujer bloqueando parcialmente una calle en el momento en que se aproximan los agentes migratorios.<\/p>\n<p dir=\"ltr\" class=\"css-s4cjt0 e1yuyadm0\">Estos tratan de abrir la puerta de la conductora, que aparentemente trata de huir acelerando a la derecha. Uno de los agentes, que trataba de bloquear el paso del veh\u00edculo, responde con varios disparos hacia el asiento de la conductora, cuyo auto acaba fuera de control y empotrado contra otro que se encontraba estacionado.<\/p>\n<p dir=\"ltr\" class=\"css-s4cjt0 e1yuyadm0\">Los videos no dejan claro hasta qu\u00e9 punto el veh\u00edculo en marcha lleg\u00f3 a tocar al agente.<\/p>\n<p><img decoding=\"async\" src=\"https:\/\/www.europesays.com\/es\/wp-content\/uploads\/2026\/01\/f8f883f0-ec15-11f0-a452-c539a1a03906.jpg.webp.webp\"   alt=\"Veh\u00edculo de la v\u00edctima. tiene un disparo en el vidrio delantero. Es una camioneta vino. \" loading=\"lazy\" width=\"854\" height=\"481\" style=\"aspect-ratio:854 \/ 481\" class=\"css-1seqhu9\"\/><\/p>\n<p class=\"css-by8ykd\" role=\"text\">Fuente de la imagen, Getty Images<\/p>\n<p>Pie de foto, El agente dispar\u00f3 a bocajarro a la conductora.<\/p>\n<p>\u00abAlgo horrible de ver\u00bb<\/p>\n<p dir=\"ltr\" class=\"css-s4cjt0 e1yuyadm0\">Tras el incidente se concentraron cientos de manifestantes en el lugar, ubicado cerca de algunos de los negocios de inmigrantes m\u00e1s antiguos de la ciudad y a menos de 2 kil\u00f3metros donde George Floyd muri\u00f3 a manos de la polic\u00eda en 2020.<\/p>\n<p dir=\"ltr\" class=\"css-s4cjt0 e1yuyadm0\">Im\u00e1genes desde el lugar mostraron c\u00f3mo agentes policiales usaron sprays con una sustancia amarilla para tratar de dispersar a las personas que salieron a protestar.<\/p>\n<p><img decoding=\"async\" src=\"https:\/\/www.europesays.com\/es\/wp-content\/uploads\/2026\/01\/ee92d370-ec1a-11f0-a422-4ba8a094a8fa.jpg.webp.webp\"   alt=\"Manifestantes roceados con una sustancia amarilla por parte de la polic\u00eda en la zona donde fue asesinada una mujer en mine\u00e1polis. Es una multitud que se trata de proteger de la sustancia. Los agentes llevan su uniforme. Hay nieve en el suelo. \" loading=\"lazy\" width=\"3177\" height=\"2118\" style=\"aspect-ratio:3177 \/ 2118\" class=\"css-1seqhu9\"\/><\/p>\n<p class=\"css-by8ykd\" role=\"text\">Fuente de la imagen, Reuters<\/p>\n<p>Pie de foto, Los manifestantes se enfrentaron con los agentes.<\/p>\n<p dir=\"ltr\" class=\"css-s4cjt0 e1yuyadm0\">Las autoridades federales interpretan que el disparo fue un acto de defensa propia, mientras que las de Minneapolis y el estado de Minnesota consideran que el agente dispar\u00f3 de forma injustificada, ya que la v\u00edctima no estaba poniendo en peligro su vida.<\/p>\n<p dir=\"ltr\" class=\"css-s4cjt0 e1yuyadm0\">El presidente Donald Trump declar\u00f3 que las im\u00e1genes son \u00abalgo horrible de ver\u00bb y aleg\u00f3 que la conductora se comportaba de forma \u00abmuy desordenada, obstruyendo y resistiendo, y que luego atropell\u00f3 de forma violenta, deliberada y cruel al agente del ICE, quien parece haberle disparado en defensa propia\u00bb.<\/p>\n<p dir=\"ltr\" class=\"css-s4cjt0 e1yuyadm0\">La secretaria de Seguridad Nacional, Kristi Noem, quien se encontraba de visita en Texas, describi\u00f3 el incidente como un \u00abacto de terrorismo dom\u00e9stico\u00bb contra el servicio migratorio.<\/p>\n<p dir=\"ltr\" class=\"css-s4cjt0 e1yuyadm0\">Seg\u00fan su versi\u00f3n, la conductora intent\u00f3 atropellar a los agentes y los embisti\u00f3 con su veh\u00edculo, lo que llev\u00f3 a uno de ellos a disparar \u00abpara protegerse a s\u00ed mismo y a las personas que lo rodeaban\u00bb.<\/p>\n<p dir=\"ltr\" class=\"css-s4cjt0 e1yuyadm0\">M\u00e1s tarde, en rueda de prensa, Noem culp\u00f3 a los l\u00edderes dem\u00f3cratas locales por no hacer cumplir las leyes federales, lo que, seg\u00fan ella, hizo necesaria la presencia de agentes federales en la ciudad.<\/p>\n<p dir=\"ltr\" class=\"css-s4cjt0 e1yuyadm0\">El alcalde y el gobernador \u00abse niegan a proteger a los habitantes de Minnesota y, en cambio, optan por proteger a los delincuentes. Por eso estamos aqu\u00ed\u00bb, afirm\u00f3.<\/p>\n<p dir=\"ltr\" class=\"css-s4cjt0 e1yuyadm0\">Esa caracterizaci\u00f3n fue duramente rechazada por el alcalde de Minneapolis, Jacob Frey, quien calific\u00f3 la versi\u00f3n del gobierno federal de \u00abbasura\u00bb.<\/p>\n<p>\u00abCaos y desconfianza\u00bb<\/p>\n<p><img decoding=\"async\" src=\"https:\/\/www.europesays.com\/es\/wp-content\/uploads\/2026\/01\/082d1d70-ec18-11f0-a422-4ba8a094a8fa.jpg.webp.webp\"   alt=\"Agentes del ICE\" loading=\"lazy\" width=\"1024\" height=\"683\" style=\"aspect-ratio:1024 \/ 683\" class=\"css-1seqhu9\"\/><\/p>\n<p class=\"css-by8ykd\" role=\"text\">Fuente de la imagen, Getty Images<\/p>\n<p>Pie de foto, El despliegue de agentes migratorios provoc\u00f3 protestas de ciudadanos y gobernantes de Minnesota.<\/p>\n<p dir=\"ltr\" class=\"css-s4cjt0 e1yuyadm0\">Frey conden\u00f3 el despliegue de m\u00e1s de 2.000 agentes federales en las \u00e1reas metropolitanas de Minneapolis y St. Paul como parte de la m\u00e1s reciente ofensiva migratoria del gobierno de Donald Trump.<\/p>\n<p dir=\"ltr\" class=\"css-s4cjt0 e1yuyadm0\">\u00abLo que est\u00e1n haciendo no es brindar seguridad en Estados Unidos. Est\u00e1n causando caos y desconfianza\u00bb, afirm\u00f3 el alcalde, quien pidi\u00f3 a los agentes migratorios abandonar la ciudad usando un lenguaje expl\u00edcito.<\/p>\n<p dir=\"ltr\" class=\"css-s4cjt0 e1yuyadm0\">Tras asegurar que hab\u00eda visto los videos del incidente, Frey asegur\u00f3 que no se trata de un caso de defensa propia.<\/p>\n<p dir=\"ltr\" class=\"css-s4cjt0 e1yuyadm0\">La congresista dem\u00f3crata Alexandria Ocasio-Cortez catalog\u00f3 lo sucedido como \u00abun asesinato p\u00fablico\u00bb.<\/p>\n<p dir=\"ltr\" class=\"css-s4cjt0 e1yuyadm0\">Se ha iniciado una investigaci\u00f3n sobre el tiroteo, y el gobernador de Minnesota, Tim Walz, acus\u00f3 a los agentes federales que estaban tocando el veh\u00edculo de haber podido afectar la escena.<\/p>\n<p dir=\"ltr\" class=\"css-s4cjt0 e1yuyadm0\">La muerte de la mujer de 37 a\u00f1os es, seg\u00fan los datos disponibles, el quinto fallecimiento vinculado a operativos migratorios recientes en grandes ciudades del pa\u00eds.<\/p>\n<p dir=\"ltr\" class=\"css-s4cjt0 e1yuyadm0\">El \u00e1rea de las Twin Cities (Minneapolis y St. Paul) se encontraba en tensi\u00f3n desde que el Departamento de Seguridad Nacional (DHS) anunciara el martes el inicio del operativo, relacionado en parte con presuntas irregularidades y fraudes que implicar\u00edan a residentes somal\u00edes.<\/p>\n<p dir=\"ltr\" class=\"css-s4cjt0 e1yuyadm0\">Kristi Noem confirm\u00f3 que se han realizado \u00abcientos y cientos\u00bb de arrestos en el marco de esta campa\u00f1a.<\/p>\n<p>Concentraciones<\/p>\n<p><img decoding=\"async\" src=\"https:\/\/www.europesays.com\/es\/wp-content\/uploads\/2026\/01\/2d742c30-ec37-11f0-a422-4ba8a094a8fa.jpg.webp.webp\"   alt=\"Minneapolis\" loading=\"lazy\" width=\"1024\" height=\"681\" style=\"aspect-ratio:1024 \/ 681\" class=\"css-1seqhu9\"\/><\/p>\n<p class=\"css-by8ykd\" role=\"text\">Fuente de la imagen, Getty Images<\/p>\n<p>Pie de foto, Concentraci\u00f3n en el lugar en el que ocurri\u00f3 el tiroteo.<\/p>\n<p dir=\"ltr\" class=\"css-s4cjt0 e1yuyadm0\">Tras la muerte de la mujer, se han estado produciendo protestas en varias partes de la ciudad, con la principal concentraci\u00f3n cerca del lugar del tiroteo mortal, en la intersecci\u00f3n de la calle 34 Este y la Avenida Portland.<\/p>\n<p dir=\"ltr\" class=\"css-s4cjt0 e1yuyadm0\">En el lugar, junto a la nieve, se improvis\u00f3 una vigilia con flores y velas, mientras los manifestantes coreaban consignas y pronunciaban discursos condenando el tiroteo policial.<\/p>\n<p dir=\"ltr\" class=\"css-s4cjt0 e1yuyadm0\">El peri\u00f3dico Minneapolis Star-Tribune inform\u00f3 que cientos de personas se reunieron en el lugar, incluyendo un grupo de cl\u00e9rigos que cantaron himnos.<\/p>\n<p dir=\"ltr\" class=\"css-s4cjt0 e1yuyadm0\">Tambi\u00e9n se han registrado protestas y arrestos en otros puntos de la ciudad.<\/p>\n<p dir=\"ltr\" class=\"css-s4cjt0 e1yuyadm0\">Se estaban organizando protestas en otras ciudades de EE.UU., incluyendo Nueva Orleans, Miami, Seattle y Nueva York.<\/p>\n<p dir=\"ltr\" class=\"css-s4cjt0 e1yuyadm0\">Seg\u00fan la Radio P\u00fablica de Minnesota, agentes de la Patrulla Fronteriza de Estados Unidos entraron en la propiedad de una escuela p\u00fablica a unos cinco kil\u00f3metros del lugar del tiroteo, donde redujeron a varias personas y realizaron arrestos utilizando gas pimienta.<\/p>\n<p><img decoding=\"async\" src=\"https:\/\/www.europesays.com\/es\/wp-content\/uploads\/2026\/01\/15f0d6f0-ec1c-11f0-a422-4ba8a094a8fa.png.webp.webp\"   alt=\"linea\" loading=\"lazy\" width=\"800\" height=\"100\" style=\"aspect-ratio:800 \/ 100\" class=\"css-1seqhu9\"\/><\/p>\n<p>Un suceso que se interpreta de maneras radicalmente diferentes<\/p>\n<p dir=\"ltr\" class=\"css-s4cjt0 e1yuyadm0\"><b>Anthony Zurcher, corresponsal de BBC News en Am\u00e9rica del Norte <\/b><\/p>\n<p dir=\"ltr\" class=\"css-s4cjt0 e1yuyadm0\">Es casi inevitable que el tiroteo mortal de un civil en Minneapolis por parte de un agente de ICE exacerbe a\u00fan m\u00e1s las ya elevadas tensiones en la ciudad.<\/p>\n<p dir=\"ltr\" class=\"css-s4cjt0 e1yuyadm0\">Tanto la administraci\u00f3n Trump como las autoridades dem\u00f3cratas estatales y locales est\u00e1n describiendo el incidente de maneras radicalmente diferentes.<\/p>\n<p dir=\"ltr\" class=\"css-s4cjt0 e1yuyadm0\">Donald Trump, en una publicaci\u00f3n en Truth Social, culp\u00f3 a una \u00abagitadora profesional\u00bb y a un \u00abmovimiento radical de izquierda de violencia y odio\u00bb. Jacob Frey, el alcalde dem\u00f3crata de Minneapolis, exigi\u00f3, con un lenguaje contundente, que los agentes de inmigraci\u00f3n abandonaran la ciudad.<\/p>\n<p dir=\"ltr\" class=\"css-s4cjt0 e1yuyadm0\">Como existe un video del incidente, el p\u00fablico estadounidense tendr\u00e1 la oportunidad de formarse su propia opini\u00f3n.<\/p>\n<p dir=\"ltr\" class=\"css-s4cjt0 e1yuyadm0\">Minnesota se ha convertido en un foco de conflicto en torno a la inmigraci\u00f3n en los \u00faltimos meses, con cientos de agentes migratorios realizando operaciones en la zona.<\/p>\n<p dir=\"ltr\" class=\"css-s4cjt0 e1yuyadm0\">Este aumento de la vigilancia se produce despu\u00e9s de que Donald Trump criticara a la numerosa poblaci\u00f3n inmigrante somal\u00ed del estado tras la condena de miembros de esta comunidad por un fraude generalizado en la distribuci\u00f3n de ayudas federales para la pandemia de covid-19. <\/p>\n<p dir=\"ltr\" class=\"css-s4cjt0 e1yuyadm0\">Las acusaciones de corrupci\u00f3n a gran escala en los servicios sociales estatales llevaron a Tim Walz, el gobernador dem\u00f3crata de Minessota, a renunciar a su candidatura a la reelecci\u00f3n la semana pasada.<\/p>\n<p dir=\"ltr\" class=\"css-s4cjt0 e1yuyadm0\">En una conferencia de prensa, Walz calific\u00f3 el tiroteo como \u00abtotalmente predecible\u00bb y \u00abtotalmente evitable\u00bb, aunque advirti\u00f3 a los ciudadanos que se abstengan de llavar a cabo protestas violentas.<\/p>\n<p><img decoding=\"async\" src=\"https:\/\/www.europesays.com\/es\/wp-content\/uploads\/2025\/12\/a7c4ec50-2f5d-11f0-b26b-ab62c890638b.png.webp.webp\"   alt=\"linea\" loading=\"lazy\" width=\"800\" height=\"100\" style=\"aspect-ratio:800 \/ 100\" class=\"css-1seqhu9\"\/><\/p>\n<p dir=\"ltr\" class=\"css-s4cjt0 e1yuyadm0\"><a href=\"https:\/\/www.bbc.com\/mundo\/send\/u184973209\" class=\"focusIndicatorReducedWidth css-n8oauk e1h2ur550\" rel=\"nofollow noopener\" target=\"_blank\">Suscr\u00edbete aqu\u00ed<\/a> a nuestro nuevo newsletter para recibir cada viernes una selecci\u00f3n de nuestro mejor contenido de la semana.<\/p>\n<p dir=\"ltr\" class=\"css-s4cjt0 e1yuyadm0\">Y recuerda que puedes recibir notificaciones en nuestra app. Descarga la \u00faltima versi\u00f3n y act\u00edvalas.<\/p>\n","protected":false},"excerpt":{"rendered":"Fuente de la imagen, Getty Images Pie de foto, Un agente lanza un gas contra los manifestantes tras&hellip;\n","protected":false},"author":2,"featured_media":329185,"comment_status":"","ping_status":"","sticky":false,"template":"","format":"standard","meta":{"footnotes":""},"categories":[42],"tags":[17,18,13,14,11,61,62,63,64,19,20,9,10,15,16,12,21,22,65,66,67],"class_list":{"0":"post-329184","1":"post","2":"type-post","3":"status-publish","4":"format-standard","5":"has-post-thumbnail","7":"category-internacional","8":"tag-breaking-news","9":"tag-breakingnews","10":"tag-featured-news","11":"tag-featurednews","12":"tag-headlines","13":"tag-internacional","14":"tag-international","15":"tag-international-news","16":"tag-internationalnews","17":"tag-latest-news","18":"tag-latestnews","19":"tag-news","20":"tag-noticias","21":"tag-noticias-destacadas","22":"tag-noticiasdestacadas","23":"tag-titulares","24":"tag-ultimas-noticias","25":"tag-ultimasnoticias","26":"tag-world","27":"tag-world-news","28":"tag-worldnews"},"share_on_mastodon":{"url":"https:\/\/pubeurope.com\/@es\/115858377696166476","error":""},"_links":{"self":[{"href":"https:\/\/www.europesays.com\/es\/wp-json\/wp\/v2\/posts\/329184","targetHints":{"allow":["GET"]}}],"collection":[{"href":"https:\/\/www.europesays.com\/es\/wp-json\/wp\/v2\/posts"}],"about":[{"href":"https:\/\/www.europesays.com\/es\/wp-json\/wp\/v2\/types\/post"}],"author":[{"embeddable":true,"href":"https:\/\/www.europesays.com\/es\/wp-json\/wp\/v2\/users\/2"}],"replies":[{"embeddable":true,"href":"https:\/\/www.europesays.com\/es\/wp-json\/wp\/v2\/comments?post=329184"}],"version-history":[{"count":0,"href":"https:\/\/www.europesays.com\/es\/wp-json\/wp\/v2\/posts\/329184\/revisions"}],"wp:featuredmedia":[{"embeddable":true,"href":"https:\/\/www.europesays.com\/es\/wp-json\/wp\/v2\/media\/329185"}],"wp:attachment":[{"href":"https:\/\/www.europesays.com\/es\/wp-json\/wp\/v2\/media?parent=329184"}],"wp:term":[{"taxonomy":"category","embeddable":true,"href":"https:\/\/www.europesays.com\/es\/wp-json\/wp\/v2\/categories?post=329184"},{"taxonomy":"post_tag","embeddable":true,"href":"https:\/\/www.europesays.com\/es\/wp-json\/wp\/v2\/tags?post=329184"}],"curies":[{"name":"wp","href":"https:\/\/api.w.org\/{rel}","templated":true}]}}