{"id":329198,"date":"2026-01-08T08:00:11","date_gmt":"2026-01-08T08:00:11","guid":{"rendered":"https:\/\/www.europesays.com\/es\/329198\/"},"modified":"2026-01-08T08:00:11","modified_gmt":"2026-01-08T08:00:11","slug":"la-fotografia-fue-un-refugio","status":"publish","type":"post","link":"https:\/\/www.europesays.com\/es\/329198\/","title":{"rendered":"La fotograf\u00eda fue un refugio"},"content":{"rendered":"<p><strong>Santy L\u00f3pez<\/strong> es un hombre pegado a una c\u00e1mara. <strong>Fotorreportero <\/strong>desde hace m\u00e1s de cuatro d\u00e9cadas, el vecino de <a target=\"_blank\" href=\"https:\/\/www.elprogreso.es\/blog\/section\/sarria\/\" rel=\"nofollow noopener\"><strong>Sarria<\/strong><\/a>\u00a0dedic\u00f3 gran parte de su vida a retratar a los dem\u00e1s y, en agosto de 2020, inici\u00f3 el que es su<strong> proyecto m\u00e1s \u00edntimo<\/strong> y personal. \u00abCuando en la primera <strong>consulta <\/strong>me dijeron que ten\u00eda c\u00e1ncer, a la siguiente ya me present\u00e9 con la c\u00e1mara de fotos\u00bb, rememora.<\/p>\n<p>Desde entonces tom\u00f3 cientos de im\u00e1genes a trav\u00e9s de las cuales documenta su <strong>dolencia.<\/strong>\u00a0De ellas, 222 forman el\u00a0libro Vida de amor e enfermidade que acaba de ver la luz editado por la <strong>Vicepresidencia de la Diputaci\u00f3n,<\/strong> dando testimonio de su experiencia vital y como un acto de \u00abvalent\u00eda, loita e resistencia\u00bb, en palabras de su sobrina, <strong>Quiara L\u00f3pez,<\/strong> quien recuerda que \u00abSanty pon o seu coraz\u00f3n onde pon o obxectivo\u00bb.<\/p>\n<p>Cuenta el autor que hace a\u00f1os conoci\u00f3 Fotograf\u00edo para recordar\u00a0de <strong>Pedro Meyer,<\/strong> con retratos de la enfermedad de sus padres que define como \u00abpura poes\u00eda, amor a la fotograf\u00eda y amor a su familia\u00bb. Aquel trabajo le marc\u00f3 \u00abmuch\u00edsimo\u00bb y, cuando a \u00e9l mismo le toc\u00f3 vivir esa situaci\u00f3n con sus progenitores, sinti\u00f3 \u00abcomo que<strong> le estaba fallando<\/strong> a la fotograf\u00eda\u00bb por no documentar el proceso.<\/p>\n<p>Por ello, tras recibir su diagn\u00f3stico, Santy L\u00f3pez no tuvo duda de que iba a<strong> \u00abcubrir\u00bb<\/strong> su propia vivencia, coincidiendo en el tiempo con el tambi\u00e9n retrato sobre el c\u00e1ncer de la desaparecida fot\u00f3grafa y periodista Olatz V\u00e1zquez.<\/p>\n<p>El d\u00eda a d\u00eda en el hospital y en casa<\/p>\n<p>Con una <strong>Leica digital, <\/strong>el sarriano fotografi\u00f3 durante cuatro a\u00f1os el d\u00eda a d\u00eda de sus ingresos en el hospital <strong>Lucus Augusti <\/strong>(Hula) de Lugo, los<strong> tratamientos<\/strong> de quimioterapia e inmunoterapia, las <strong>cirug\u00edas<\/strong> en la unidad de arritmia, las distintas <strong>pruebas <\/strong>y consultas m\u00e9dicas, la atenci\u00f3n hospitalaria a domicilio o los momentos m\u00e1s \u00edntimos en su hogar, en un<strong> valioso testimonio <\/strong>en primera persona a trav\u00e9s del cual fue construyendo \u00abunha relaci\u00f3n emocional co seu corpo ferido, co artefacto-m\u00e1quina e con ese dispositivo xa familiar dos hospitais que ten como misi\u00f3n sandar\u00bb, tal y como recoge en el libro <strong>Margarita Ledo.<\/strong><\/p>\n<p>\u00abYo estaba con la c\u00e1mara en el hospital todos los d\u00edas. La colocaba en un <strong>tr\u00edpode <\/strong>de sobremesa y med\u00eda la luz, la velocidad, el encuadre, la composici\u00f3n&#8230; antes de la visita m\u00e9dica, de las curas, del electro o de un TAC. Cuando me ven\u00edan a visitar a la habitaci\u00f3n los<strong> onc\u00f3logos<\/strong> o los<strong> cardi\u00f3logos<\/strong> ya ten\u00eda la c\u00e1mara all\u00ed. Le daba al disparador y la m\u00e1quina iba disparando igual una foto cada minuto\u00bb, explica el expero retratista, quien tuvo claro que este trabajo solo pod\u00eda realizarse en <strong>blanco y negro,<\/strong> y sin flash.<\/p>\n<p><img decoding=\"async\" width=\"720\" height=\"1280\" alt=\"EL SARRIANO SANTY L\u00d3PEZ PUBLICA EL LIBRO DE FOTOGRAF\u00cdAS 'VIDA DE AMOR E ENFERMIDADE', EN EL QUE DOCUMENTA SU VIVENCIA CON UN C\u00c1NCER\" src=\"https:\/\/www.europesays.com\/es\/wp-content\/uploads\/2026\/01\/2026010723472537026.jpg\" loading=\"lazy\"\/><br \/>\nHolter en julio del a\u00f1o 2021. SANTY L\u00d3PEZ<\/p>\n<p>Todas las im\u00e1genes son de su autor\u00eda, excepto una en la que se encuentra anestesiado y otra tomada en Sarria en una silla de ruedas por <strong>Jos\u00e9 Mar\u00eda D\u00edaz.<\/strong> Fueron captadas <strong>entre 2020 y 2024,<\/strong> con un par\u00e9ntesis de \u00abquiz\u00e1s tres meses\u00bb en los que los efectos de la enfermedad le imped\u00edan \u00abaguantar la c\u00e1mara en la mano\u00bb.<\/p>\n<p>Una forma de \u00abescapar\u00bb de la enfermedad<\/p>\n<p>Durante todo este tiempo, \u00abme<strong> refugiaba<\/strong> en la fotograf\u00eda de las depresiones y las<strong> inquietudes<\/strong> del hospital\u00bb, narra Santy L\u00f3pez, para quien este proceso de documentaci\u00f3n gr\u00e1fica generoso y alejado del egocentrismo result\u00f3 ser una forma de \u00abescapar del c\u00e1ncer y pensar en otra cosa\u00bb. \u00abFueron unos a\u00f1os muy desagradables, y ya no por m\u00ed, ya no es lo que t\u00fa est\u00e1s sufriendo, es que est\u00e1s quemando a la <strong>gente <\/strong>de alrededor\u00bb, dice el sarriano, quien se muestra \u00abagradecid\u00edsimo\u00bb a la <strong>sanidad p\u00fablica <\/strong>y al \u00abcari\u00f1o\u00bb que recibi\u00f3 de todo su entorno.<\/p>\n<p>\u00abFue una <strong>experiencia<\/strong> que ojal\u00e1 no hubiera tenido que hacer, ojal\u00e1 no tuviese que hacer este trabajo, pero me marc\u00f3 mucho y veo las fotos y me impresionan\u00bb, afirma el autor, a quien las im\u00e1genes de la quimioterapia todav\u00eda le devuelven \u00abel <strong>sabor met\u00e1lico<\/strong> a la boca\u00bb.<\/p>\n<p>El precedente de un fotorreportaje<\/p>\n<p>A\u00a0lo largo de estos a\u00f1os lleg\u00f3 a reunir cientos de im\u00e1genes, para cuya selecci\u00f3n quiso recabar la opini\u00f3n de los tambi\u00e9n fot\u00f3grafos <strong>Xos\u00e9 Marra<\/strong> (quien se encarg\u00f3 del dise\u00f1o de la cubierta) y <strong>Delmi \u00c1lvarez.<\/strong> Son dos de las personas que escriben en Vida de amor e enfermidade, libro que tuvo como precedente un fotorreportaje del mismo t\u00edtulo publicado en la <strong>revista Luzes.<\/strong><\/p>\n<p>La obra cuenta tambi\u00e9n con las colaboraciones de Margarita Ledo Andi\u00f3n, <strong>Manuel Darriba <\/strong>(responsable de la edici\u00f3n de textos), <strong>Marica Campo, Esther L\u00f3pez<\/strong> y <strong>Quiara L\u00f3pez Ferrer,<\/strong> quien, adem\u00e1s, participa en la parte de la maquetaci\u00f3n junto con<strong> Felipe L\u00f3pez<\/strong> y <strong>Carlos Villarabid.<\/strong><\/p>\n<p>\u00abMe duele publicar este tema, pero mi <strong>ilusi\u00f3n<\/strong> era hacerlo\u00bb, afirma Santy L\u00f3pez, quien lleg\u00f3 a temer \u00abno ver el libro acabado\u00bb porque el <strong>pron\u00f3stico <\/strong>inicial de vida era de un a\u00f1o. En la actualidad, ya sin tratamiento y con un desfibrilador en el cuerpo, reflexiona sobre todo lo vivido en el \u00faltimo lustro y llega a la conclusi\u00f3n de que sin su c\u00e1mara de fotos y sin la ayuda y atenciones de su amiga y enfermera jubilada <strong>Marina G\u00f3mez,<\/strong> \u00abhoy no estoy aqu\u00ed\u00bb.<\/p>\n<p>\u00abNo tendr\u00e9 como pagarle eso\u00bb, comenta el sarriano, quien de todo este proceso extrae tambi\u00e9n un importante mensaje sobre el <strong>sistema sanitario p\u00fablico <\/strong>y la necesidad de cuidarlo. \u00abYo sin sanidad p\u00fablica estar\u00eda muerto hace cuatro a\u00f1os. No sabemos lo que tenemos. Que no nos falte nunca la seguridad social\u00bb, concluye.<\/p>\n<p>La presentaci\u00f3n, en la casa de la cultura<\/p>\n<p>Vida\u00a0de amor e enfermidade\u00a0ser\u00e1 presentado en tarde de este jueves, a las 20.00 horas, en la<strong> casa de la cultura<\/strong> de Sarria. En este acto, acompa\u00f1ar\u00e1n al autor los escritores Margarita Ledo Andi\u00f3n, Marica Campo y Manuel Darriba, as\u00ed como el presidente en funciones de la Diputaci\u00f3n Provincial de Lugo, Efr\u00e9n Castro.<\/p>\n<p>Santy L\u00f3pez quiso dedicar la obra a todos aquellos que<strong> aportan \u00abluz\u00bb <\/strong>en este viaje con sus cuidados. As\u00ed, agradece la humanidad de las trabajadoras y trabajadores del <strong>Sergas<\/strong> y tiene una menci\u00f3n especial para las atenciones de Marina G\u00f3mez y para su <strong>familia,<\/strong> a la que se refiere como su \u00abrefuxio en movemento\u00bb.<br \/>\u00a0<\/p>\n","protected":false},"excerpt":{"rendered":"Santy L\u00f3pez es un hombre pegado a una c\u00e1mara. Fotorreportero desde hace m\u00e1s de cuatro d\u00e9cadas, el vecino&hellip;\n","protected":false},"author":2,"featured_media":329199,"comment_status":"","ping_status":"","sticky":false,"template":"","format":"standard","meta":{"footnotes":""},"categories":[173],"tags":[229,233,231,230,232,234,2996,146,147,25,24,244,1496,681,5167,23],"class_list":{"0":"post-329198","1":"post","2":"type-post","3":"status-publish","4":"format-standard","5":"has-post-thumbnail","7":"category-arte-y-diseno","8":"tag-arte","9":"tag-arte-y-diseno","10":"tag-arts","11":"tag-arts-and-design","12":"tag-design","13":"tag-diseno","14":"tag-enfermedad","15":"tag-entertainment","16":"tag-entretenimiento","17":"tag-es","18":"tag-espana","19":"tag-fotografia","20":"tag-libro","21":"tag-medicina","22":"tag-sarria","23":"tag-spain"},"share_on_mastodon":{"url":"https:\/\/pubeurope.com\/@es\/115858428604675905","error":""},"_links":{"self":[{"href":"https:\/\/www.europesays.com\/es\/wp-json\/wp\/v2\/posts\/329198","targetHints":{"allow":["GET"]}}],"collection":[{"href":"https:\/\/www.europesays.com\/es\/wp-json\/wp\/v2\/posts"}],"about":[{"href":"https:\/\/www.europesays.com\/es\/wp-json\/wp\/v2\/types\/post"}],"author":[{"embeddable":true,"href":"https:\/\/www.europesays.com\/es\/wp-json\/wp\/v2\/users\/2"}],"replies":[{"embeddable":true,"href":"https:\/\/www.europesays.com\/es\/wp-json\/wp\/v2\/comments?post=329198"}],"version-history":[{"count":0,"href":"https:\/\/www.europesays.com\/es\/wp-json\/wp\/v2\/posts\/329198\/revisions"}],"wp:featuredmedia":[{"embeddable":true,"href":"https:\/\/www.europesays.com\/es\/wp-json\/wp\/v2\/media\/329199"}],"wp:attachment":[{"href":"https:\/\/www.europesays.com\/es\/wp-json\/wp\/v2\/media?parent=329198"}],"wp:term":[{"taxonomy":"category","embeddable":true,"href":"https:\/\/www.europesays.com\/es\/wp-json\/wp\/v2\/categories?post=329198"},{"taxonomy":"post_tag","embeddable":true,"href":"https:\/\/www.europesays.com\/es\/wp-json\/wp\/v2\/tags?post=329198"}],"curies":[{"name":"wp","href":"https:\/\/api.w.org\/{rel}","templated":true}]}}