{"id":329215,"date":"2026-01-08T08:11:23","date_gmt":"2026-01-08T08:11:23","guid":{"rendered":"https:\/\/www.europesays.com\/es\/329215\/"},"modified":"2026-01-08T08:11:23","modified_gmt":"2026-01-08T08:11:23","slug":"bando-actividad-cinegetica-en-la-sierra-de-madridejos-9-al-17-enero-2026","status":"publish","type":"post","link":"https:\/\/www.europesays.com\/es\/329215\/","title":{"rendered":"BANDO: Actividad cineg\u00e9tica en la \u00abSierra de Madridejos\u00bb \u2013 9 al 17 enero 2026"},"content":{"rendered":"<p style=\"text-align: justify;\" data-wahfont=\"16\">Que con motivo de la pr\u00e1ctica de <strong>actividades cineg\u00e9ticas<\/strong> en el Monte de Utilidad P\u00fablica N\u00ba 9, \u201cSierra de Madridejos\u201d en la zona del <strong>UMBRI\u00d3N \u2013 VALDECIRUELOS<\/strong>, <strong>EXTREMEN LAS PRECAUCIONES,<\/strong> cuando accedan a la misma.<\/p>\n<p style=\"text-align: justify;\" data-wahfont=\"16\"><strong>Desde el 09\/01\/2026 al 17\/01\/2026<\/strong>, queda prohibido el paso fuera de los caminos vecinales en la zona UMBRI\u00d3N \u2013 VALDECIRUELOS. Por motivos de seguridad,\u00a0\u00fanicamente se permitir\u00e1 el tr\u00e1nsito por el camino de la Fuente del Umbri\u00f3n en la zona indicada.<\/p>\n<p style=\"text-align: justify;\" data-wahfont=\"16\">Debido al riesgo existente durante la pr\u00e1ctica de actividades cineg\u00e9ticas, el d\u00eda 17\/01\/2026 el camino de la Fuente del Umbri\u00f3n permanecer\u00e1 cortado desde el vallado del tallar hasta la Fuente del Umbri\u00f3n, entre las 9.30 y las 17.00 horas.<\/p>\n<p style=\"text-align: justify;\" data-wahfont=\"16\"><img loading=\"lazy\" decoding=\"async\" class=\"alignnone wp-image-378\" src=\"https:\/\/www.europesays.com\/es\/wp-content\/uploads\/2025\/10\/pdf.png\"   alt=\"documento pdf\" width=\"20\" height=\"22\"\/> <a href=\"https:\/\/madridejos.es\/wp-content\/uploads\/2026\/01\/bando-actividad-cinegetica-umbrion-9al17ene2026.pdf\" target=\"_blank\" rel=\"noopener nofollow\">BANDO \u2013 PR\u00c1CTICA CINEG\u00c9TICA MONTE P\u00daBLICO SIERRA DE MADRIDEJOS \u2013 UMBRI\u00d3N-VALDECIRUELOS<\/a><\/p>\n<p>&#13;<br \/>\n\t\t\t\t N\u00ba de visitas: 66&#13;\n\t\t\t<\/p>\n","protected":false},"excerpt":{"rendered":"Que con motivo de la pr\u00e1ctica de actividades cineg\u00e9ticas en el Monte de Utilidad P\u00fablica N\u00ba 9, \u201cSierra&hellip;\n","protected":false},"author":2,"featured_media":329216,"comment_status":"","ping_status":"","sticky":false,"template":"","format":"standard","meta":{"footnotes":""},"categories":[8],"tags":[17,18,25,24,13,14,11,19,20,9,10,15,16,23,12,21,22],"class_list":{"0":"post-329215","1":"post","2":"type-post","3":"status-publish","4":"format-standard","5":"has-post-thumbnail","7":"category-espana","8":"tag-breaking-news","9":"tag-breakingnews","10":"tag-es","11":"tag-espana","12":"tag-featured-news","13":"tag-featurednews","14":"tag-headlines","15":"tag-latest-news","16":"tag-latestnews","17":"tag-news","18":"tag-noticias","19":"tag-noticias-destacadas","20":"tag-noticiasdestacadas","21":"tag-spain","22":"tag-titulares","23":"tag-ultimas-noticias","24":"tag-ultimasnoticias"},"share_on_mastodon":{"url":"https:\/\/pubeurope.com\/@es\/115858472022721454","error":""},"_links":{"self":[{"href":"https:\/\/www.europesays.com\/es\/wp-json\/wp\/v2\/posts\/329215","targetHints":{"allow":["GET"]}}],"collection":[{"href":"https:\/\/www.europesays.com\/es\/wp-json\/wp\/v2\/posts"}],"about":[{"href":"https:\/\/www.europesays.com\/es\/wp-json\/wp\/v2\/types\/post"}],"author":[{"embeddable":true,"href":"https:\/\/www.europesays.com\/es\/wp-json\/wp\/v2\/users\/2"}],"replies":[{"embeddable":true,"href":"https:\/\/www.europesays.com\/es\/wp-json\/wp\/v2\/comments?post=329215"}],"version-history":[{"count":0,"href":"https:\/\/www.europesays.com\/es\/wp-json\/wp\/v2\/posts\/329215\/revisions"}],"wp:featuredmedia":[{"embeddable":true,"href":"https:\/\/www.europesays.com\/es\/wp-json\/wp\/v2\/media\/329216"}],"wp:attachment":[{"href":"https:\/\/www.europesays.com\/es\/wp-json\/wp\/v2\/media?parent=329215"}],"wp:term":[{"taxonomy":"category","embeddable":true,"href":"https:\/\/www.europesays.com\/es\/wp-json\/wp\/v2\/categories?post=329215"},{"taxonomy":"post_tag","embeddable":true,"href":"https:\/\/www.europesays.com\/es\/wp-json\/wp\/v2\/tags?post=329215"}],"curies":[{"name":"wp","href":"https:\/\/api.w.org\/{rel}","templated":true}]}}