{"id":329221,"date":"2026-01-08T08:17:07","date_gmt":"2026-01-08T08:17:07","guid":{"rendered":"https:\/\/www.europesays.com\/es\/329221\/"},"modified":"2026-01-08T08:17:07","modified_gmt":"2026-01-08T08:17:07","slug":"corea-del-sur-primera-parada-para-carlos-alcaraz-antes-de-australia","status":"publish","type":"post","link":"https:\/\/www.europesays.com\/es\/329221\/","title":{"rendered":"Corea del Sur, primera parada para Carlos Alcaraz antes de Australia"},"content":{"rendered":"<p>Despu\u00e9s de sudar de lo lindo en El Palmar en la semana m\u00e1s fr\u00eda del invierno, <a href=\"https:\/\/www.laverdad.es\/carlos-alcaraz\/\" data-voc-vtm-id=\"in-text-traffic\" title=\"Carlos Alcaraz\" data-mrf-link=\"www.laverdad.es\" rel=\"nofollow noopener\" target=\"_blank\">Carlos Alcaraz<\/a> puso rumbo ayer a Corea del  &#8230; Sur en el primer vuelo de los innumerables que le quedan al tenista murciano en una temporada a la que cada vez le queda menos para empezar. El n\u00famero uno del mundo cerr\u00f3 ayer una pretemporada exigente en casa, en su <a href=\"https:\/\/www.laverdad.es\/carlos-alcaraz\/carlos-alcaraz-continua-preparacion-palmar-entrena-pedro-20251227150211-nt.html\" data-voc-vtm-id=\"in-text-traffic\" title=\"academia de El Palmar\" data-mrf-link=\"www.laverdad.es\" rel=\"nofollow noopener\" target=\"_blank\">academia de El Palmar<\/a>, all\u00ed donde se han reunido centenares de fans d\u00eda s\u00ed y d\u00eda tambi\u00e9n para ver al <a href=\"https:\/\/www.laverdad.es\/carlos-alcaraz\/carlos-alcaraz-gano-millones-dolares-premios-atp-20251230230420-nt.html\" data-voc-vtm-id=\"in-text-traffic\" title=\"mejor jugador de tenis\" data-mrf-link=\"www.laverdad.es\" rel=\"nofollow noopener\" target=\"_blank\">mejor jugador de tenis<\/a> del mundo prepararse para otro a\u00f1o duro e ilusionante a partes iguales.<\/p>\n<p class=\"v-p\">El pupilo de Samuel L\u00f3pez aterriza hoy en el pa\u00eds asi\u00e1tico, donde afronta pasado ma\u00f1ana una <a href=\"https:\/\/www.laverdad.es\/carlos-alcaraz\/carlos-alcaraz-jannik-sinner-batalla-desierto-20260105000807-nt.html\" data-voc-vtm-id=\"in-text-traffic\" title=\"exhibici\u00f3n con Jannik Sinner\" data-mrf-link=\"www.laverdad.es\" rel=\"nofollow noopener\" target=\"_blank\">exhibici\u00f3n con Jannik Sinner<\/a>, su archienemigo en la pista y con el que se va a jugar el trono del deporte de la raqueta en 2026. El murciano y el de San C\u00e1ndido son un reclamo para los aficionados al tenis y en este caso ser\u00e1n los surcoreanos los que podr\u00e1n disfrutar el s\u00e1bado de un duelo que seguro se repetir\u00e1 muchas m\u00e1s veces durante la temporada.<\/p>\n<p class=\"v-p\">Tras pasar la Navidad en familia hasta el \u00faltimo d\u00eda, Alcaraz ya est\u00e1 en Corea para aclimatarse cuanto antes y entrenar lo justo antes de divertirse con el italiano en la pista de la ciudad de Icheon.<\/p>\n<p>De las risas a la competici\u00f3n<\/p>\n<p class=\"v-p\">Ser\u00e1 la \u00faltima cita en la que Alcaraz pueda jugar sin presi\u00f3n porque justo despu\u00e9s llega el primer Grand Slam de la temporada. El Abierto de Australia espera a la vuelta de la esquina al tenista de El Palmar, que no ha escondido en ning\u00fan momento que llegar\u00e1 a Melburne con un objetivo claro: ganar el grande que le falta: \u00abEs mi objetivo del a\u00f1o\u00bb, se ha afanado en dejar claro el palmare\u00f1o.<\/p>\n<p class=\"v-p\">Quedan solo 10 d\u00edas para el Abierto de Australia, primer y exigente reto del a\u00f1o para el murciano. All\u00ed defender\u00e1 corona Sinner, quien le quiere arrebatar el n\u00famero uno pero que no podr\u00e1 hacer ya en este primer envite. Alcaraz llega enchufado e ilusionado. Es capaz de todo. <\/p>\n","protected":false},"excerpt":{"rendered":"Despu\u00e9s de sudar de lo lindo en El Palmar en la semana m\u00e1s fr\u00eda del invierno, Carlos Alcaraz&hellip;\n","protected":false},"author":2,"featured_media":329222,"comment_status":"","ping_status":"","sticky":false,"template":"","format":"standard","meta":{"footnotes":""},"categories":[274],"tags":[4736,4699,14131,168,25,24,5997,1078,23,167,14132,327,326],"class_list":{"0":"post-329221","1":"post","2":"type-post","3":"status-publish","4":"format-standard","5":"has-post-thumbnail","7":"category-tenis","8":"tag-alcaraz","9":"tag-australia","10":"tag-corea","11":"tag-deportes","12":"tag-es","13":"tag-espana","14":"tag-parada","15":"tag-primera","16":"tag-spain","17":"tag-sports","18":"tag-sur","19":"tag-tenis","20":"tag-tennis"},"share_on_mastodon":{"url":"https:\/\/pubeurope.com\/@es\/115858495462577047","error":""},"_links":{"self":[{"href":"https:\/\/www.europesays.com\/es\/wp-json\/wp\/v2\/posts\/329221","targetHints":{"allow":["GET"]}}],"collection":[{"href":"https:\/\/www.europesays.com\/es\/wp-json\/wp\/v2\/posts"}],"about":[{"href":"https:\/\/www.europesays.com\/es\/wp-json\/wp\/v2\/types\/post"}],"author":[{"embeddable":true,"href":"https:\/\/www.europesays.com\/es\/wp-json\/wp\/v2\/users\/2"}],"replies":[{"embeddable":true,"href":"https:\/\/www.europesays.com\/es\/wp-json\/wp\/v2\/comments?post=329221"}],"version-history":[{"count":0,"href":"https:\/\/www.europesays.com\/es\/wp-json\/wp\/v2\/posts\/329221\/revisions"}],"wp:featuredmedia":[{"embeddable":true,"href":"https:\/\/www.europesays.com\/es\/wp-json\/wp\/v2\/media\/329222"}],"wp:attachment":[{"href":"https:\/\/www.europesays.com\/es\/wp-json\/wp\/v2\/media?parent=329221"}],"wp:term":[{"taxonomy":"category","embeddable":true,"href":"https:\/\/www.europesays.com\/es\/wp-json\/wp\/v2\/categories?post=329221"},{"taxonomy":"post_tag","embeddable":true,"href":"https:\/\/www.europesays.com\/es\/wp-json\/wp\/v2\/tags?post=329221"}],"curies":[{"name":"wp","href":"https:\/\/api.w.org\/{rel}","templated":true}]}}