{"id":329244,"date":"2026-01-08T08:33:04","date_gmt":"2026-01-08T08:33:04","guid":{"rendered":"https:\/\/www.europesays.com\/es\/329244\/"},"modified":"2026-01-08T08:33:04","modified_gmt":"2026-01-08T08:33:04","slug":"un-maestro-rural-argentino-organiza-un-woodstock-ambiental","status":"publish","type":"post","link":"https:\/\/www.europesays.com\/es\/329244\/","title":{"rendered":"Un maestro rural argentino organiza un \u201cWoodstock ambiental\u201d"},"content":{"rendered":"<p style=\"text-align:justify;\">Ramiro Lezcano es un maestro rural de m\u00fasica que descubre los riesgos para los ni\u00f1os asociados a las fumigaciones con productos agroqu\u00edmicos que se esparcen muy cerca de la escuela. Para evidenciar esta problem\u00e1tica medioambiental y que resuene con fuerza, compone con sus alumnos unas canciones protesta que interpretar\u00e1n en un macroconcierto junto a las mejores bandas argentinas. <strong>Documentos TV<\/strong> muestra esta noche en <strong>\u201cUna canci\u00f3n para mi tierra\u201d<\/strong> c\u00f3mo se gest\u00f3 este interesante proyecto. <\/p>\n<p><strong>Un problema de salud rural<\/strong><\/p>\n<p style=\"text-align:justify;\">San Marcos Sud es una poblaci\u00f3n rural de la provincia argentina de C\u00f3rdoba. La mayor\u00eda de sus habitantes viven de la ganader\u00eda y de la agricultura y sus <strong><a href=\"https:\/\/www.rtve.es\/play\/videos\/tres14\/tres-14-pesticidas\/695242\/\" rel=\"nofollow noopener\" target=\"_blank\">cultivos se fumigan con agroqu\u00edmicos<\/a><\/strong> para evitar plagas perjudiciales. <\/p>\n<p>Una avioneta fumiga las extensiones de cultivos en San Marcos Sud, Argentina<\/p>\n<p style=\"text-align:justify;\">Silvia es una de las educadoras de la escuela de San Marcos. Mientras habla con Ramiro, el profesor de m\u00fasica, le llega un audio. \u201cVoy a aplicar herbicida, es una f\u00f3rmula fuerte, as\u00ed que tengo que buscar un horario en que no est\u00e9n los chiquitos en la escuela\u201d. <\/p>\n<blockquote>\n<p>\u201c\u00bfEl l\u00edquido ese se ven\u00eda para ac\u00e1 para la escuela?\u201c<\/p>\n<\/blockquote>\n<p style=\"text-align:justify;\">Hoy est\u00e1n de enhorabuena, les han avisado, pero esto no suele ser lo m\u00e1s frecuente. \u201c\u00bfEl l\u00edquido ese se ven\u00eda para ac\u00e1 para la escuela?\u201d, pregunta Ramiro a sus alumnos. \u201cS\u00ed\u201d, le responden al un\u00edsono. \u201cA m\u00ed me ard\u00eda la nariz, a \u00e9l le ard\u00eda la cara\u201d, contin\u00faan, se\u00f1al\u00e1ndose unos a otros. <\/p>\n<p>Silvia y Ramiro pasean con los alumnos de la escuela por las calles de San Marcos Sud\u00a0\u00a9 Cine argentino\/INCAA\/Cactus cine<\/p>\n<p style=\"text-align:justify;\">Los profesores han comprobado de primera mano estos y otros s\u00edntomas y, aun as\u00ed, las compa\u00f1\u00edas que fumigan niegan la mayor dici\u00e9ndoles \u201cquedate tranquila, estoy pasando\u2026 pero es inofensivo. Y vos sal\u00eds ah\u00ed fuera y no pod\u00e9s respirar\u201d, le comenta Silvia a Ramiro.<\/p>\n<blockquote>\n<p>\u201cQuedate tranquila, estoy pasando\u2026 pero es inofensivo. Y vos sal\u00eds ah\u00ed fuera y no pod\u00e9s respirar\u201c<\/p>\n<\/blockquote>\n<p style=\"text-align:justify;\">Est\u00e1n acostumbrados a estar<strong> en medio de las fumigaciones y saben que nadie les va a decir la verdad sobre<\/strong><a href=\"https:\/\/www.rtve.es\/play\/audios\/en-un-mundo-feliz-en-r5\/mundo-feliz-radio-5-pesticidas-10-11-18\/4842805\/\" rel=\"nofollow noopener\" target=\"_blank\"> los efectos de estos productos en la salud p\u00fablica<\/a><strong>.<\/strong> Y lo que tienen muy claro es que de estos temas no se puede hablar. As\u00ed que Ramiro piensa en que todo esto, tal vez, se pueda decir cantando. <\/p>\n<p>Alumnos de Ramiro ensayan una de las canciones\u00a0\u00a9 Cine argentino\/INCAA\/Cactus cine<\/p>\n<p><strong>\u201cCanciones urgentes para mi tierra\u201d<\/strong><\/p>\n<p style=\"text-align:justify;\">Ramiro comienza a componer con los chicos lo que ser\u00e1 la letra de la primera de las canciones que formar\u00e1n el <strong>proyecto <\/strong><strong>Canciones urgentes para mi tierra<\/strong>. \u201cEs un proyecto educativo medioambiental, que nace con chicos como ustedes que empezaban a preocuparse por lo que pasaba alrededor de las escuelas\u201d, les explica el profesor a sus alumnos. <\/p>\n<blockquote>\n<p>\u201cEs un proyecto educativo medioambiental, que nace con chicos como ustedes que empezaban a preocuparse por lo que pasaba alrededor de las escuelas\u201c<\/p>\n<\/blockquote>\n<p style=\"text-align:justify;\">Ayudado por la creatividad de los ni\u00f1os,<strong> la primera canci\u00f3n est\u00e1 lista para ser interpretada junto a su guitarra, por las voces de sus alumnos y por alg\u00fan que otro cantante medi\u00e1tico de Argentina<\/strong>. \u201c\u00bfLes gustar\u00eda ser parte de esta banda?\u201d, les pregunta. S\u00ed, le responden emocionados. Ahora, falta comunicarlo al <strong>pueblo donde la gran mayor\u00eda de los habitantes viven de la agricultura y de los productos agroqu\u00edmicos que contaminan el medioambiente en el que viven.<\/strong> <\/p>\n<blockquote>\n<p>\u201cVamos a hacer un concierto multitudinario, una especie de Woodstock ambiental, aqu\u00ed en el campo\u201c<\/p>\n<\/blockquote>\n<p style=\"text-align:justify;\">\u201cVamos a hacer un concierto multitudinario, una especie de <a href=\"https:\/\/www.rtve.es\/play\/videos\/d-corazon\/corazon-fue-festival-woodstock-su-historia-50-anos-despues\/5366865\/\" rel=\"nofollow noopener\" target=\"_blank\">Woodstock <\/a>ambiental, aqu\u00ed en el campo\u201d, informa Ramiro al pueblo de San Marcos Sud. \u201cVamos a invitar a cantar a muchos artistas de distinto g\u00e9nero, folclore, tango, rock\u201d, prosigue el profesor. \u201cEs un proyecto que no tiene antecedentes en Argentina ni en Am\u00e9rica, pero que nace de la ruralidad\u201d. <\/p>\n<p>Los ni\u00f1os se preparan para la fotograf\u00eda que acompa\u00f1ar\u00e1 a la campa\u00f1a publicitaria del macroconcierto\u00a0\u00a9 Cine argentino\/INCAA\/Cactus cine<\/p>\n<p style=\"text-align:justify;\">Aunque la acogida es buena, surgen los <strong>temores y las primeras resistencias de los sectores de la pol\u00edtica y la econom\u00eda afectados por las consecuencias <\/strong>que este concierto pueda traer consigo.  Temen que los ecos de la m\u00fasica y su lucha medioambiental puedan llegar lejos y a muchos. <\/p>\n<p><strong>Comienza el espect\u00e1culo<\/strong><\/p>\n<p style=\"text-align:justify;\">Sin embargo, Ramiro Lezcano no se rinde. Su causa est\u00e1 repleta de argumentos y <strong>busca la complicidad, tanto de los medios de comunicaci\u00f3n como de los artistas m\u00e1s prestigiosos del panorama musical argentino actual<\/strong>. La respuesta fue r\u00e1pida y contundente. \u201c\u00a1Siempre disponible para este tipo de colaboraciones!\u201d, afirma Lito Vitale en las redes. \u201cJavier Calamaro, Lula Bertoldi, Abel Pintos, quiero felicitar a todos los que son parte de este proyecto\u201d. El aluvi\u00f3n de m\u00fasicos uni\u00e9ndose a esta causa contin\u00faa. <\/p>\n<p>Una imagen de la actuaci\u00f3n del macroconcierto \u00abCanciones urgentes para mi tierra\u00bb\u00a0\u00a9 Cine argentino\/INCAA\/Cactus cine<\/p>\n<p style=\"text-align:justify;\">Las familias ayudan a los ni\u00f1os con los \u00faltimos preparativos para subir al escenario. El 12 de mayo, en  San Marcos Sud est\u00e1n <strong>presentes las bandas argentinas que todos quieren escuchar, cantando las canciones que compusieron Ramiro y sus peque\u00f1os alumnos y que abordan problem\u00e1ticas ambientales totalmente diversas<\/strong>. <\/p>\n<blockquote>\n<p>\u201cAlg\u00fan medio me preguntaba si este proyecto iba contra el campo. \u00bfC\u00f3mo va a ir contra el campo si nosotros somos el campo?\u201c<\/p>\n<\/blockquote>\n<p style=\"text-align:justify;\">\u201cAlg\u00fan medio me preguntaba si este proyecto iba contra el campo. \u00bfC\u00f3mo va a ir contra el campo si nosotros somos el campo?\u201d, exclama Ramiro en el macroconcierto, mientras suenan las notas de la primera canci\u00f3n que crearon este maestro y sus alumnos. \u201cSomos una isla en medio de este verde mar, queremos salir al campo y respirar aire puro\u201d, cantan en el gran escenario, ante cientos de personas, las mejores bandas argentinas junto a Ramiro y su guitarra, con las voces emocionadas del coro de sus alumnos.<\/p>\n","protected":false},"excerpt":{"rendered":"Ramiro Lezcano es un maestro rural de m\u00fasica que descubre los riesgos para los ni\u00f1os asociados a las&hellip;\n","protected":false},"author":2,"featured_media":329245,"comment_status":"","ping_status":"","sticky":false,"template":"","format":"standard","meta":{"footnotes":""},"categories":[42],"tags":[17,18,13,14,11,61,62,63,64,19,20,9,10,15,16,12,21,22,65,66,67],"class_list":{"0":"post-329244","1":"post","2":"type-post","3":"status-publish","4":"format-standard","5":"has-post-thumbnail","7":"category-internacional","8":"tag-breaking-news","9":"tag-breakingnews","10":"tag-featured-news","11":"tag-featurednews","12":"tag-headlines","13":"tag-internacional","14":"tag-international","15":"tag-international-news","16":"tag-internationalnews","17":"tag-latest-news","18":"tag-latestnews","19":"tag-news","20":"tag-noticias","21":"tag-noticias-destacadas","22":"tag-noticiasdestacadas","23":"tag-titulares","24":"tag-ultimas-noticias","25":"tag-ultimasnoticias","26":"tag-world","27":"tag-world-news","28":"tag-worldnews"},"share_on_mastodon":{"url":"https:\/\/pubeurope.com\/@es\/115858559443453405","error":""},"_links":{"self":[{"href":"https:\/\/www.europesays.com\/es\/wp-json\/wp\/v2\/posts\/329244","targetHints":{"allow":["GET"]}}],"collection":[{"href":"https:\/\/www.europesays.com\/es\/wp-json\/wp\/v2\/posts"}],"about":[{"href":"https:\/\/www.europesays.com\/es\/wp-json\/wp\/v2\/types\/post"}],"author":[{"embeddable":true,"href":"https:\/\/www.europesays.com\/es\/wp-json\/wp\/v2\/users\/2"}],"replies":[{"embeddable":true,"href":"https:\/\/www.europesays.com\/es\/wp-json\/wp\/v2\/comments?post=329244"}],"version-history":[{"count":0,"href":"https:\/\/www.europesays.com\/es\/wp-json\/wp\/v2\/posts\/329244\/revisions"}],"wp:featuredmedia":[{"embeddable":true,"href":"https:\/\/www.europesays.com\/es\/wp-json\/wp\/v2\/media\/329245"}],"wp:attachment":[{"href":"https:\/\/www.europesays.com\/es\/wp-json\/wp\/v2\/media?parent=329244"}],"wp:term":[{"taxonomy":"category","embeddable":true,"href":"https:\/\/www.europesays.com\/es\/wp-json\/wp\/v2\/categories?post=329244"},{"taxonomy":"post_tag","embeddable":true,"href":"https:\/\/www.europesays.com\/es\/wp-json\/wp\/v2\/tags?post=329244"}],"curies":[{"name":"wp","href":"https:\/\/api.w.org\/{rel}","templated":true}]}}