{"id":329246,"date":"2026-01-08T08:34:50","date_gmt":"2026-01-08T08:34:50","guid":{"rendered":"https:\/\/www.europesays.com\/es\/329246\/"},"modified":"2026-01-08T08:34:50","modified_gmt":"2026-01-08T08:34:50","slug":"que-hacer-en-leixample-esta-semana-distrito-de-leixample","status":"publish","type":"post","link":"https:\/\/www.europesays.com\/es\/329246\/","title":{"rendered":"\u00bfQu\u00e9 hacer en L&#8217;Eixample esta semana? | Distrito de l&#8217;Eixample"},"content":{"rendered":"<p><strong>Cine infantil:<\/strong> Guillot i llebre salven al bosc<br \/>Viernes 9 de enero, a las 18 h<br \/>Centro C\u00edvico Cotxeres Borrell (c. Viladomat, 2 \u2013 8)<br \/>Un castor vanidoso, un lago que amenaza el bosque y <a href=\"https:\/\/ajuntament.barcelona.cat\/eixample\/ca\/guia-del-districte\/agenda\/llistat-activitats\/projeccio-guillot-i-llebre-salven-al-bosc-99400771083\" rel=\"nofollow noopener\" target=\"_blank\">una historia de amistad y sacrificio<\/a>. Descubre c\u00f3mo los animales, unidos, luchan por salvar su hogar y aprender la verdadera importancia de lo que realmente tienen. Una actividad para ni\u00f1os a partir de los 5 a\u00f1os. <a href=\"https:\/\/cotxeresborrell.net\/activitat_cultural\/guillot-i-llebre-salven-al-bosc\/\" rel=\"nofollow noopener\" target=\"_blank\">Es necesaria inscripci\u00f3n previa<\/a>.<\/p>\n<p><strong>Exposici\u00f3n:<\/strong> M\u00e9s enll\u00e0 de la tempesta<br \/>Del 12 de enero al 21 de febrero<br \/>Centro Cultural La Casa Elizalde (c. Valencia, 302)<br \/>Las fotograf\u00edas de Irene Vil\u00e0 Capafons y Pau de la Calle ilustran como los habitantes de Bangladesh sufren continuamente las <a href=\"https:\/\/ajuntament.barcelona.cat\/eixample\/ca\/guia-del-districte\/agenda\/llistat-activitats\/exposicio-mes-enlla-de-la-tempesta-99400770570\" rel=\"nofollow noopener\" target=\"_blank\">consecuencias del cambio clim\u00e1tico<\/a> debido a la ubicaci\u00f3n del pa\u00eds. Como resultado, el territorio se enfrenta continuamente a desastres naturales, como ciclones, inundaciones, erosi\u00f3n y salinizaci\u00f3n del agua y la tierra.<\/p>\n<p><strong>Conferencia:<\/strong> Tatutges de Gulag<br \/>Martes 13 de enero, a las 19 h<br \/>Edificio de La Model (c. Enten\u00e7a, 155)<br \/>Sum\u00e9rgete en la <a href=\"https:\/\/ajuntament.barcelona.cat\/eixample\/ca\/guia-del-districte\/agenda\/llistat-activitats\/conferencia-tatuatges-de-gulag-99400770471\" rel=\"nofollow noopener\" target=\"_blank\">historia y el fen\u00f3meno de los tatuajes criminales rusos<\/a> y descubre c\u00f3mo se form\u00f3 este argot \u00fanico del mundo criminal.<\/p>\n<p><strong>Conferencia:<\/strong> La comunitat invisible del nostre cos: Microbioma i salut<br \/>Martes 13 de enero, a las 19 h<br \/>Centro C\u00edvico Casa Golferichs (Gran Via de les Corts Catalanes, 491)<br \/>Descubre c\u00f3mo los h\u00e1bitos cotidianos influyen en la composici\u00f3n y el equilibrio del <a href=\"https:\/\/ajuntament.barcelona.cat\/eixample\/ca\/guia-del-districte\/agenda\/llistat-activitats\/conferencia-la-comunitat-invisible-del-nostre-cos-microbioma-i-salut-99400734587\" rel=\"nofollow noopener\" target=\"_blank\">microbioma humano<\/a>. En la conferencia analizar\u00e9is c\u00f3mo este conjunto de microorganismos puede afectar a la salud digestiva, inmunol\u00f3gica e incluso mental.<\/p>\n<p><strong>Charla:<\/strong> Qu\u00e8 cal saber de les vacunes<br \/>Mi\u00e9rcoles 14 de enero, a las 10.30 h<br \/>Espacio Barcelona Cuida (c. Viladomat, 127)<br \/>Tienes dudas sobre la vacuna de la gripe o la de la COVID-19? La charla es un espacio de encuentro por <a href=\"https:\/\/ajuntament.barcelona.cat\/eixample\/ca\/guia-del-districte\/agenda\/llistat-activitats\/xerrada-que-cal-saber-de-les-vacunes-99400770822\" rel=\"nofollow noopener\" target=\"_blank\">resolver dudas sobre las vacunas<\/a>. Os explicar\u00e1n qu\u00e9 son, como funcionan, para qu\u00e9 sirven o cu\u00e1les son los objetivos de las campa\u00f1as de vacunaci\u00f3n.<\/p>\n<p><strong>Ciclo de filosof\u00eda Qu\u00e8 \u00e9s el temps?:<\/strong>\u00a0La vida contra el rellotge: una \u00e8tica som\u00e0tica<br \/>Mi\u00e9rcoles 14 de enero, a las 18.30 h<br \/>Biblioteca Esquerra de l\u2019Eixample \u2013 Agust\u00ed Centelles (c. Comte d\u2019Urgell, 145)<br \/>Explora y reflexiona c\u00f3mo <a href=\"https:\/\/ajuntament.barcelona.cat\/eixample\/ca\/guia-del-districte\/agenda\/llistat-activitats\/xx-cicle-de-filosofia-que-es-el-temps-la-vida-contra-el-rellotge-una-etica-somatica-a-carrec-de-francis-garcia-collado-99400770385\" rel=\"nofollow noopener\" target=\"_blank\">la vida contempor\u00e1nea se ha sometido al reloj<\/a> y qu\u00e9 significa recuperar el propio ritmo vital. Se hablar\u00e1 sobre la noci\u00f3n de duraci\u00f3n a partir de la filosof\u00eda de Bergson y la psicolog\u00eda de Janet, con el fin de interrogar la instituci\u00f3n humana y artificial del tiempo.<\/p>\n<p><strong>Conferencia:<\/strong> Sch\u00e9h\u00e9razade, de Rimski-Korsakov<br \/>Jueves 15 de enero, a las 16.15 h<br \/>Centro C\u00edvico Casa Golferichs (Gran Via de les Corts Catalanes, 491)<br \/>Descubre el encanto oriental de Sch\u00e9h\u00e9razade, la suite sinf\u00f3nica de Rimski-Korsakov inspirada en Las mil y una noches. <a href=\"https:\/\/ajuntament.barcelona.cat\/eixample\/ca\/guia-del-districte\/agenda\/llistat-activitats\/conferencia-scheherazade-de-rimski-korsakov-99400769294\" rel=\"nofollow noopener\" target=\"_blank\">Una charla<\/a> que analizar\u00e1 su estructura narrativa y la paleta orquestal cargada de color y fantas\u00eda. Aprender\u00e9is c\u00f3mo el compositor combina temas recurrentes (la voz del narrador, la voz del sult\u00e1n) en un relato musical fascinante. <a href=\"https:\/\/www.golferichs.org\/\" rel=\"nofollow noopener\" target=\"_blank\">Hace falta inscripci\u00f3n previa<\/a>.<\/p>\n<p><strong>Concierto M\u00fasica Z:<\/strong> GrooveStreet<br \/>Jueves 15 de enero, a las 20 h<br \/>Centro C\u00edvico Sagrada Fam\u00edlia (c. Provenza, 480)<br \/><a href=\"https:\/\/ajuntament.barcelona.cat\/eixample\/ca\/guia-del-districte\/agenda\/llistat-activitats\/concert-de-musica-z-amb-groovestreet-99400771082\" rel=\"nofollow noopener\" target=\"_blank\">Viaja a los a\u00f1os ochenta<\/a> a trav\u00e9s de un repertorio que combina temas cl\u00e1sicos de Sonny Rollins con piezas m\u00e1s revolucionarias como las de Herbie Hancock. El directo es una sorpresa constante llena de improvisaciones, en las que cada solo revela la visi\u00f3n musical de los integrantes de GrooveStreet y una complicidad que desborda el escenario. Esta actividad forma parte del <a href=\"https:\/\/ajuntament.barcelona.cat\/eixample\/ca\/noticies\/torna-el-musica-z-al-centre-civic-sagrada-familia-1588657\" rel=\"nofollow noopener\" target=\"_blank\">ciclo de audiciones M\u00fasica Z. <\/a><\/p>\n<p><strong>Exposici\u00f3n:<\/strong> \u2026 i la gota foradada<br \/>Del 15 de enero al 25 de febrero<br \/>Centro C\u00edvico Ateneu Fort Pienc (pl. Fort Pienc 4 \u2013 5)<br \/>La exposici\u00f3n <a href=\"https:\/\/ajuntament.barcelona.cat\/eixample\/ca\/guia-del-districte\/agenda\/llistat-activitats\/exposicio-i-la-gota-forada-99400771084\" rel=\"nofollow noopener\" target=\"_blank\">\u2018\u2026 i la gota forada\u2019<\/a> combina fotograf\u00eda, infograf\u00edas, sonido y objetos en un relato sobre los glaciares que se deshacen, sobre el agua que desaparece y que es sin\u00f3nimo de vida. Durante la inauguraci\u00f3n, el d\u00eda 15 de enero, se podr\u00e1 disfrutar de una presentaci\u00f3n y visita guiada a cargo de las artistas.<\/p>\n<p><strong>Taitx\u00ed y txikung en el parque de Joan Mir\u00f3<br \/><\/strong>Hasta julio de 2026<br \/>Parque de Joan Mir\u00f3 <br \/>Mejora tu salud a trav\u00e9s <a href=\"https:\/\/ajuntament.barcelona.cat\/eixample\/ca\/guia-del-districte\/agenda\/llistat-activitats\/activa-t-als-parcs-al-parc-de-joan-miro-99400593078\" rel=\"nofollow noopener\" target=\"_blank\">del taitx\u00ed o del txikung<\/a> mediante movimientos suaves y arm\u00f3nicos combinados con respiraci\u00f3n y concentraci\u00f3n mental. Todo el mundo puede participar, pero est\u00e1 especialmente indicado para personas mayores de 40 a\u00f1os.<\/p>\n<p><strong>Recogida de abetos de Navidad en L\u2019Eixample<br \/><\/strong>Hasta el 17 de enero<br \/>Diversos puntos de L\u2019Eixample<br \/>Del 7 al 17 de enero el vecindario podr\u00e1 dejar sus \u00e1rboles de Navidad y otros ornamentos vegetales en uno de los 36 <a href=\"https:\/\/ajuntament.barcelona.cat\/eixample\/ca\/noticies\/recollida-davets-de-nadal-a-leixample-1587658\" rel=\"nofollow noopener\" target=\"_blank\">puntos de recogida<\/a> habilitados en el Distrito.<\/p>\n<p><strong>Jugamos en las plazas<\/strong><br \/>S\u00e1bados de enero y febrero, de 11 a 14 h<br \/>Pl. Sagrada Fam\u00edlia<br \/>Los s\u00e1bados de enero y febrero, el programa <a href=\"https:\/\/ajuntament.barcelona.cat\/eixample\/ca\/noticies\/els-dissabtes-juguem-a-la-placa-de-la-sagrada-familia-1586498\" target=\"_blank\" rel=\"noopener nofollow\">\u2018Jugamos en las plazas\u2019<\/a> ofrece una matinal de actividades de juego para todas las edades con el objetivo de preservar los usos vecinales de esta zona. En L\u2019Eixample puedes disfrutar de las actividades en la plaza de la Sagrada Fam\u00edlia.<\/p>\n","protected":false},"excerpt":{"rendered":"Cine infantil: Guillot i llebre salven al boscViernes 9 de enero, a las 18 hCentro C\u00edvico Cotxeres Borrell&hellip;\n","protected":false},"author":2,"featured_media":329247,"comment_status":"","ping_status":"","sticky":false,"template":"","format":"standard","meta":{"footnotes":""},"categories":[8],"tags":[17,18,25,24,13,14,11,19,20,9,10,15,16,23,12,21,22],"class_list":{"0":"post-329246","1":"post","2":"type-post","3":"status-publish","4":"format-standard","5":"has-post-thumbnail","7":"category-espana","8":"tag-breaking-news","9":"tag-breakingnews","10":"tag-es","11":"tag-espana","12":"tag-featured-news","13":"tag-featurednews","14":"tag-headlines","15":"tag-latest-news","16":"tag-latestnews","17":"tag-news","18":"tag-noticias","19":"tag-noticias-destacadas","20":"tag-noticiasdestacadas","21":"tag-spain","22":"tag-titulares","23":"tag-ultimas-noticias","24":"tag-ultimasnoticias"},"share_on_mastodon":{"url":"https:\/\/pubeurope.com\/@es\/115858566221304779","error":""},"_links":{"self":[{"href":"https:\/\/www.europesays.com\/es\/wp-json\/wp\/v2\/posts\/329246","targetHints":{"allow":["GET"]}}],"collection":[{"href":"https:\/\/www.europesays.com\/es\/wp-json\/wp\/v2\/posts"}],"about":[{"href":"https:\/\/www.europesays.com\/es\/wp-json\/wp\/v2\/types\/post"}],"author":[{"embeddable":true,"href":"https:\/\/www.europesays.com\/es\/wp-json\/wp\/v2\/users\/2"}],"replies":[{"embeddable":true,"href":"https:\/\/www.europesays.com\/es\/wp-json\/wp\/v2\/comments?post=329246"}],"version-history":[{"count":0,"href":"https:\/\/www.europesays.com\/es\/wp-json\/wp\/v2\/posts\/329246\/revisions"}],"wp:featuredmedia":[{"embeddable":true,"href":"https:\/\/www.europesays.com\/es\/wp-json\/wp\/v2\/media\/329247"}],"wp:attachment":[{"href":"https:\/\/www.europesays.com\/es\/wp-json\/wp\/v2\/media?parent=329246"}],"wp:term":[{"taxonomy":"category","embeddable":true,"href":"https:\/\/www.europesays.com\/es\/wp-json\/wp\/v2\/categories?post=329246"},{"taxonomy":"post_tag","embeddable":true,"href":"https:\/\/www.europesays.com\/es\/wp-json\/wp\/v2\/tags?post=329246"}],"curies":[{"name":"wp","href":"https:\/\/api.w.org\/{rel}","templated":true}]}}