{"id":329250,"date":"2026-01-08T08:40:07","date_gmt":"2026-01-08T08:40:07","guid":{"rendered":"https:\/\/www.europesays.com\/es\/329250\/"},"modified":"2026-01-08T08:40:07","modified_gmt":"2026-01-08T08:40:07","slug":"rafa-jodar-sigue-imparable-y-pasa-a-semifinales-en-camberra","status":"publish","type":"post","link":"https:\/\/www.europesays.com\/es\/329250\/","title":{"rendered":"Rafa J\u00f3dar sigue imparable y pasa a semifinales en Camberra"},"content":{"rendered":"<p class=\"\"><b>Rafa J\u00f3dar contin\u00faa con su progresi\u00f3n en el mundo del tenis profesional. <\/b>El joven tenista espa\u00f1ol de 19 a\u00f1os ya est\u00e1 en <b>semifinales del Workday Canberra International, <\/b>el ATP Challenger de Camberra (Australia) despu\u00e9s de superar en los cuartos de final del torneo al japon\u00e9s <b>Sho Shimabukuro por 6-2 y 6-4<\/b> en apenas una hora de partido.<\/p>\n<p class=\"\">Un encuentro en el que J\u00f3dar llev\u00f3 la iniciativa casi de salida rompiendo el saque del japon\u00e9s en su primer turno al servicio del partido y consolidando el break para ponerse con 3-0. <b>El espa\u00f1ol tuvo hasta tres bolas de break para sacar para ganar la primera manga, pero finalmente la cerr\u00f3 al resto con una nueva rotura por 6-2.<\/b><\/p>\n<p class=\"\">En el segundo set Shimabukuro opuso m\u00e1s resistencia ante J\u00f3dar, ya que el japon\u00e9s y el espa\u00f1ol no cedieron en ning\u00fan momento su servicio y ni siquiera se concedieron bolas de break (J\u00f3dar no le dio a Shimabukuro ni una sola opci\u00f3n de rotura en todo el encuentro) hasta que, en el d\u00e9cimo juego, <b>J\u00f3dar aprovech\u00f3 la \u00fanica opci\u00f3n que tuvo de rotura para cerrar el set y el partido por 6-4 y sellar as\u00ed su clasificaci\u00f3n a semifinales <\/b>en su \u00faltimo gran desaf\u00edo antes de afrontar la previa del Open de Australia.<\/p>\n<p>Noticias relacionadas<\/p>\n<p class=\"\"><b>\u00a1Tus opiniones importan!<\/b> Comenta en los art\u00edculos y suscr\u00edbete gratis a nuestra <a href=\"https:\/\/asfan.as.com\/newsletters\/\" target=\"_blank\" rel=\"nofollow noopener\" title=\"https:\/\/asfan.as.com\/newsletters\/\">newsletter<\/a> y a las alertas informativas en la <a href=\"https:\/\/as.com\/aplicacion-de-as-n\/\" target=\"_blank\" rel=\"nofollow noopener\" title=\"https:\/\/as.com\/aplicacion-de-as-n\/\">App<\/a> o el canal de <a href=\"https:\/\/www.whatsapp.com\/channel\/0029VaAasdA7j6g745nz9M10\" target=\"_blank\" rel=\"nofollow noopener\" title=\"https:\/\/www.whatsapp.com\/channel\/0029VaAasdA7j6g745nz9M10\">WhatsApp<\/a>.<\/p>\n<p class=\"\">\u00bfBuscas licenciar contenido? Haz clic <a href=\"https:\/\/profesional.elpais.com\/soluciones-sindicacion?utm_medium=interno&amp;utm_source=crosslinking&amp;utm_campaign=sindicacion_as_pie_articulos\" target=\"_blank\" rel=\"nofollow noopener\" title=\"https:\/\/profesional.elpais.com\/soluciones-sindicacion?utm_medium=interno&amp;utm_source=crosslinking&amp;utm_campaign=sindicacion_as_pie_articulos\">aqu\u00ed<\/a><\/p>\n","protected":false},"excerpt":{"rendered":"Rafa J\u00f3dar contin\u00faa con su progresi\u00f3n en el mundo del tenis profesional. El joven tenista espa\u00f1ol de 19&hellip;\n","protected":false},"author":2,"featured_media":329251,"comment_status":"","ping_status":"","sticky":false,"template":"","format":"standard","meta":{"footnotes":""},"categories":[274],"tags":[168,25,24,23,167,327,326],"class_list":{"0":"post-329250","1":"post","2":"type-post","3":"status-publish","4":"format-standard","5":"has-post-thumbnail","7":"category-tenis","8":"tag-deportes","9":"tag-es","10":"tag-espana","11":"tag-spain","12":"tag-sports","13":"tag-tenis","14":"tag-tennis"},"share_on_mastodon":{"url":"https:\/\/pubeurope.com\/@es\/115858585890210168","error":""},"_links":{"self":[{"href":"https:\/\/www.europesays.com\/es\/wp-json\/wp\/v2\/posts\/329250","targetHints":{"allow":["GET"]}}],"collection":[{"href":"https:\/\/www.europesays.com\/es\/wp-json\/wp\/v2\/posts"}],"about":[{"href":"https:\/\/www.europesays.com\/es\/wp-json\/wp\/v2\/types\/post"}],"author":[{"embeddable":true,"href":"https:\/\/www.europesays.com\/es\/wp-json\/wp\/v2\/users\/2"}],"replies":[{"embeddable":true,"href":"https:\/\/www.europesays.com\/es\/wp-json\/wp\/v2\/comments?post=329250"}],"version-history":[{"count":0,"href":"https:\/\/www.europesays.com\/es\/wp-json\/wp\/v2\/posts\/329250\/revisions"}],"wp:featuredmedia":[{"embeddable":true,"href":"https:\/\/www.europesays.com\/es\/wp-json\/wp\/v2\/media\/329251"}],"wp:attachment":[{"href":"https:\/\/www.europesays.com\/es\/wp-json\/wp\/v2\/media?parent=329250"}],"wp:term":[{"taxonomy":"category","embeddable":true,"href":"https:\/\/www.europesays.com\/es\/wp-json\/wp\/v2\/categories?post=329250"},{"taxonomy":"post_tag","embeddable":true,"href":"https:\/\/www.europesays.com\/es\/wp-json\/wp\/v2\/tags?post=329250"}],"curies":[{"name":"wp","href":"https:\/\/api.w.org\/{rel}","templated":true}]}}