{"id":329345,"date":"2026-01-08T09:43:09","date_gmt":"2026-01-08T09:43:09","guid":{"rendered":"https:\/\/www.europesays.com\/es\/329345\/"},"modified":"2026-01-08T09:43:09","modified_gmt":"2026-01-08T09:43:09","slug":"publicadas-las-ayudas-a-la-conciliacion-del-valle-de-egues-2026-ayuntamiento-valle-de-egues","status":"publish","type":"post","link":"https:\/\/www.europesays.com\/es\/329345\/","title":{"rendered":"PUBLICADAS LAS AYUDAS A LA CONCILIACI\u00d3N DEL VALLE DE EG\u00dc\u00c9S 2026 \u2013 Ayuntamiento Valle de Eg\u00fc\u00e9s"},"content":{"rendered":"<p>Enlace al BON: <a href=\"https:\/\/bon.navarra.es\/es\/anuncio\/-\/texto\/2026\/4\/60\" target=\"_blank\" rel=\"noopener nofollow\">https:\/\/bon.navarra.es\/es\/anuncio\/-\/texto\/2026\/4\/60<\/a><\/p>\n<p>El Ayuntamiento del Valle de Eg\u00fc\u00e9s pone a disposici\u00f3n de la ciudadan\u00eda las ayudas para facilitar la conciliaci\u00f3n laboral y familiar de 2026. Estas tienen por objeto regular el procedimiento jur\u00eddico para la concesi\u00f3n de las subvenciones que se conceden por el Ayuntamiento del Valle de Eg\u00fc\u00e9s, en r\u00e9gimen de concurrencia competitiva, a aquellas familias empadronadas y residentes en el Valle de Eg\u00fc\u00e9s con menores a su cargo, que nacieron de 2014 en adelante, o menores con una discapacidad igual o superior al 33%, y que utilicen recursos de conciliaci\u00f3n durante los periodos no lectivos del a\u00f1o 2026.<\/p>\n<p>Estos periodos son:<\/p>\n<ul>\n<li>Navidad, del 22 de diciembre de 2025 al 5 de enero de 2026.<\/li>\n<li>Carnaval, del 16 al 20 de febrero<\/li>\n<li>Semana Santa, del 7 al 10 de abril<\/li>\n<li>Verano, del 22 de junio al 10 de septiembre<\/li>\n<\/ul>\n<p>Las acciones subvencionables pueden ser inscripci\u00f3n en servicios de conciliaci\u00f3n, guarder\u00edas, escuelas infantiles, casas amigas, campamentos y actividades de ocio y tiempo libre, siempre y cuando su duraci\u00f3n diaria supere las 3 horas diarias. Se incluye tambi\u00e9n, dentro de las acciones subvencionables, el pago de la seguridad social de una persona cuidadora.<\/p>\n<p>La ayuda consistir\u00e1 en el pago (ya sea en uno solo de los periodos sujetos a obtenci\u00f3n de ayuda o en varios de ellos) de hasta un m\u00e1ximo de 150\u20ac para unidades familiares con un\/a menor, 300\u20ac para unidades familiares con dos menores y de 450\u20ac para unidades familiares con tres menores o m\u00e1s.<\/p>\n<p>El plazo de presentaci\u00f3n de las solicitudes dar\u00e1 comienzo al d\u00eda siguiente de la publicaci\u00f3n en el BON y tendr\u00e1n los siguientes plazos:<\/p>\n<ul>\n<li>Periodo de Navidad: plazo hasta el 20 de febrero de 2026.<\/li>\n<li>Periodo de Carnavales: plazo hasta el 20 de marzo de 2026.<\/li>\n<li>Periodo de Semana Santa: plazo hasta el 10 de mayo de 2026.<\/li>\n<li>Verano hasta el 30 de septiembre de 2026.<\/li>\n<\/ul>\n<p>Las solicitudes se podr\u00e1n realizar en la oficina de atenci\u00f3n a la ciudadan\u00eda (OAC) o a trav\u00e9s de la sede electr\u00f3nica municipal.<\/p>\n<p>DESCARGA AQU\u00cd LA DOCUMENTACI\u00d3N:<\/p>\n","protected":false},"excerpt":{"rendered":"Enlace al BON: https:\/\/bon.navarra.es\/es\/anuncio\/-\/texto\/2026\/4\/60 El Ayuntamiento del Valle de Eg\u00fc\u00e9s pone a disposici\u00f3n de la ciudadan\u00eda las ayudas&hellip;\n","protected":false},"author":2,"featured_media":329346,"comment_status":"","ping_status":"","sticky":false,"template":"","format":"standard","meta":{"footnotes":""},"categories":[8],"tags":[17,18,25,24,13,14,11,19,20,9,10,15,16,23,12,21,22],"class_list":{"0":"post-329345","1":"post","2":"type-post","3":"status-publish","4":"format-standard","5":"has-post-thumbnail","7":"category-espana","8":"tag-breaking-news","9":"tag-breakingnews","10":"tag-es","11":"tag-espana","12":"tag-featured-news","13":"tag-featurednews","14":"tag-headlines","15":"tag-latest-news","16":"tag-latestnews","17":"tag-news","18":"tag-noticias","19":"tag-noticias-destacadas","20":"tag-noticiasdestacadas","21":"tag-spain","22":"tag-titulares","23":"tag-ultimas-noticias","24":"tag-ultimasnoticias"},"share_on_mastodon":{"url":"https:\/\/pubeurope.com\/@es\/115858833675552676","error":""},"_links":{"self":[{"href":"https:\/\/www.europesays.com\/es\/wp-json\/wp\/v2\/posts\/329345","targetHints":{"allow":["GET"]}}],"collection":[{"href":"https:\/\/www.europesays.com\/es\/wp-json\/wp\/v2\/posts"}],"about":[{"href":"https:\/\/www.europesays.com\/es\/wp-json\/wp\/v2\/types\/post"}],"author":[{"embeddable":true,"href":"https:\/\/www.europesays.com\/es\/wp-json\/wp\/v2\/users\/2"}],"replies":[{"embeddable":true,"href":"https:\/\/www.europesays.com\/es\/wp-json\/wp\/v2\/comments?post=329345"}],"version-history":[{"count":0,"href":"https:\/\/www.europesays.com\/es\/wp-json\/wp\/v2\/posts\/329345\/revisions"}],"wp:featuredmedia":[{"embeddable":true,"href":"https:\/\/www.europesays.com\/es\/wp-json\/wp\/v2\/media\/329346"}],"wp:attachment":[{"href":"https:\/\/www.europesays.com\/es\/wp-json\/wp\/v2\/media?parent=329345"}],"wp:term":[{"taxonomy":"category","embeddable":true,"href":"https:\/\/www.europesays.com\/es\/wp-json\/wp\/v2\/categories?post=329345"},{"taxonomy":"post_tag","embeddable":true,"href":"https:\/\/www.europesays.com\/es\/wp-json\/wp\/v2\/tags?post=329345"}],"curies":[{"name":"wp","href":"https:\/\/api.w.org\/{rel}","templated":true}]}}