{"id":329365,"date":"2026-01-08T09:59:09","date_gmt":"2026-01-08T09:59:09","guid":{"rendered":"https:\/\/www.europesays.com\/es\/329365\/"},"modified":"2026-01-08T09:59:09","modified_gmt":"2026-01-08T09:59:09","slug":"quien-sera-la-actriz-que-interprete-este-papel","status":"publish","type":"post","link":"https:\/\/www.europesays.com\/es\/329365\/","title":{"rendered":"\u00bfQui\u00e9n ser\u00e1 la actriz que interprete este papel?"},"content":{"rendered":"<p>      <a class=\"link  \" href=\"https:\/\/www.tvazteca.com\/aztecauno\/ventaneando\/galerias\/echa-un-vistazo-a-las-mejores-fotos-de-melissa-barrera-la-mexicana-que-esta-causando-furor-en-hollywood\" target=\"_blank\" rel=\"nofollow noopener\"><b>Melissa Barrera<\/b><\/a><\/p>\n<p> ha sobresalido en el mundo de la actuaci\u00f3n, en Hollywood ha sido parte de diversos proyectos como <b>Scream 6, Scream 5, Abigail, Your Monster, No Descansar\u00e1s, Carmen,<\/b> <b>En El Barrio, entre otros<\/b>. La actriz antes de despegar su carrera actoral form\u00f3 parte de uno de los realities m\u00e1s importantes de m\u00fasica: <b>La Academia de TV Azteca, en donde destac\u00f3 por su maravillosa voz.<\/b> Hoy Melissa se ha vuelto viral debido a que hay rumores de que podr\u00eda ser la pr\u00f3xima Mujer Maravilla, sum\u00e1ndose al Universo Cinematogr\u00e1fico de Marvel. Aqu\u00ed te contamos todo lo que se sabe al respecto.<\/p>\n<p>\u00bfPor qu\u00e9 Melissa Barrera podr\u00eda ser la nueva Mujer Maravilla del UCM?\n<\/p>\n<p>En una entrevista reciente el actor <b>Simu Liu<\/b>, mejor conocido por su papel en <b>Shang-Chi<\/b> destac\u00f3 las cualidades que posee la regiomontana, entre ellas las que tienen que ver con la fuerza y condici\u00f3n f\u00edsica. Melissa y Simu trabajaron juntos en <b>The Copenhagen Test<\/b>, serie de ciencia ficci\u00f3n y espionaje, d\u00f3nde \u00e9l pudo conocer el trabajo de la actriz.<\/p>\n<p>Simu Liu reiter\u00f3 que Melissa es una mujer comprometida y que se exige mucho. <b>Destac\u00f3 que durante las grabaciones de la serie la actriz realiz\u00f3 tan bien las escenas de riesgo que \u00e9l pens\u00f3 que ella ser\u00eda perfecta para interpretar a la pr\u00f3xima Mujer Maravilla.<\/b> La entrevista ya se est\u00e1 volviendo viral y muchos usuarios reconocen que ella ser\u00eda una gran opci\u00f3n debido a su esfuerzo.<\/p>\n<p>\u00bfQu\u00e9 actrices han interpretado a la Mujer Maravilla?\n<\/p>\n<p>Una de las actrices m\u00e1s sombradas durante los \u00faltimos a\u00f1os ha sido <b>Gal Gado<\/b>t, qui\u00e9n hizo su debut como la <b>Mujer Maravilla<\/b>, pel\u00edcula dirigida por <b>Patty Jenkins en 2017<\/b>. La actriz es una de las favoritas del <b>UCM<\/b> debido a que super\u00f3 cualquier expectativa de este ic\u00f3nico personaje. Sin embargo, otras actrices como <b>Lynda Carter, Cathy Lee Crosby, Adrianne Palicki y Ellie Wood Walker<\/b> tambi\u00e9n le han dado vida a este personaje.<\/p>\n<p>Cada uno de los fans ha tenido a sus favoritas dependiendo de la actuaci\u00f3n del actor e incluso la \u00e9poca, ya que hay pel\u00edculas que conectan mejor con ciertas generaciones.<\/p>\n","protected":false},"excerpt":{"rendered":"Melissa Barrera ha sobresalido en el mundo de la actuaci\u00f3n, en Hollywood ha sido parte de diversos proyectos&hellip;\n","protected":false},"author":2,"featured_media":329366,"comment_status":"","ping_status":"","sticky":false,"template":"","format":"standard","meta":{"footnotes":""},"categories":[169],"tags":[75989,177,146,147,25,24,176,2631,69144,175,75990,23,23969],"class_list":{"0":"post-329365","1":"post","2":"type-post","3":"status-publish","4":"format-standard","5":"has-post-thumbnail","7":"category-cine","8":"tag-actriz-que-sera-la-mujer-maravilla","9":"tag-cine","10":"tag-entertainment","11":"tag-entretenimiento","12":"tag-es","13":"tag-espana","14":"tag-film","15":"tag-marvel","16":"tag-melissa-barrera","17":"tag-movies","18":"tag-mujer-maravilla","19":"tag-spain","20":"tag-wonder-woman"},"share_on_mastodon":{"url":"https:\/\/pubeurope.com\/@es\/115858896557918379","error":""},"_links":{"self":[{"href":"https:\/\/www.europesays.com\/es\/wp-json\/wp\/v2\/posts\/329365","targetHints":{"allow":["GET"]}}],"collection":[{"href":"https:\/\/www.europesays.com\/es\/wp-json\/wp\/v2\/posts"}],"about":[{"href":"https:\/\/www.europesays.com\/es\/wp-json\/wp\/v2\/types\/post"}],"author":[{"embeddable":true,"href":"https:\/\/www.europesays.com\/es\/wp-json\/wp\/v2\/users\/2"}],"replies":[{"embeddable":true,"href":"https:\/\/www.europesays.com\/es\/wp-json\/wp\/v2\/comments?post=329365"}],"version-history":[{"count":0,"href":"https:\/\/www.europesays.com\/es\/wp-json\/wp\/v2\/posts\/329365\/revisions"}],"wp:featuredmedia":[{"embeddable":true,"href":"https:\/\/www.europesays.com\/es\/wp-json\/wp\/v2\/media\/329366"}],"wp:attachment":[{"href":"https:\/\/www.europesays.com\/es\/wp-json\/wp\/v2\/media?parent=329365"}],"wp:term":[{"taxonomy":"category","embeddable":true,"href":"https:\/\/www.europesays.com\/es\/wp-json\/wp\/v2\/categories?post=329365"},{"taxonomy":"post_tag","embeddable":true,"href":"https:\/\/www.europesays.com\/es\/wp-json\/wp\/v2\/tags?post=329365"}],"curies":[{"name":"wp","href":"https:\/\/api.w.org\/{rel}","templated":true}]}}