{"id":329379,"date":"2026-01-08T10:06:25","date_gmt":"2026-01-08T10:06:25","guid":{"rendered":"https:\/\/www.europesays.com\/es\/329379\/"},"modified":"2026-01-08T10:06:25","modified_gmt":"2026-01-08T10:06:25","slug":"el-hospital-publico-puerta-de-hierro-majadahonda-dice-adios-a-la-navidad-con-la-visita-de-los-reyes-magos","status":"publish","type":"post","link":"https:\/\/www.europesays.com\/es\/329379\/","title":{"rendered":"El Hospital p\u00fablico Puerta de Hierro Majadahonda dice adi\u00f3s a la Navidad con la visita de los Reyes Magos"},"content":{"rendered":"<p>Sus Majestades de Oriente repartieron tambi\u00e9n algunos regalos a los ni\u00f1os y mayores hospitalizados que fueron cedidos, respectivamente, por la jugadora de p\u00e1del madrile\u00f1a, Marta Ortega, y por la asociaci\u00f3n &#8216;MIMA mis mayores\u2019, en el marco de la campa\u00f1a \u201cNing\u00fan Mayor Sin Regalos\u201d.<\/p>\n<p>A continuaci\u00f3n, los Reyes Magos fueron recibidos por ni\u00f1os y mayores en el sal\u00f3n de actos del hospital, donde entregaron los premios a los ganadores del 10\u00ba Concurso de Felicitaciones Navide\u00f1as que organiza anualmente el hospital y conversaron con los ni\u00f1os presentes en el acto sobre sus deseos para este nuevo a\u00f1o.<\/p>\n<p><strong>Sorpresas y visitas que trajeron ilusi\u00f3n a peque\u00f1os y mayores<\/strong><\/p>\n<p>Los d\u00edas previos a Nochebuena y Navidad, el Hospital Puerta de Hierro Majadahonda recibi\u00f3 varias visitas de deportistas del club\u00a0Atl\u00e9tico de Madrid y de los bomberos de la Comunidad de Madrid. Estos \u00faltimos realizaron una exhibici\u00f3n de descenso con cuerdas por una de las fachadas del hospital, que los ni\u00f1os ingresados pudieron seguir desde el interior del edificio.<\/p>\n<p>La alcaldesa de Majadahonda, Lola Moreno, tambi\u00e9n acudi\u00f3 al Hospital Puerta de Hierro de la localidad madrile\u00f1a acompa\u00f1ada por varios miembros de la Polic\u00eda Local para visitar a los ni\u00f1os hospitalizados. Todas estas visitas consiguieron que los pacientes y sus familias se olvidaran de por qu\u00e9 est\u00e1n en el hospital y supusieron para ellos un respiro emocional y de alegr\u00eda compartida.<\/p>\n<p>Adem\u00e1s de las mencionadas visitas, durante la Navidad se han celebrado en el Hospital Puerta de Hierro otros eventos como el festival organizado por los pacientes y profesionales del Hospital de D\u00eda de Psiquiatr\u00eda Infanto-juvenil, que incluy\u00f3 diversas actuaciones teatrales y musicales y un concierto de la banda Hulot Band Plus, que interpret\u00f3, en el hall principal del hospital, algunas canciones de su repertorio, as\u00ed como varios villancicos navide\u00f1os.<\/p>\n<p>Con todas estas iniciativas el Hospital Puerta de Hierro Majadahonda ha despedido 2025 y ha recibido un nuevo a\u00f1o que, esperamos, traiga mucha salud y felicidad para todos.<\/p>\n","protected":false},"excerpt":{"rendered":"Sus Majestades de Oriente repartieron tambi\u00e9n algunos regalos a los ni\u00f1os y mayores hospitalizados que fueron cedidos, respectivamente,&hellip;\n","protected":false},"author":2,"featured_media":329380,"comment_status":"","ping_status":"","sticky":false,"template":"","format":"standard","meta":{"footnotes":""},"categories":[8],"tags":[17,18,25,24,13,14,11,19,20,9,10,15,16,23,12,21,22],"class_list":{"0":"post-329379","1":"post","2":"type-post","3":"status-publish","4":"format-standard","5":"has-post-thumbnail","7":"category-espana","8":"tag-breaking-news","9":"tag-breakingnews","10":"tag-es","11":"tag-espana","12":"tag-featured-news","13":"tag-featurednews","14":"tag-headlines","15":"tag-latest-news","16":"tag-latestnews","17":"tag-news","18":"tag-noticias","19":"tag-noticias-destacadas","20":"tag-noticiasdestacadas","21":"tag-spain","22":"tag-titulares","23":"tag-ultimas-noticias","24":"tag-ultimasnoticias"},"share_on_mastodon":{"url":"https:\/\/pubeurope.com\/@es\/115858924146515238","error":""},"_links":{"self":[{"href":"https:\/\/www.europesays.com\/es\/wp-json\/wp\/v2\/posts\/329379","targetHints":{"allow":["GET"]}}],"collection":[{"href":"https:\/\/www.europesays.com\/es\/wp-json\/wp\/v2\/posts"}],"about":[{"href":"https:\/\/www.europesays.com\/es\/wp-json\/wp\/v2\/types\/post"}],"author":[{"embeddable":true,"href":"https:\/\/www.europesays.com\/es\/wp-json\/wp\/v2\/users\/2"}],"replies":[{"embeddable":true,"href":"https:\/\/www.europesays.com\/es\/wp-json\/wp\/v2\/comments?post=329379"}],"version-history":[{"count":0,"href":"https:\/\/www.europesays.com\/es\/wp-json\/wp\/v2\/posts\/329379\/revisions"}],"wp:featuredmedia":[{"embeddable":true,"href":"https:\/\/www.europesays.com\/es\/wp-json\/wp\/v2\/media\/329380"}],"wp:attachment":[{"href":"https:\/\/www.europesays.com\/es\/wp-json\/wp\/v2\/media?parent=329379"}],"wp:term":[{"taxonomy":"category","embeddable":true,"href":"https:\/\/www.europesays.com\/es\/wp-json\/wp\/v2\/categories?post=329379"},{"taxonomy":"post_tag","embeddable":true,"href":"https:\/\/www.europesays.com\/es\/wp-json\/wp\/v2\/tags?post=329379"}],"curies":[{"name":"wp","href":"https:\/\/api.w.org\/{rel}","templated":true}]}}