{"id":329395,"date":"2026-01-08T10:21:10","date_gmt":"2026-01-08T10:21:10","guid":{"rendered":"https:\/\/www.europesays.com\/es\/329395\/"},"modified":"2026-01-08T10:21:10","modified_gmt":"2026-01-08T10:21:10","slug":"supercopa-de-espana-fc-barcelona-5-athletic-club-0-en-directo-en-radio-nervion","status":"publish","type":"post","link":"https:\/\/www.europesays.com\/es\/329395\/","title":{"rendered":"Supercopa de Espa\u00f1a: FC Barcelona 5 &#8211; Athletic Club 0, en directo en Radio Nervi\u00f3n"},"content":{"rendered":"<p data-start=\"320\" data-end=\"735\">El <a href=\"https:\/\/www.radionervion.com\/2026\/01\/05\/fc-barcelona-athletic-club-posibles-alineaciones-de-la-semifinal-de-supercopa\/\" rel=\"nofollow noopener\" target=\"_blank\"><strong data-start=\"323\" data-end=\"340\">Athletic Club<\/strong><\/a> afronta este mi\u00e9rcoles la semifinal de la <a href=\"https:\/\/www.laliga.com\/otras-competiciones\/supercopa-de-espana\" target=\"_blank\" rel=\"noopener nofollow\"><strong data-start=\"383\" data-end=\"406\">Supercopa de Espa\u00f1a<\/strong><\/a> frente al <strong data-start=\"417\" data-end=\"433\">FC Barcelona<\/strong> con la convicci\u00f3n de que este tipo de partidos tambi\u00e9n forman parte de su ADN competitivo. El escenario es exigente, el rival poderoso y el contexto, de m\u00e1xima exposici\u00f3n, pero el equipo de <strong data-start=\"624\" data-end=\"644\">Ernesto Valverde<\/strong> ha demostrado en los \u00faltimos tiempos que sabe competir sin complejos en las grandes citas.<\/p>\n<p data-start=\"737\" data-end=\"1106\">El conjunto rojiblanco llega a Yeda con la idea clara de ser fiel a su identidad: intensidad, orden y valent\u00eda. En un partido a todo o nada, minimizar errores y aprovechar cada detalle ser\u00e1 clave ante un Barcelona que maneja m\u00e1s bal\u00f3n, pero que no siempre se siente c\u00f3modo cuando el ritmo se vuelve alto y el duelo se ensucia.<\/p>\n<p>    Publicidad<\/p>\n<p data-start=\"1118\" data-end=\"1526\">El Athletic sabe que no le sobra nada, pero tambi\u00e9n que tiene argumentos. La solidez colectiva, el compromiso defensivo y la capacidad para castigar en transiciones r\u00e1pidas pueden equilibrar un choque que, sobre el papel, sit\u00faa al Bar\u00e7a como favorito. A partir de ah\u00ed, la semifinal de la Supercopa se jugar\u00e1 en el terreno donde los rojiblancos se sienten fuertes: el de la fe en el grupo y la competitividad sin concesiones.<\/p>\n<p>Alineaci\u00f3n Athletic<\/p>\n<blockquote class=\"twitter-tweet\">\n<p dir=\"ltr\" lang=\"es\">\ud83d\udccb \ud835\uddd4\ud835\udddf\ud835\udddc\ud835\udde1\ud835\uddd8\ud835\uddd4\ud835\uddd6\ud835\udddc\ud835\udde2\u0301\ud835\udde1 \ud83c\udd9a <a href=\"https:\/\/twitter.com\/FCBarcelona_es?ref_src=twsrc%5Etfw\" rel=\"nofollow noopener\" target=\"_blank\">@FCBarcelona_es<\/a><\/p>\n<p>\u00a1Nuestros leones! <a href=\"https:\/\/twitter.com\/hashtag\/Bar%C3%A7aAthletic?src=hash&amp;ref_src=twsrc%5Etfw\" rel=\"nofollow noopener\" target=\"_blank\">#Bar\u00e7aAthletic<\/a> \ud83c\udfc6 <a href=\"https:\/\/twitter.com\/hashtag\/AthleticClub?src=hash&amp;ref_src=twsrc%5Etfw\" rel=\"nofollow noopener\" target=\"_blank\">#AthleticClub<\/a> \ud83e\udd81 <a href=\"https:\/\/t.co\/lz3a157LX5\" rel=\"nofollow\">pic.twitter.com\/lz3a157LX5<\/a><\/p>\n<p>\u2014 Athletic Club (@AthleticClub) <a href=\"https:\/\/twitter.com\/AthleticClub\/status\/2008958097285636556?ref_src=twsrc%5Etfw\" rel=\"nofollow noopener\" target=\"_blank\">January 7, 2026<\/a><\/p>\n<\/blockquote>\n<p>Alineaci\u00f3n FC Barcelona<\/p>\n<blockquote class=\"twitter-tweet\">\n<p dir=\"ltr\" lang=\"en\">\ud83d\udccb \ud835\udde2\ud835\udde1\ud835\uddd6\ud835\uddd8 \ud835\udddc\ud835\udde1\ud835\udddc\ud835\uddd6\ud835\udddc\ud835\uddd4\ud835\udddf <a href=\"https:\/\/twitter.com\/hashtag\/AthleticBar%C3%A7a?src=hash&amp;ref_src=twsrc%5Etfw\" rel=\"nofollow noopener\" target=\"_blank\">#AthleticBar\u00e7a<\/a> <a href=\"https:\/\/t.co\/aza1K0We8x\" rel=\"nofollow\">pic.twitter.com\/aza1K0We8x<\/a><\/p>\n<p>\u2014 FC Barcelona (@FCBarcelona_es) <a href=\"https:\/\/twitter.com\/FCBarcelona_es\/status\/2008961861664842219?ref_src=twsrc%5Etfw\" rel=\"nofollow noopener\" target=\"_blank\">January 7, 2026<\/a><\/p>\n<\/blockquote>\n<p>\t\t\t<script async src=\"https:\/\/platform.twitter.com\/widgets.js\" charset=\"utf-8\"><\/script><\/p>\n","protected":false},"excerpt":{"rendered":"El Athletic Club afronta este mi\u00e9rcoles la semifinal de la Supercopa de Espa\u00f1a frente al FC Barcelona con&hellip;\n","protected":false},"author":2,"featured_media":220487,"comment_status":"","ping_status":"","sticky":false,"template":"","format":"standard","meta":{"footnotes":""},"categories":[170],"tags":[2203,146,147,22720,25,24,881,184,185,16388,23,20421,75996],"class_list":{"0":"post-329395","1":"post","2":"type-post","3":"status-publish","4":"format-standard","5":"has-post-thumbnail","7":"category-musica","8":"tag-athletic-club","9":"tag-entertainment","10":"tag-entretenimiento","11":"tag-ernesto-valverde","12":"tag-es","13":"tag-espana","14":"tag-fc-barcelona","15":"tag-music","16":"tag-musica","17":"tag-semifinal","18":"tag-spain","19":"tag-supercopa-de-espana","20":"tag-yeda"},"share_on_mastodon":{"url":"https:\/\/pubeurope.com\/@es\/115858983064300754","error":""},"_links":{"self":[{"href":"https:\/\/www.europesays.com\/es\/wp-json\/wp\/v2\/posts\/329395","targetHints":{"allow":["GET"]}}],"collection":[{"href":"https:\/\/www.europesays.com\/es\/wp-json\/wp\/v2\/posts"}],"about":[{"href":"https:\/\/www.europesays.com\/es\/wp-json\/wp\/v2\/types\/post"}],"author":[{"embeddable":true,"href":"https:\/\/www.europesays.com\/es\/wp-json\/wp\/v2\/users\/2"}],"replies":[{"embeddable":true,"href":"https:\/\/www.europesays.com\/es\/wp-json\/wp\/v2\/comments?post=329395"}],"version-history":[{"count":0,"href":"https:\/\/www.europesays.com\/es\/wp-json\/wp\/v2\/posts\/329395\/revisions"}],"wp:featuredmedia":[{"embeddable":true,"href":"https:\/\/www.europesays.com\/es\/wp-json\/wp\/v2\/media\/220487"}],"wp:attachment":[{"href":"https:\/\/www.europesays.com\/es\/wp-json\/wp\/v2\/media?parent=329395"}],"wp:term":[{"taxonomy":"category","embeddable":true,"href":"https:\/\/www.europesays.com\/es\/wp-json\/wp\/v2\/categories?post=329395"},{"taxonomy":"post_tag","embeddable":true,"href":"https:\/\/www.europesays.com\/es\/wp-json\/wp\/v2\/tags?post=329395"}],"curies":[{"name":"wp","href":"https:\/\/api.w.org\/{rel}","templated":true}]}}