{"id":329420,"date":"2026-01-08T10:39:08","date_gmt":"2026-01-08T10:39:08","guid":{"rendered":"https:\/\/www.europesays.com\/es\/329420\/"},"modified":"2026-01-08T10:39:08","modified_gmt":"2026-01-08T10:39:08","slug":"el-barca-ha-tardado-cuatro-anos-en-pagarme","status":"publish","type":"post","link":"https:\/\/www.europesays.com\/es\/329420\/","title":{"rendered":"El Bar\u00e7a ha tardado cuatro a\u00f1os en pagarme"},"content":{"rendered":"<p class=\"ft-text\">El exentrenador blaugrana, Quique Seti\u00e9n, habl\u00f3 de su corta etapa en el Bar\u00e7a que acab\u00f3 con el fat\u00eddico 2-8 de la Champions ante el Bayern, una goleada que provoc\u00f3 su destituci\u00f3n como t\u00e9cnico blaugrana. <a class=\"ft-link ft-link--decoration\" href=\"https:\/\/www.sport.es\/es\/noticias\/laliga\/quique-setien-volver-entenar-109037712\" rel=\"nofollow noopener\" target=\"_blank\">Seti\u00e9n revel\u00f3 que, por fin, ha conseguido cobrar todo lo que le adeudaba el club<\/a>: <strong>\u00abYa se solucion\u00f3 todo.<\/strong>\u00a0<strong>El Bar\u00e7a tard\u00f3 3-4 a\u00f1os en pagarme, pero ya cumplieron con todos los pagos que me deb\u00edan y ya no me deben nada<\/strong>. <strong>Ahora estoy esperando al Villarreal, que todav\u00eda no he cobrado nada y hace casi tres a\u00f1os, el tema est\u00e1 en el juzgado. No te esperas que estas cosas pasen en equipos tan grandes como estos\u00bb<\/strong>, indic\u00f3 a la &#8216;Cadena Ser&#8217;.<\/p>\n<p class=\"ft-text\"><a class=\"ft-link ft-link--decoration\" href=\"https:\/\/www.sport.es\/es\/noticias\/laliga\/roig-responde-setien-clubs-tenido-108444188\" rel=\"nofollow noopener\" target=\"_blank\">Seti\u00e9n admiti\u00f3 que no se equivoc\u00f3 al ir al Bar\u00e7a, aunque le toc\u00f3 vivir una \u00e9poca muy complicada y con pocos recursos econ\u00f3micos. Un fin de ciclo<\/a>: \u00ab<strong>No me arrepiento de haber ido al Bar\u00e7a\u00a0en lugar de Egipto. Es verdad que<\/strong>\u00a0<strong>me hubiera gustado que hubiera sido de otra manera<\/strong>, en un momento en el que est\u00e1 ahora el Bar\u00e7a.\u00a0<strong>Con gente joven, chavales ilusionados, con entusiasmo y con buen ambiente<\/strong>. <strong>Fue totalmente diferente, tristemente\u00bb, indic\u00f3.<\/strong><\/p>\n<p class=\"ft-text\">El t\u00e9cnico, que ha dejado recientemente la liga china tambi\u00e9n habl\u00f3 del enfrentamiento copero entre el Racing y el Bar\u00e7a: <strong>\u00abEl Racing se lo merece. Lo que est\u00e1 pasando en el Sardinero es extraordinario. El campo se llena, la afici\u00f3n est\u00e1 identificada con el equipo. Se han recibido dos golpes con los no ascensos, pero no perdemos la ilusi\u00f3n de volver. El Racing es el equipo que mejor juega de la categor\u00eda\u00bb.<\/strong><\/p>\n<p class=\"ft-text\">Por \u00faltimo, Seti\u00e9n lanz\u00f3 elogios al Bar\u00e7a de Flick: <strong>\u00abLos futbolistas son los protagonistas. Me parece que la influencia de Flick es muy alta. Es un hombre muy exigente y que la plantilla ha aceptado la propuesta que ha llevado. Aunque parezca una idea suicida a veces, le da mucho m\u00e1s al Bar\u00e7a de lo que le quita. Est\u00e1 haciendo un equipo joven que ir\u00e1 creciendo con el tiempo. Me parece un equipo muy solvente y me gusta\u201d.<\/strong><\/p>\n","protected":false},"excerpt":{"rendered":"El exentrenador blaugrana, Quique Seti\u00e9n, habl\u00f3 de su corta etapa en el Bar\u00e7a que acab\u00f3 con el fat\u00eddico&hellip;\n","protected":false},"author":2,"featured_media":329421,"comment_status":"","ping_status":"","sticky":false,"template":"","format":"standard","meta":{"footnotes":""},"categories":[268],"tags":[2296,210,2297,168,25,24,280,282,76006,281,23,167],"class_list":{"0":"post-329420","1":"post","2":"type-post","3":"status-publish","4":"format-standard","5":"has-post-thumbnail","7":"category-futbol","8":"tag-barca","9":"tag-barcelona","10":"tag-barsa","11":"tag-deportes","12":"tag-es","13":"tag-espana","14":"tag-football","15":"tag-futbol","16":"tag-quique-setien","17":"tag-soccer","18":"tag-spain","19":"tag-sports"},"share_on_mastodon":{"url":"https:\/\/pubeurope.com\/@es\/115859053958816532","error":""},"_links":{"self":[{"href":"https:\/\/www.europesays.com\/es\/wp-json\/wp\/v2\/posts\/329420","targetHints":{"allow":["GET"]}}],"collection":[{"href":"https:\/\/www.europesays.com\/es\/wp-json\/wp\/v2\/posts"}],"about":[{"href":"https:\/\/www.europesays.com\/es\/wp-json\/wp\/v2\/types\/post"}],"author":[{"embeddable":true,"href":"https:\/\/www.europesays.com\/es\/wp-json\/wp\/v2\/users\/2"}],"replies":[{"embeddable":true,"href":"https:\/\/www.europesays.com\/es\/wp-json\/wp\/v2\/comments?post=329420"}],"version-history":[{"count":0,"href":"https:\/\/www.europesays.com\/es\/wp-json\/wp\/v2\/posts\/329420\/revisions"}],"wp:featuredmedia":[{"embeddable":true,"href":"https:\/\/www.europesays.com\/es\/wp-json\/wp\/v2\/media\/329421"}],"wp:attachment":[{"href":"https:\/\/www.europesays.com\/es\/wp-json\/wp\/v2\/media?parent=329420"}],"wp:term":[{"taxonomy":"category","embeddable":true,"href":"https:\/\/www.europesays.com\/es\/wp-json\/wp\/v2\/categories?post=329420"},{"taxonomy":"post_tag","embeddable":true,"href":"https:\/\/www.europesays.com\/es\/wp-json\/wp\/v2\/tags?post=329420"}],"curies":[{"name":"wp","href":"https:\/\/api.w.org\/{rel}","templated":true}]}}