{"id":329444,"date":"2026-01-08T10:52:11","date_gmt":"2026-01-08T10:52:11","guid":{"rendered":"https:\/\/www.europesays.com\/es\/329444\/"},"modified":"2026-01-08T10:52:11","modified_gmt":"2026-01-08T10:52:11","slug":"la-rinconada-se-incorpora-a-la-red-espanola-de-desarrollo-sostenible","status":"publish","type":"post","link":"https:\/\/www.europesays.com\/es\/329444\/","title":{"rendered":"La Rinconada se incorpora a la Red Espa\u00f1ola de Desarrollo Sostenible"},"content":{"rendered":"<p>REDS-SDSN Spain est\u00e1 conformada por m\u00e1s de 100 universidades y administraciones p\u00fablicas de Espa\u00f1a. S\u00f3lo 6 ayuntamientos de Espa\u00f1a, entre los que se encuentra el de La Rinconada, forman parte de esta red que colabora activamente en la implementaci\u00f3n de la Agenda Urbana 2030 local, aline\u00e1ndose con los Objetivos de Desarrollo Sostenible (ODS) de la ONU a trav\u00e9s de estrategias municipales, el Observatorio Urbano y la promoci\u00f3n del humanismo sostenible, involucrando a la universidad, sociedad civil y sector privado<\/p>\n<p class=\"text-justify\">La Red Espa\u00f1ola para el Desarrollo Sostenible (REDS-SDSN Spain) nace en 2015 como un espacio que aglutina a universidades, administraciones p\u00fablicas, empresas y sociedad civil, con la misi\u00f3n de generar soluciones para los retos del desarrollo sostenible en Espa\u00f1a. REDS-SDSN Spain forma parte de la red global Red de Soluciones de Desarrollo Sostenible (SDSN por sus siglas en ingl\u00e9s) en nuestro pa\u00eds.\u00a0<\/p>\n<p class=\"text-justify\">Impulsa la conexi\u00f3n de la universidad con el sector privado, gobierno, tercer sector y sociedad civil, con el objetivo de brindar coherencia a las pol\u00edticas p\u00fablicas e impulsar soluciones a los desaf\u00edos globales que impactan en el \u00e1mbito local, tal como la despoblaci\u00f3n, la neutralidad clim\u00e1tica de las ciudades, la transici\u00f3n justa, entre otros. Para ello, promueven modelos de trabajo colaborativos para apoyar en los procesos de transformaci\u00f3n hacia la sostenibilidad que atraviesan los territorios.\u00a0<\/p>\n<p class=\"text-justify\">Recientemente, el Ayuntamiento de La Rinconada se ha incorporado a REDS conformada por m\u00e1s de 100 universidades y administraciones p\u00fablicas de Espa\u00f1a y de la que forman parte tan solo 6 ayuntamientos de Espa\u00f1a, entre los que se encuentra el de La Rinconada.<\/p>\n<p class=\"text-justify\">Como se\u00f1ala la I Teniente de Alcalde y delegada de Agenda2030, Raquel Vega, \u201cnos supone conectar con el gran mapa nacional de buenas pr\u00e1cticas de ciudades que buscan sembrar un futuro mejor\u201d. As\u00ed, la responsable municipal ha destacado que esta adhesi\u00f3n es \u201cuna oportunidad para acceder al gran banco nacional de proyectos innovadores, que en estos meses nos han posibilitado tres l\u00edneas de trabajo de inter\u00e9s: activar nuestro Laboratorio Urbano con la escucha y participaci\u00f3n vecinal que traduce las prioridades de la gente en nuevas soluciones; hemos sido la \u00fanica sede andaluza de Mondiacult, cumbre internacional de pol\u00edticas culturales, con un itinerario de siembra al servicio de la estrategia Ciudad Creativa que venimos trabajando; estamos ultimando J\u00f3venes2030, una ilusionante bater\u00eda de medidas donde la juventud es protagonista de los pr\u00f3ximos cambios y transformaciones\u201d. En definitiva, \u201ccompartimos la visi\u00f3n de una ciudad que pone a las personas en el centro de todas sus decisiones\u201d.<\/p>\n<p class=\"text-justify\"><strong>Fotograf\u00eda: <\/strong>El alcalde, Javier Fern\u00e1ndez, la delegada de Agenda 2030, Raquel Vega, junto a Marta Ares, directora de REDS, durante la I Jornada de Desarrollo Sostenible LR 30, celebrado el pasado mes de julio en el Centro C\u00edvico Los Silos.<\/p>\n","protected":false},"excerpt":{"rendered":"REDS-SDSN Spain est\u00e1 conformada por m\u00e1s de 100 universidades y administraciones p\u00fablicas de Espa\u00f1a. S\u00f3lo 6 ayuntamientos de&hellip;\n","protected":false},"author":2,"featured_media":329445,"comment_status":"","ping_status":"","sticky":false,"template":"","format":"standard","meta":{"footnotes":""},"categories":[8],"tags":[17,18,25,24,13,14,11,4828,19,20,9,10,15,16,23,12,21,22],"class_list":{"0":"post-329444","1":"post","2":"type-post","3":"status-publish","4":"format-standard","5":"has-post-thumbnail","7":"category-espana","8":"tag-breaking-news","9":"tag-breakingnews","10":"tag-es","11":"tag-espana","12":"tag-featured-news","13":"tag-featurednews","14":"tag-headlines","15":"tag-la-rinconada","16":"tag-latest-news","17":"tag-latestnews","18":"tag-news","19":"tag-noticias","20":"tag-noticias-destacadas","21":"tag-noticiasdestacadas","22":"tag-spain","23":"tag-titulares","24":"tag-ultimas-noticias","25":"tag-ultimasnoticias"},"share_on_mastodon":{"url":"https:\/\/pubeurope.com\/@es\/115859105306441563","error":""},"_links":{"self":[{"href":"https:\/\/www.europesays.com\/es\/wp-json\/wp\/v2\/posts\/329444","targetHints":{"allow":["GET"]}}],"collection":[{"href":"https:\/\/www.europesays.com\/es\/wp-json\/wp\/v2\/posts"}],"about":[{"href":"https:\/\/www.europesays.com\/es\/wp-json\/wp\/v2\/types\/post"}],"author":[{"embeddable":true,"href":"https:\/\/www.europesays.com\/es\/wp-json\/wp\/v2\/users\/2"}],"replies":[{"embeddable":true,"href":"https:\/\/www.europesays.com\/es\/wp-json\/wp\/v2\/comments?post=329444"}],"version-history":[{"count":0,"href":"https:\/\/www.europesays.com\/es\/wp-json\/wp\/v2\/posts\/329444\/revisions"}],"wp:featuredmedia":[{"embeddable":true,"href":"https:\/\/www.europesays.com\/es\/wp-json\/wp\/v2\/media\/329445"}],"wp:attachment":[{"href":"https:\/\/www.europesays.com\/es\/wp-json\/wp\/v2\/media?parent=329444"}],"wp:term":[{"taxonomy":"category","embeddable":true,"href":"https:\/\/www.europesays.com\/es\/wp-json\/wp\/v2\/categories?post=329444"},{"taxonomy":"post_tag","embeddable":true,"href":"https:\/\/www.europesays.com\/es\/wp-json\/wp\/v2\/tags?post=329444"}],"curies":[{"name":"wp","href":"https:\/\/api.w.org\/{rel}","templated":true}]}}