{"id":329457,"date":"2026-01-08T11:04:20","date_gmt":"2026-01-08T11:04:20","guid":{"rendered":"https:\/\/www.europesays.com\/es\/329457\/"},"modified":"2026-01-08T11:04:20","modified_gmt":"2026-01-08T11:04:20","slug":"la-galeria-helga-de-alvear-no-sobrevive-a-su-fundadora-y-prepara-el-cierre-definitivo","status":"publish","type":"post","link":"https:\/\/www.europesays.com\/es\/329457\/","title":{"rendered":"La galer\u00eda Helga de Alvear no sobrevive a su fundadora y prepara el cierre definitivo"},"content":{"rendered":"<p>Tras el fallecimiento de la m\u00edtica galerista en febrero de 2025, el espacio de Madrid se encuentra en una situaci\u00f3n de \u00abpar\u00e1lisis total\u00bb. La falta de acuerdo entre las herederas y la fuga de artistas precipitan un desenlace que se prev\u00e9 antes de Semana Santa<\/p>\n<p>El mercado del arte contempor\u00e1neo en Espa\u00f1a se prepara para despedir a una de sus galer\u00edas m\u00e1s influyentes. Seg\u00fan han confirmado fuentes cercanas a la gesti\u00f3n del legado, <strong>Helga de Alvear<\/strong> se encamina hacia un <strong>cierre inminente y definitivo<\/strong>. Lo que en septiembre de 2025 se anunci\u00f3 como una \u201cpausa t\u00e9cnica por reorganizaci\u00f3n\u00bb ha resultado ser, en la pr\u00e1ctica, el cese irreversible de sus operaciones.<\/p>\n<p>Helga de Alvear <a href=\"https:\/\/www.elconfidencial.com\/el-grito\/2025-02-07\/adios-a-helga-de-alvear-la-gran-defensora-de-la-libertad-creadora_4059550\/\" target=\"_blank\" class=\"link\" onclick=\"universalGa(&quot;t1.send&quot;,&quot;event&quot;,&quot;falleci\u00f3 el 2 de febrero de 2025&quot;)\" rel=\"nofollow noopener\">falleci\u00f3 el 2 de febrero de 2025<\/a>, dejando un testamento claro en cuanto a su museo en C\u00e1ceres, pero con matices complejos para su galer\u00eda madrile\u00f1a. Aunque la fundadora deseaba que el espacio permaneciera operativo al menos un a\u00f1o tras su muerte, la realidad ha sido bien distinta.<\/p>\n<p>Tras el emotivo homenaje en ARCO 2025, su hija Patricia de Alvear decidi\u00f3 tomar las riendas para profesionalizar la galer\u00eda. El equipo directivo, encabezado por Alberto Gallardo en la parte art\u00edstica, lleg\u00f3 a dise\u00f1ar un ambicioso plan de negocio a cinco a\u00f1os para hacer el espacio econ\u00f3micamente viable, alej\u00e1ndose del modelo de mecenazgo personal que ejerc\u00eda Helga. Sin embargo, las mismas fuentes apuntan a que este proyecto de continuidad choc\u00f3 frontalmente con la gesti\u00f3n de la herencia y los intereses de las otras partes. Ante esta situaci\u00f3n, y para evitar una ruptura mayor, Patricia termin\u00f3 cediendo, lo que supuso la <strong>cancelaci\u00f3n fulminante de toda la programaci\u00f3n prevista<\/strong>, incluyendo la esperada participaci\u00f3n en Estampa y el 45\u00ba aniversario de ARCO de este a\u00f1o.<\/p>\n<p>Inventario, subasta y disoluci\u00f3n<\/p>\n<p>La situaci\u00f3n actual de la galer\u00eda podr\u00eda describirse como <strong>un coma inducido<\/strong>. Desde la \u00faltima exposici\u00f3n de fotograf\u00eda vinculada al proyecto de la Serrer\u00eda Belga en 2025, la persiana de la calle Doctor Fourquet no ha vuelto a levantarse.<\/p>\n<p>En estos momentos, el trabajo es exclusivamente administrativo. Seg\u00fan fuentes pr\u00f3ximas al proceso, las casas de subastas <strong>Christie\u2019s y Fernando Dur\u00e1n<\/strong> est\u00e1n finalizando la <strong>tasaci\u00f3n de la colecci\u00f3n privada de Helga<\/strong> para proceder a su posterior venta y reparto. Una parte corresponde a la leg\u00edtima de las tres hijas \u2014Ana, Mar\u00eda y Patricia\u2014, y la otra al museo de C\u00e1ceres, que es donde se encuentra su colecci\u00f3n.<\/p>\n<p>\u201cEstos casos de par\u00e1lisis total son un ejemplo cl\u00e1sico de los vac\u00edos de poder tras un liderazgo tan fuerte. En las empresas familiares, cuando falta el asesoramiento adecuado o el consenso, estos proyectos terminan colapsando\u201d, indica una fuente cercana a la galer\u00eda.<\/p>\n<p>La desbandada de los artistas<\/p>\n<p>Esta par\u00e1lisis, sumada a la falta de comunicaci\u00f3n por parte de las nuevas propietarias, ha provocado que los grandes nombres de la n\u00f3mina de la galer\u00eda ya hayan buscado representaci\u00f3n en otros espacios.<\/p>\n<p><strong>\u00c1ngela de la Cruz<\/strong> ya ha firmado con Traves\u00eda Cuatro. <strong>Prudencio Irazabal<\/strong> ha hecho lo propio con otra galer\u00eda de renombre. Y est\u00e1 por ver lo que ocurrir\u00e1 con otras figuras como <strong>Santiago Sierra<\/strong> o <strong>Jos\u00e9 Pedro Croft<\/strong>. Parte del equipo directivo tambi\u00e9n est\u00e1 abandonando la galer\u00eda.<\/p>\n<p>Sin contenidos y sin artistas, las partes involucradas dan por hecho que la disoluci\u00f3n legal se producir\u00e1 en el primer trimestre de este 2026. El objetivo es que el proceso de liquidaci\u00f3n y la subasta de las obras concluyan antes de Semana Santa. Pero eso da igual porque en realidad todo ha terminado. <strong>La galer\u00eda es actualmente una caja vac\u00eda<\/strong>.<\/p>\n<p>Con este cierre, Madrid no solo pierde un espacio de vanguardia, sino el \u00faltimo rastro del esp\u00edritu incansable de <strong>una mujer<\/strong> que prometi\u00f3 comprar arte hasta el final de su vida y <strong>cuyo legado ya \u00fanicamente se podr\u00e1 ver en C\u00e1ceres<\/strong>.<\/p>\n","protected":false},"excerpt":{"rendered":"Tras el fallecimiento de la m\u00edtica galerista en febrero de 2025, el espacio de Madrid se encuentra en&hellip;\n","protected":false},"author":2,"featured_media":329458,"comment_status":"","ping_status":"","sticky":false,"template":"","format":"standard","meta":{"footnotes":""},"categories":[173],"tags":[229,233,231,230,232,234,146,147,25,24,23],"class_list":{"0":"post-329457","1":"post","2":"type-post","3":"status-publish","4":"format-standard","5":"has-post-thumbnail","7":"category-arte-y-diseno","8":"tag-arte","9":"tag-arte-y-diseno","10":"tag-arts","11":"tag-arts-and-design","12":"tag-design","13":"tag-diseno","14":"tag-entertainment","15":"tag-entretenimiento","16":"tag-es","17":"tag-espana","18":"tag-spain"},"share_on_mastodon":{"url":"https:\/\/pubeurope.com\/@es\/115859152062333650","error":""},"_links":{"self":[{"href":"https:\/\/www.europesays.com\/es\/wp-json\/wp\/v2\/posts\/329457","targetHints":{"allow":["GET"]}}],"collection":[{"href":"https:\/\/www.europesays.com\/es\/wp-json\/wp\/v2\/posts"}],"about":[{"href":"https:\/\/www.europesays.com\/es\/wp-json\/wp\/v2\/types\/post"}],"author":[{"embeddable":true,"href":"https:\/\/www.europesays.com\/es\/wp-json\/wp\/v2\/users\/2"}],"replies":[{"embeddable":true,"href":"https:\/\/www.europesays.com\/es\/wp-json\/wp\/v2\/comments?post=329457"}],"version-history":[{"count":0,"href":"https:\/\/www.europesays.com\/es\/wp-json\/wp\/v2\/posts\/329457\/revisions"}],"wp:featuredmedia":[{"embeddable":true,"href":"https:\/\/www.europesays.com\/es\/wp-json\/wp\/v2\/media\/329458"}],"wp:attachment":[{"href":"https:\/\/www.europesays.com\/es\/wp-json\/wp\/v2\/media?parent=329457"}],"wp:term":[{"taxonomy":"category","embeddable":true,"href":"https:\/\/www.europesays.com\/es\/wp-json\/wp\/v2\/categories?post=329457"},{"taxonomy":"post_tag","embeddable":true,"href":"https:\/\/www.europesays.com\/es\/wp-json\/wp\/v2\/tags?post=329457"}],"curies":[{"name":"wp","href":"https:\/\/api.w.org\/{rel}","templated":true}]}}