{"id":329479,"date":"2026-01-08T11:16:09","date_gmt":"2026-01-08T11:16:09","guid":{"rendered":"https:\/\/www.europesays.com\/es\/329479\/"},"modified":"2026-01-08T11:16:09","modified_gmt":"2026-01-08T11:16:09","slug":"ayudas-por-nacimiento-o-adopcion-de-menor-ayuntamiento-de-colmenar-viejo","status":"publish","type":"post","link":"https:\/\/www.europesays.com\/es\/329479\/","title":{"rendered":"Ayudas por nacimiento o adopci\u00f3n de menor \u2014 Ayuntamiento de Colmenar Viejo"},"content":{"rendered":"<p>El Ayuntamiento de Colmenar Viejo ha aprobado las bases reguladoras de la convocatoria para la concesi\u00f3n de <strong>ayudas por nacimiento o adopci\u00f3n de menor<\/strong>, a favor de los progenitores o adoptantes empadronados en el municipio en el periodo comprendido <strong>entre el 1 de enero de 2025 y el 31 de diciembre de 2025<\/strong>.<\/p>\n<p>Las ayudas concedidas en la presente convocatoria ser\u00e1n de <strong>pago \u00fanico<\/strong> y de un <strong>importe m\u00e1ximo de 300 euros<\/strong>. Si las ayudas concedidas superan el importe global m\u00e1ximo, la cuant\u00eda a percibir se determinar\u00e1 mediante el prorrateo entre todas aquellas solicitudes que re\u00fanan los requisitos establecidos y hasta el importe m\u00e1ximo fijado.<\/p>\n<p>Para ser beneficiario de estas ayudas, deber\u00e1n cumplirse estos <strong>requisitos<\/strong>:<\/p>\n<ul>\n<li>Haber tenido un hijo o adoptado a un menor de edad en el periodo comprendido entre el 1 de enero y 31 de diciembre de 2025, pudiendo solicitar la ayuda cualquiera de los progenitores o adoptantes que sean titulares del Libro de Familia y de la certificaci\u00f3n literal del Registro Civil en la que figure registrado el nacimiento o adopci\u00f3n.<\/li>\n<li>Ser espa\u00f1ol o extranjero con residencia legal en Espa\u00f1a, y estar empadronado en Colmenar Viejo.<\/li>\n<\/ul>\n<p style=\"padding-left: 60px;\">Todos los miembros de la unidad familiar deben estar empadronados en el municipio durante, al menos, los 6 meses previos al inicio del periodo de presentaci\u00f3n de las solicitudes.<\/p>\n<ul>\n<li>Al menos uno de los progenitores debe residir en una vivienda de Colmenar Viejo, ya sea en propiedad, alquiler o en casa de un familiar de hasta segundo grado. En este \u00faltimo caso, deber\u00e1n demostrar la convivencia y que no poseen otra vivienda en Espa\u00f1a.<\/li>\n<li>Los progenitores deber\u00e1n estar al corriente de las obligaciones con la Agencia Estatal de la Administraci\u00f3n Tributaria, la Seguridad Social y el Ayuntamiento de Colmenar Viejo.<\/li>\n<li>No podr\u00e1n obtener la condici\u00f3n de beneficiarios de la subvenci\u00f3n los progenitores privados, total o parcialmente, de la patria potestad de sus menores o cuya tutela haya sido asumida por una instituci\u00f3n p\u00fablica.<\/li>\n<li>En los supuestos de separaci\u00f3n o divorcio, no se considerar\u00e1 miembro de la unidad familiar al progenitor que no conviva con el solicitante de la subvenci\u00f3n, debiendo acreditarse la separaci\u00f3n o el divorcio mediante sentencia judicial, documento notarial o acuerdo de mediaci\u00f3n formalizado y ratificado por juzgado donde conste expresamente la regulaci\u00f3n de la custodia del menor. En este caso, solo podr\u00e1 ser beneficiario de la ayuda el progenitor que acredite la convivencia con el menor mediante empadronamiento.<\/li>\n<\/ul>\n<p>Desde el 9 de enero hasta el 5 de febrero estar\u00e1 abierto el plazo para solicitar estas <strong>ayudas por nacimiento o adopci\u00f3n de menor en el periodo comprendido entre el 1 de enero y 31 de diciembre de 2025<\/strong>, siendo solo admitidas las solicitudes presentadas en forma y plazo.<\/p>\n<p>La <strong>solicitud<\/strong> puede presentarse de manera presencial o por medios electr\u00f3nicos a trav\u00e9s de la Sede Electr\u00f3nica del Ayuntamiento, mediante impreso normalizado que podr\u00e1 ser descargado en los siguientes <strong>enlaces<\/strong>:<\/p>\n","protected":false},"excerpt":{"rendered":"El Ayuntamiento de Colmenar Viejo ha aprobado las bases reguladoras de la convocatoria para la concesi\u00f3n de ayudas&hellip;\n","protected":false},"author":2,"featured_media":56143,"comment_status":"","ping_status":"","sticky":false,"template":"","format":"standard","meta":{"footnotes":""},"categories":[5],"tags":[17,18,25,24,13,14,11,19,20,9,10,15,16,23,12,21,22],"class_list":{"0":"post-329479","1":"post","2":"type-post","3":"status-publish","4":"format-standard","5":"has-post-thumbnail","7":"category-titulares","8":"tag-breaking-news","9":"tag-breakingnews","10":"tag-es","11":"tag-espana","12":"tag-featured-news","13":"tag-featurednews","14":"tag-headlines","15":"tag-latest-news","16":"tag-latestnews","17":"tag-news","18":"tag-noticias","19":"tag-noticias-destacadas","20":"tag-noticiasdestacadas","21":"tag-spain","22":"tag-titulares","23":"tag-ultimas-noticias","24":"tag-ultimasnoticias"},"share_on_mastodon":{"url":"https:\/\/pubeurope.com\/@es\/115859199268179897","error":""},"_links":{"self":[{"href":"https:\/\/www.europesays.com\/es\/wp-json\/wp\/v2\/posts\/329479","targetHints":{"allow":["GET"]}}],"collection":[{"href":"https:\/\/www.europesays.com\/es\/wp-json\/wp\/v2\/posts"}],"about":[{"href":"https:\/\/www.europesays.com\/es\/wp-json\/wp\/v2\/types\/post"}],"author":[{"embeddable":true,"href":"https:\/\/www.europesays.com\/es\/wp-json\/wp\/v2\/users\/2"}],"replies":[{"embeddable":true,"href":"https:\/\/www.europesays.com\/es\/wp-json\/wp\/v2\/comments?post=329479"}],"version-history":[{"count":0,"href":"https:\/\/www.europesays.com\/es\/wp-json\/wp\/v2\/posts\/329479\/revisions"}],"wp:featuredmedia":[{"embeddable":true,"href":"https:\/\/www.europesays.com\/es\/wp-json\/wp\/v2\/media\/56143"}],"wp:attachment":[{"href":"https:\/\/www.europesays.com\/es\/wp-json\/wp\/v2\/media?parent=329479"}],"wp:term":[{"taxonomy":"category","embeddable":true,"href":"https:\/\/www.europesays.com\/es\/wp-json\/wp\/v2\/categories?post=329479"},{"taxonomy":"post_tag","embeddable":true,"href":"https:\/\/www.europesays.com\/es\/wp-json\/wp\/v2\/tags?post=329479"}],"curies":[{"name":"wp","href":"https:\/\/api.w.org\/{rel}","templated":true}]}}