{"id":329492,"date":"2026-01-08T11:29:10","date_gmt":"2026-01-08T11:29:10","guid":{"rendered":"https:\/\/www.europesays.com\/es\/329492\/"},"modified":"2026-01-08T11:29:10","modified_gmt":"2026-01-08T11:29:10","slug":"anita-williams-recuerda-a-montoya-antes-de-entrar-en-gh-duo","status":"publish","type":"post","link":"https:\/\/www.europesays.com\/es\/329492\/","title":{"rendered":"Anita Williams recuerda a Montoya antes de entrar en &#8216;GH D\u00daO&#8217;"},"content":{"rendered":"<p>Este jueves 8 de enero, Telecinco dar\u00e1 comienzo a uno de sus realities m\u00e1s esperados: <strong><a href=\"https:\/\/okdiario.com\/look\/actualidad\/alejandra-rubio-rompe-silencio-responde-tajante-ataques-jeimy-baez-gh-duo-2206826\" rel=\"nofollow noopener\" target=\"_blank\">GH D\u00daO<\/a><\/strong>. El formato vuelve a emitirse en la peque\u00f1a pantalla con concursantes que ya han dado mucho de qu\u00e9 hablar, incluso antes de que la casa de los famosos abra sus puertas. Una de las participantes m\u00e1s esperadas es <a href=\"https:\/\/okdiario.com\/look\/actualidad\/anita-williams-montoya-reconcilian-pillados-cita-bajo-lluvia-madrid-2424101\" rel=\"nofollow noopener\" target=\"_blank\"><strong>Anita Williams<\/strong><\/a>, que con este cumplir\u00e1 el hat trick en el universo de programas en vivo -ya que anteriormente estuvo en La isla de las tentaciones y en Supervivientes-. La creadora de contenidos ha aparecido horas antes del estreno y ha comentado c\u00f3mo espera que sea su paso al lado de <a href=\"https:\/\/okdiario.com\/look\/actualidad\/asombrosa-transformacion-paola-olmedo-nuera-carmen-borrego-que-esta-irreconocible-2453549\" rel=\"nofollow noopener\" target=\"_blank\"><strong>Carmen Borrego<\/strong><\/a>, tambi\u00e9n concursante. Adem\u00e1s, tambi\u00e9n se ha pronunciado <strong>sobre su posible pareja.<\/strong><\/p>\n<p>Anita elige a Montoya<\/p>\n<p>A pesar de que ya se conocen algunos secretos del concurso, todav\u00eda quedan sorpresas por descubrir, como las parejas. Sobre ello se ha pronunciado Anita, que <strong>cree que su pareja ser\u00e1 Manuel Gonz\u00e1lez, su tentador en La isla de las tentaciones<\/strong> y con el que le fue desleal a Montoya: \u00abSospechas tengo de quien va a ser mi pareja en el concurso, pero qu\u00e9 pereza la verdad. Pereza m\u00e1xima. Yo creo que me van a meter otra vez con Manuel y no me gustar\u00eda nada, la verdad\u00bb.<\/p>\n<p>\n<img decoding=\"async\" loading=\"lazy\" class=\"size-medium wp-image-2464031\" alt=\"Anita Williams habla sobre su paso por GH D\u00daO. (Fotos: Gtres)\" width=\"620\" height=\"349\"  src=\"https:\/\/www.europesays.com\/es\/wp-content\/uploads\/2025\/12\/placeholder.jpg\"  bad-src=\"https:\/\/www.europesays.com\/es\/wp-content\/uploads\/2025\/12\/placeholder.jpg\"\/><\/p>\n<p><img decoding=\"async\" loading=\"lazy\" class=\"size-medium wp-image-2464031\" src=\"https:\/\/www.europesays.com\/es\/wp-content\/uploads\/2026\/01\/fotojet-2026-01-08t101048.617-620x349.jpg\" alt=\"Anita Williams habla sobre su paso por GH D\u00daO. (Fotos: Gtres)\" width=\"620\" height=\"349\"  \/><\/p>\n<p> Anita Williams habla sobre su paso por \u2018GH D\u00daO\u2019. (Fotos: Gtres)\n<\/p>\n<p>Sobre su ex, Anita ha dicho que le hubiera gustado que fuera \u00e9l su pareja, aunque \u00abno cree que entre\u00bb: \u00ab<strong>Si tuviera que elegir, mejor lo bueno conocido. Pero no me har\u00eda ilusi\u00f3n que apareciera<\/strong>, creo que ya hemos expuesto todo demasiado en televisi\u00f3n. Ninguna novedad, yo a \u00e9l le felicit\u00e9 el a\u00f1o y \u00e9l a m\u00ed tambi\u00e9n. Este a\u00f1o amor propio, ese es el amor que quiero\u00bb.<\/p>\n<p>Sobre una posible reconciliaci\u00f3n con Montoya, y tras varias idas y venidas desde su ruptura medi\u00e1tica en Rep\u00fablica Dominicana, Williams ha descartado que vuelvan a darse una oportunidad de momento: \u00ab<strong>No es el momento, tienen que pasar muchas cosas y mucho tiempo.<\/strong> Para m\u00ed, es el amor de mi vida y el amor de la vida es solo uno, pero no se puede. El tiempo lo dir\u00e1, el destino est\u00e1 escrito\u00bb.<\/p>\n<p>\n<img decoding=\"async\" loading=\"lazy\" class=\"size-medium wp-image-2320398\" alt=\"anita, montoya,\" width=\"620\" height=\"349\"  src=\"https:\/\/www.europesays.com\/es\/wp-content\/uploads\/2025\/12\/placeholder.jpg\"  bad-src=\"https:\/\/www.europesays.com\/es\/wp-content\/uploads\/2025\/12\/placeholder.jpg\"\/><\/p>\n<p><img decoding=\"async\" loading=\"lazy\" class=\"size-medium wp-image-2320398\" src=\"https:\/\/www.europesays.com\/es\/wp-content\/uploads\/2026\/01\/anita-y-montoya-en-supervivientes-620x349.jpeg\" alt=\"anita, montoya,\" width=\"620\" height=\"349\"  \/><\/p>\n<p> Anita y Montoya en \u2018Supervivientes\u2019. (Foto: Telecinco)\n<\/p>\n<p>Sus planes con Carmen Borrego<\/p>\n<p>Sobre su participaci\u00f3n en Gran Hermano D\u00daO, Anita se ha mostrado de lo m\u00e1s tranquila, aunque solo conoce a una de las participantes, Carmen Borrego, con la que ha podido coincidir gracias a Terelu -a la que considera familia tras su paso por los Cayos Cochinos-. \u00ab<strong>No me da miedo nadie, s\u00ed que conozco a Carmen (Borrego) de haber coincidido alguna vez con ella, pero no conozco a nadie m\u00e1s<\/strong>, asi que voy sin prejuicios y a conocer a todo el mundo ah\u00ed. Terelu, te como -porque le ha dicho que la cuide-. Antes de que me metan a otro, prefiero a Terelu, fue como mi mami en Supervivientes\u00bb, ha contado.<\/p>\n","protected":false},"excerpt":{"rendered":"Este jueves 8 de enero, Telecinco dar\u00e1 comienzo a uno de sus realities m\u00e1s esperados: GH D\u00daO. El&hellip;\n","protected":false},"author":2,"featured_media":329493,"comment_status":"","ping_status":"","sticky":false,"template":"","format":"standard","meta":{"footnotes":""},"categories":[171],"tags":[20892,146,147,25,24,23,214],"class_list":{"0":"post-329492","1":"post","2":"type-post","3":"status-publish","4":"format-standard","5":"has-post-thumbnail","7":"category-tv","8":"tag-anita","9":"tag-entertainment","10":"tag-entretenimiento","11":"tag-es","12":"tag-espana","13":"tag-spain","14":"tag-tv"},"share_on_mastodon":{"url":"https:\/\/pubeurope.com\/@es\/115859250482972938","error":""},"_links":{"self":[{"href":"https:\/\/www.europesays.com\/es\/wp-json\/wp\/v2\/posts\/329492","targetHints":{"allow":["GET"]}}],"collection":[{"href":"https:\/\/www.europesays.com\/es\/wp-json\/wp\/v2\/posts"}],"about":[{"href":"https:\/\/www.europesays.com\/es\/wp-json\/wp\/v2\/types\/post"}],"author":[{"embeddable":true,"href":"https:\/\/www.europesays.com\/es\/wp-json\/wp\/v2\/users\/2"}],"replies":[{"embeddable":true,"href":"https:\/\/www.europesays.com\/es\/wp-json\/wp\/v2\/comments?post=329492"}],"version-history":[{"count":0,"href":"https:\/\/www.europesays.com\/es\/wp-json\/wp\/v2\/posts\/329492\/revisions"}],"wp:featuredmedia":[{"embeddable":true,"href":"https:\/\/www.europesays.com\/es\/wp-json\/wp\/v2\/media\/329493"}],"wp:attachment":[{"href":"https:\/\/www.europesays.com\/es\/wp-json\/wp\/v2\/media?parent=329492"}],"wp:term":[{"taxonomy":"category","embeddable":true,"href":"https:\/\/www.europesays.com\/es\/wp-json\/wp\/v2\/categories?post=329492"},{"taxonomy":"post_tag","embeddable":true,"href":"https:\/\/www.europesays.com\/es\/wp-json\/wp\/v2\/tags?post=329492"}],"curies":[{"name":"wp","href":"https:\/\/api.w.org\/{rel}","templated":true}]}}