{"id":329494,"date":"2026-01-08T11:30:11","date_gmt":"2026-01-08T11:30:11","guid":{"rendered":"https:\/\/www.europesays.com\/es\/329494\/"},"modified":"2026-01-08T11:30:11","modified_gmt":"2026-01-08T11:30:11","slug":"el-solista-surcoreano-jin-denim-muere-a-los-29-anos-tras-una-caida-fatal","status":"publish","type":"post","link":"https:\/\/www.europesays.com\/es\/329494\/","title":{"rendered":"El solista surcoreano Jin Denim muere a los 29 a\u00f1os tras una ca\u00edda fatal"},"content":{"rendered":"<p class=\"eu-articleBody__StyledParagraph-sc-kzv46u-2 iRVcFu\">El mundo de la m\u00fasica surcoreana est\u00e1 de luto tras la muerte del cantante <b>Jin Denim<\/b>, quien falleci\u00f3 a los 29 a\u00f1os. La noticia fue confirmada por su familia el lunes 5 de enero, a trav\u00e9s de un comunicado difundido en la cuenta de Instagram de su hermana menor, <b>Danbee<\/b>, quien aclar\u00f3 que el deceso se debi\u00f3 a un <b>accidente<\/b> y no a un suicidio, como se hab\u00eda especulado en redes sociales.<\/p>\n<p class=\"eu-articleBody__StyledParagraph-sc-kzv46u-2 iRVcFu\">Seg\u00fan el pronunciamiento oficial, Jin Denim muri\u00f3 el <b>17 de diciembre de 2025<\/b>, aunque la familia decidi\u00f3 hacer p\u00fablica la informaci\u00f3n semanas despu\u00e9s, coincidiendo con la fecha en la que el artista habr\u00eda cumplido 30 a\u00f1os. La decisi\u00f3n, explicaron, respondi\u00f3 a la necesidad de atravesar el duelo en privado y resolver asuntos familiares antes de enfrentar la exposici\u00f3n medi\u00e1tica.<\/p>\n<p>Esto dijo la familia de Jin Denim<\/p>\n<p class=\"eu-articleBody__StyledParagraph-sc-kzv46u-2 iRVcFu\">\u201cEn la noche del 17 de diciembre, mi hermano Jin falleci\u00f3 debido a un accidente\u201d, escribi\u00f3 Danbee, precisando que el funeral se realiz\u00f3 de manera \u00edntima, con la asistencia exclusiva de familiares cercanos. La hermana del cantante fue enf\u00e1tica al desmentir las versiones que circularon tras la ausencia del artista, subrayando que su muerte no fue consecuencia de un acto voluntario.<\/p>\n<p class=\"eu-articleBody__StyledParagraph-sc-kzv46u-2 iRVcFu\">En el comunicado, la familia tambi\u00e9n abord\u00f3 abiertamente la <b>salud mental<\/b> de Jin Denim. Danbee revel\u00f3 que el cantante hab\u00eda sido diagnosticado en 2015 con <b>trastorno afectivo bipolar<\/b>, acompa\u00f1ado de s\u00edntomas psic\u00f3ticos. Asegur\u00f3 que Jin era consciente de su condici\u00f3n y que sigui\u00f3 tratamientos m\u00e9dicos y farmacol\u00f3gicos de forma constante para controlarla, sin abandonar su vocaci\u00f3n art\u00edstica.<\/p>\n<p class=\"eu-articleBody__StyledParagraph-sc-kzv46u-2 iRVcFu\">No obstante, en los \u00faltimos meses, los s\u00edntomas se intensificaron. De acuerdo con la familia, un episodio de comportamiento impulsivo, vinculado a su condici\u00f3n m\u00e9dica, deriv\u00f3 en una <b>ca\u00edda fatal<\/b>. \u201cQueremos dejar claro que la causa de su muerte no fue un suicidio, sino un accidente provocado por su estado de salud\u201d, reiter\u00f3 Danbee, con el objetivo de frenar la desinformaci\u00f3n y proteger la memoria del artista.<\/p>\n<p class=\"eu-articleBody__StyledParagraph-sc-kzv46u-2 iRVcFu\">La hermana tambi\u00e9n comparti\u00f3 una reflexi\u00f3n atribuida a Jin Denim sobre la muerte: \u201cEl d\u00eda que me vaya ser\u00e1 un d\u00eda alegre, porque ir\u00e9 al cielo, as\u00ed que, por favor, no est\u00e9s triste\u201d. Con estas palabras, la familia expres\u00f3 su deseo de que el cantante sea recordado por su m\u00fasica y no por las especulaciones que surgieron tras su fallecimiento.<\/p>\n<p>\u00bfQui\u00e9n era Jin Denim?<\/p>\n<p class=\"eu-articleBody__StyledParagraph-sc-kzv46u-2 iRVcFu\">Jin Denim debut\u00f3 oficialmente en 2021 con el \u00e1lbum Dear, Stefi, producci\u00f3n con la que construy\u00f3 una base s\u00f3lida de seguidores, aunque sin alcanzar un \u00e9xito masivo. A lo largo de su carrera particip\u00f3 en distintos festivales, incluido el <b>New Talents Project Festival 2025<\/b> en Barcelona, consolidando una proyecci\u00f3n internacional emergente.<\/p>\n<p class=\"eu-articleBody__StyledParagraph-sc-kzv46u-2 iRVcFu\">Su \u00faltima aparici\u00f3n p\u00fablica fue en Instagram, donde comparti\u00f3 im\u00e1genes asistiendo a una misa en una iglesia de Se\u00fal, publicaci\u00f3n que muchos seguidores interpretaron posteriormente como un momento de introspecci\u00f3n personal.<\/p>\n<p class=\"eu-articleBody__StyledParagraph-sc-kzv46u-2 iRVcFu\">La muerte de Jin Denim ha generado numerosas muestras de condolencias por parte de fan\u00e1ticos y colegas del \u00e1mbito musical, al tiempo que reabre el debate sobre la <b>salud mental en la industria del entretenimiento surcoreano<\/b> y la urgencia de brindar mayor apoyo a los artistas. La familia, por su parte, reiter\u00f3 su llamado al respeto y pidi\u00f3 que el legado de Jin Denim perdure a trav\u00e9s de su obra musical.<\/p>\n","protected":false},"excerpt":{"rendered":"El mundo de la m\u00fasica surcoreana est\u00e1 de luto tras la muerte del cantante Jin Denim, quien falleci\u00f3&hellip;\n","protected":false},"author":2,"featured_media":329495,"comment_status":"","ping_status":"","sticky":false,"template":"","format":"standard","meta":{"footnotes":""},"categories":[170],"tags":[76010,8538,76011,72581,64013,66900,76012,49397,232,76013,146,147,25,24,76014,76015,9376,76016,525,34593,3769,76017,40029,76018,18667,27756,76019,43931,184,185,22262,76020,76021,76022,29494,76023,8560,76024,11394,22597,76025,905,29497,18676,25705,23,55735,42695,26810,12808,27218,3797,76026,57407,10632],"class_list":{"0":"post-329494","1":"post","2":"type-post","3":"status-publish","4":"format-standard","5":"has-post-thumbnail","7":"category-musica","8":"tag-antique","9":"tag-background","10":"tag-bag","11":"tag-bingo","12":"tag-card","13":"tag-chance","14":"tag-character","15":"tag-cover","16":"tag-design","17":"tag-digit","18":"tag-entertainment","19":"tag-entretenimiento","20":"tag-es","21":"tag-espana","22":"tag-figure","23":"tag-fortune","24":"tag-fun","25":"tag-gambling","26":"tag-game","27":"tag-group","28":"tag-hand","29":"tag-incentive","30":"tag-interest","31":"tag-keg","32":"tag-leisure","33":"tag-lotto","34":"tag-luck","35":"tag-macro","36":"tag-music","37":"tag-musica","38":"tag-nobody","39":"tag-number","40":"tag-numeral","41":"tag-occasion","42":"tag-old","43":"tag-opportunity","44":"tag-paper","45":"tag-passion","46":"tag-play","47":"tag-playful","48":"tag-possibility","49":"tag-red","50":"tag-retro","51":"tag-shape","52":"tag-sign","53":"tag-spain","54":"tag-strategy","55":"tag-success","56":"tag-symbol","57":"tag-table","58":"tag-vintage","59":"tag-white","60":"tag-winning","61":"tag-wood","62":"tag-wooden"},"share_on_mastodon":{"url":"","error":"Validation failed: Text character limit of 500 exceeded"},"_links":{"self":[{"href":"https:\/\/www.europesays.com\/es\/wp-json\/wp\/v2\/posts\/329494","targetHints":{"allow":["GET"]}}],"collection":[{"href":"https:\/\/www.europesays.com\/es\/wp-json\/wp\/v2\/posts"}],"about":[{"href":"https:\/\/www.europesays.com\/es\/wp-json\/wp\/v2\/types\/post"}],"author":[{"embeddable":true,"href":"https:\/\/www.europesays.com\/es\/wp-json\/wp\/v2\/users\/2"}],"replies":[{"embeddable":true,"href":"https:\/\/www.europesays.com\/es\/wp-json\/wp\/v2\/comments?post=329494"}],"version-history":[{"count":0,"href":"https:\/\/www.europesays.com\/es\/wp-json\/wp\/v2\/posts\/329494\/revisions"}],"wp:featuredmedia":[{"embeddable":true,"href":"https:\/\/www.europesays.com\/es\/wp-json\/wp\/v2\/media\/329495"}],"wp:attachment":[{"href":"https:\/\/www.europesays.com\/es\/wp-json\/wp\/v2\/media?parent=329494"}],"wp:term":[{"taxonomy":"category","embeddable":true,"href":"https:\/\/www.europesays.com\/es\/wp-json\/wp\/v2\/categories?post=329494"},{"taxonomy":"post_tag","embeddable":true,"href":"https:\/\/www.europesays.com\/es\/wp-json\/wp\/v2\/tags?post=329494"}],"curies":[{"name":"wp","href":"https:\/\/api.w.org\/{rel}","templated":true}]}}