{"id":329508,"date":"2026-01-08T11:37:10","date_gmt":"2026-01-08T11:37:10","guid":{"rendered":"https:\/\/www.europesays.com\/es\/329508\/"},"modified":"2026-01-08T11:37:10","modified_gmt":"2026-01-08T11:37:10","slug":"repsol-es-crucial-para-la-estabilidad-en-venezuela","status":"publish","type":"post","link":"https:\/\/www.europesays.com\/es\/329508\/","title":{"rendered":"Repsol es crucial para la estabilidad en Venezuela"},"content":{"rendered":"<p>M\u00e1s de 60 empresas espa\u00f1olas siguen con atenci\u00f3n la marcha de sus negocios en <strong>Venezuela,<\/strong> pero el ministro de Econom\u00eda, Comercio y Empresa, Carlos Cuerpo, ha asegurado este jueves que le trasladan un mensaje de \u00abtranquilidad y no afectaci\u00f3n\u00bb de momento. En una entrevista en Las ma\u00f1anas de RNE, ha recordado que <strong>Repsol <\/strong>es \u00abuna empresa crucial para la estabilidad\u00bb del pa\u00eds, puesto que se encarga de la extracci\u00f3n de gas que garantiza su suministro el\u00e9ctrico. Adem\u00e1s, ha se\u00f1alado que la energ\u00e9tica espa\u00f1ola tiene \u00abmuy buena relaci\u00f3n\u00bb tanto con las autoridades venezolanas como las estadounidenses, aunque todav\u00eda sea \u00abpronto\u00bb para saber c\u00f3mo se van a desarrollar los acontecimientos.<\/p>\n<p>\u00abEs una empresa estrat\u00e9gica que tiene muy buena relaci\u00f3n con las autoridades venezolanas y tambi\u00e9n con las autoridades americanas, puesto que han estado en el r\u00e9gimen anterior, un r\u00e9gimen de sanciones petrol\u00edferas a Venezuela, donde el Tesoro estadounidense y Repsol tienen contacto directo y<strong> las mejores relaciones posibles\u00bb,<\/strong> ha declarado, y ha asegurado que el Gobierno estar\u00e1 para \u00abayudarles y apoyarles en todo lo que sea necesario\u00bb. Adem\u00e1s de la multinacional que preside Antonio Brufau, ha citado tambi\u00e9n a Telef\u00f3nica, BBVA o Mapfre por su presencia en el pa\u00eds caribe\u00f1o.<\/p>\n<p>Espera que el Congreso apruebe la ley de cr\u00e9ditos al consumo<\/p>\n<p>Durante la entrevista, el ministro ha comentado otros asuntos de pol\u00edtica nacional e internacional. En su \u00e1mbito, se ha mostrado confiado en que el Congreso apruebe la<strong> ley de cr\u00e9ditos al consumo<\/strong>, \u00abuna demanda de hace ya tiempo de las asociaciones de consumidores\u00bb.<\/p>\n<p>Un d\u00eda despu\u00e9s de que el Consejo de Ministros diera luz verde al anteproyecto, Cuerpo ha insistido en que el objetivo es evitar los abusos de los prestamistas, con tasas que alcanzan el 2.000-3.000% de inter\u00e9s, y el sobreendeudamiento de los hogares, ya que precisamente suelen recurrir a estos microcr\u00e9ditos los consumidores \u00abm\u00e1s vulnerables\u00bb.<\/p>\n<p>Seg\u00fan ha resumido, la normativa le pondr\u00e1 coto con la supervisi\u00f3n de las entidades por el Banco de Espa\u00f1a, que podr\u00e1 sancionar y prohibir productos que considere perjudiciales, y la fijaci\u00f3n de l\u00edmites a los intereses y las comisiones que se pueden cobrar.<\/p>\n<p>El proyecto, que entra ahora en audiencia p\u00fablica, avanzar\u00e1 en su tramitaci\u00f3n \u00abtodo lo r\u00e1pido\u00bb que sea posible.<\/p>\n<p>Negociar\u00e1n los presupuestos: \u00abNo anticipar\u00eda un resultado negativo\u00bb<\/p>\n<p>Cuerpo ha insistido tambi\u00e9n en el compromiso del Gobierno de presentar unos <strong>presupuestos generales del Estado en \u00ablos pr\u00f3ximos meses\u00bb<\/strong>, para los que van a \u00absentarse a negociar\u00bb con las fuerzas pol\u00edticas. <\/p>\n<p>\u00abEste 2026 es el \u00faltimo a\u00f1o de fondos europeos. Estamos trabajando para ser capaces de utilizar hasta el \u00faltimo euro de los que tenemos a disposici\u00f3n de esas<strong> transferencias europeas <\/strong>y vamos a presentar ese proyecto de presupuestos con el objetivo de acordarlo (\u2026) No anticipar\u00eda un resultado negativo\u00bb, ha dicho.<\/p>\n<p>En ese di\u00e1logo con sus socios, puede jugar un papel importante la <strong>reforma del sistema de financiaci\u00f3n auton\u00f3mica<\/strong>, pero el ministro ha evitado entrar en detalles y hablar de un posible \u00abconcierto catal\u00e1n\u00bb. As\u00ed, ha pedido \u00abdar espacio\u00bb a la vicepresidenta y ministra de Hacienda, Mar\u00eda Jes\u00fas Montero, para que presente su propuesta, lo que est\u00e1 previsto que suceda pronto. Cuerpo s\u00ed ha fijado que el nuevo sistema se basar\u00e1 en el principio de \u00absuficiencia\u00bb para atender a las necesidades de los ciudadanos \u00abindependientemente de la comunidad aut\u00f3noma en la que vivan\u00bb.<\/p>\n<p>Balance \u00abmuy positivo\u00bb del Plan de Recuperaci\u00f3n<\/p>\n<p>Sobre los fondos de la Uni\u00f3n Europea, que han nutrido el <strong>Plan de Recuperaci\u00f3n<\/strong> del Ejecutivo, el titular de la cartera econ\u00f3mica ha hecho un \u00abbalance muy positivo\u00bb, tanto por las inversiones llevadas a cabo como por las \u00abreformas estructurales\u00bb, entre las que ha destacado la reforma laboral.<\/p>\n<p>Cuerpo ha se\u00f1alado que cerrar con \u00e9xito dicho plan es \u00abuna de las prioridades del 2026\u00bb para su gabinete y ha hablado con optimismo de la posibilidad de que el crecimiento durante 2025 (del 2,9%) aporte tracci\u00f3n al 2026, para el que se prev\u00e9 un 2,2% de avance del producto interior bruto (PIB). \u00abDos grandes motores de crecimiento van a ser el <strong>consumo privado y la inversi\u00f3n privada<\/strong>\u00ab, ha asegurado.<\/p>\n<p>El turismo no es la principal exportaci\u00f3n de Espa\u00f1a, sino los servicios de \u00abalto valor a\u00f1adido\u00bb<\/p>\n<p>En un momento de incertidumbre geopol\u00edtica, el ministro ha subrayado que <strong>Espa\u00f1a tiene \u00absuper\u00e1vit\u00bb comercial <\/strong>con respecto al resto del mundo. \u00abEsto en parte es porque tenemos empresas muy competitivas que son capaces, incluso en estas circunstancias tan complejas, de seguir manteniendo esa cuota que tienen en el exterior\u00bb, ha declarado.<\/p>\n<p>Al respecto, ha aportado un dato que \u00abno es muy conocido\u00bb: Espa\u00f1a exporta m\u00e1s servicios no tur\u00edsticos que tur\u00edsticos, a pesar de los a\u00f1os r\u00e9cord en esto \u00faltimo. Se ofrecen en el exterior servicios a empresas, financieros, de ingenier\u00eda y otros de <strong>\u00abalto valor a\u00f1adido\u00bb.<\/strong><\/p>\n<p>Defiende menos barreras internas y el acuerdo con Mercosur<\/p>\n<p>El riesgo principal para todo ello en la actualidad est\u00e1 las tensiones internacionales, seg\u00fan ha reconocido, y ha hablado de la necesidad d<strong>e \u00abreforzar\u00bb Europa para mejorar su capacidad de negociaci\u00f3n<\/strong> en el mundo. <\/p>\n<p>Tambi\u00e9n ha apostado por aumentar el comercio intracomunitario. \u00abS<strong>i reduj\u00e9ramos las barreras para comerciar con el este de Europa,<\/strong> por ejemplo, igual que comerciamos con Am\u00e9rica Latina, ni siquiera con Portugal o con Francia, ser\u00eda el equivalente a una reducci\u00f3n de aranceles en torno al 40-50%\u00bb, ha cuantificado. <\/p>\n<p>Y ha defendido el acuerdo en ciernes con <strong>Mercosur<\/strong>, para ampliar los \u00abaliados estrat\u00e9gicos\u00bb y tener acceso a recursos que se necesitan en el \u00abesfuerzo por la autonom\u00eda estrat\u00e9gica\u00bb que est\u00e1n llevando a cabo los Veintisiete.<\/p>\n<p>\u00abEs un caso claro donde tenemos que cerrar ese acuerdo para hacer m\u00e1s fuerte Europa y esperemos que en las pr\u00f3ximas semanas haya tambi\u00e9n buenas noticias en este \u00e1mbito\u00bb, ha afirmado, mientras en Francia se est\u00e1n produciendo protestas de agricultores en contra de ese texto.<\/p>\n","protected":false},"excerpt":{"rendered":"M\u00e1s de 60 empresas espa\u00f1olas siguen con atenci\u00f3n la marcha de sus negocios en Venezuela, pero el ministro&hellip;\n","protected":false},"author":2,"featured_media":329509,"comment_status":"","ping_status":"","sticky":false,"template":"","format":"standard","meta":{"footnotes":""},"categories":[42],"tags":[17,18,13,14,11,61,62,63,64,19,20,9,10,15,16,12,21,22,65,66,67],"class_list":{"0":"post-329508","1":"post","2":"type-post","3":"status-publish","4":"format-standard","5":"has-post-thumbnail","7":"category-internacional","8":"tag-breaking-news","9":"tag-breakingnews","10":"tag-featured-news","11":"tag-featurednews","12":"tag-headlines","13":"tag-internacional","14":"tag-international","15":"tag-international-news","16":"tag-internationalnews","17":"tag-latest-news","18":"tag-latestnews","19":"tag-news","20":"tag-noticias","21":"tag-noticias-destacadas","22":"tag-noticiasdestacadas","23":"tag-titulares","24":"tag-ultimas-noticias","25":"tag-ultimasnoticias","26":"tag-world","27":"tag-world-news","28":"tag-worldnews"},"share_on_mastodon":{"url":"https:\/\/pubeurope.com\/@es\/115859281929851999","error":""},"_links":{"self":[{"href":"https:\/\/www.europesays.com\/es\/wp-json\/wp\/v2\/posts\/329508","targetHints":{"allow":["GET"]}}],"collection":[{"href":"https:\/\/www.europesays.com\/es\/wp-json\/wp\/v2\/posts"}],"about":[{"href":"https:\/\/www.europesays.com\/es\/wp-json\/wp\/v2\/types\/post"}],"author":[{"embeddable":true,"href":"https:\/\/www.europesays.com\/es\/wp-json\/wp\/v2\/users\/2"}],"replies":[{"embeddable":true,"href":"https:\/\/www.europesays.com\/es\/wp-json\/wp\/v2\/comments?post=329508"}],"version-history":[{"count":0,"href":"https:\/\/www.europesays.com\/es\/wp-json\/wp\/v2\/posts\/329508\/revisions"}],"wp:featuredmedia":[{"embeddable":true,"href":"https:\/\/www.europesays.com\/es\/wp-json\/wp\/v2\/media\/329509"}],"wp:attachment":[{"href":"https:\/\/www.europesays.com\/es\/wp-json\/wp\/v2\/media?parent=329508"}],"wp:term":[{"taxonomy":"category","embeddable":true,"href":"https:\/\/www.europesays.com\/es\/wp-json\/wp\/v2\/categories?post=329508"},{"taxonomy":"post_tag","embeddable":true,"href":"https:\/\/www.europesays.com\/es\/wp-json\/wp\/v2\/tags?post=329508"}],"curies":[{"name":"wp","href":"https:\/\/api.w.org\/{rel}","templated":true}]}}