{"id":329514,"date":"2026-01-08T11:44:09","date_gmt":"2026-01-08T11:44:09","guid":{"rendered":"https:\/\/www.europesays.com\/es\/329514\/"},"modified":"2026-01-08T11:44:09","modified_gmt":"2026-01-08T11:44:09","slug":"bucsa-y-perez-a-la-final-de-dobles-en-brisbane","status":"publish","type":"post","link":"https:\/\/www.europesays.com\/es\/329514\/","title":{"rendered":"Bucsa y Perez, a la final de dobles en Brisbane"},"content":{"rendered":"<p><a class=\"v-mdl-ath__fig-a\" href=\"https:\/\/www.eldiariomontanes.es\/autor\/aser-falagan-916.html\" title=\"Aser Falag\u00e1n\" rel=\"nofollow noopener\" target=\"_blank\"><br \/>\n<img decoding=\"async\" class=\"v-mdl-ath__img\" src=\"https:\/\/www.europesays.com\/es\/wp-content\/uploads\/2025\/08\/1756646709_989_autor-916-foto-1.jpeg\" alt=\"Aser Falag\u00e1n\"\/><br \/>\n<\/a><\/p>\n<p class=\"v-mdl-ath__p v-mdl-ath__p--6\">\nJueves, 8 de enero 2026, 10:57<\/p>\n<p class=\"v-p\">Cristina Bucsa buscar\u00e1 en Brisbane su primera victoria del a\u00f1o en dobles. La torrelaveguense, que en este torneo WTA 500 compite junto a la australiana Ellen Perez, se ha clasificado para la final tras derrotar en un disputado partido a la kazaja Anna Danilina y la serbia Aleksandra Krunic (6-3, 4-6, 10-7).<\/p>\n<p class=\"v-p\">El super tie break decidi\u00f3 un partido en el que se median las segunda y terceras cabezas de serie, y por lo tanto sin un pron\u00f3stico excesivamente claro. Comenzaron por delante Bucsa y Perez, pero despu\u00e9s un break en el segundo set propici\u00f3 que las segundas favoritas empataran el partido.<\/p>\n<p class=\"v-p\">Despu\u00e9s, un desempate de nuevo muy igualado, como lo ha sido toda la semifinal, el 10-7 final dio el pase a la pareja hispano-australiana. Ahora deben conocer el nombre de sus rivales en la final, que se disputar\u00e1 este fin de semana. Ser\u00e1n las ganadoras de la segunda semi, en la que J. Ostapenko y S.W. Hsieh se enfrentar\u00e1n a las hermanas Kichenok.<\/p>\n<p class=\"v-p\">Bucsa y Perez hab\u00edan accedido a la semifinal despu\u00e9s de que la pareja formada por Aryna Sabalenka y Paula Badosa decidiera no disputar su partido de cuartos para centrarse en el cuadro individual.<\/p>\n<p>Reporta un error<\/p>\n","protected":false},"excerpt":{"rendered":"Jueves, 8 de enero 2026, 10:57 Cristina Bucsa buscar\u00e1 en Brisbane su primera victoria del a\u00f1o en dobles.&hellip;\n","protected":false},"author":2,"featured_media":329515,"comment_status":"","ping_status":"","sticky":false,"template":"","format":"standard","meta":{"footnotes":""},"categories":[274],"tags":[64548,25738,168,24750,25,24,1058,738,23,167,327,326],"class_list":{"0":"post-329514","1":"post","2":"type-post","3":"status-publish","4":"format-standard","5":"has-post-thumbnail","7":"category-tenis","8":"tag-brisbane","9":"tag-bucsa","10":"tag-deportes","11":"tag-dobles","12":"tag-es","13":"tag-espana","14":"tag-final","15":"tag-perez","16":"tag-spain","17":"tag-sports","18":"tag-tenis","19":"tag-tennis"},"share_on_mastodon":{"url":"https:\/\/pubeurope.com\/@es\/115859309445980081","error":""},"_links":{"self":[{"href":"https:\/\/www.europesays.com\/es\/wp-json\/wp\/v2\/posts\/329514","targetHints":{"allow":["GET"]}}],"collection":[{"href":"https:\/\/www.europesays.com\/es\/wp-json\/wp\/v2\/posts"}],"about":[{"href":"https:\/\/www.europesays.com\/es\/wp-json\/wp\/v2\/types\/post"}],"author":[{"embeddable":true,"href":"https:\/\/www.europesays.com\/es\/wp-json\/wp\/v2\/users\/2"}],"replies":[{"embeddable":true,"href":"https:\/\/www.europesays.com\/es\/wp-json\/wp\/v2\/comments?post=329514"}],"version-history":[{"count":0,"href":"https:\/\/www.europesays.com\/es\/wp-json\/wp\/v2\/posts\/329514\/revisions"}],"wp:featuredmedia":[{"embeddable":true,"href":"https:\/\/www.europesays.com\/es\/wp-json\/wp\/v2\/media\/329515"}],"wp:attachment":[{"href":"https:\/\/www.europesays.com\/es\/wp-json\/wp\/v2\/media?parent=329514"}],"wp:term":[{"taxonomy":"category","embeddable":true,"href":"https:\/\/www.europesays.com\/es\/wp-json\/wp\/v2\/categories?post=329514"},{"taxonomy":"post_tag","embeddable":true,"href":"https:\/\/www.europesays.com\/es\/wp-json\/wp\/v2\/tags?post=329514"}],"curies":[{"name":"wp","href":"https:\/\/api.w.org\/{rel}","templated":true}]}}