{"id":329551,"date":"2026-01-08T12:10:10","date_gmt":"2026-01-08T12:10:10","guid":{"rendered":"https:\/\/www.europesays.com\/es\/329551\/"},"modified":"2026-01-08T12:10:10","modified_gmt":"2026-01-08T12:10:10","slug":"los-hawks-se-rinden-y-traspasan-a-trae-young","status":"publish","type":"post","link":"https:\/\/www.europesays.com\/es\/329551\/","title":{"rendered":"Los Hawks se rinden y traspasan a Trae Young"},"content":{"rendered":"<p class=\"\">Confirmado el primer gran movimiento del mercado de traspasos de esta temporada en la NBA. Un miembro de la \u00e9lite de la Liga, el base <b>Trae Young<\/b>, sale de la franquicia que apost\u00f3 por \u00e9l hace m\u00e1s de siete a\u00f1os, Atlanta Hawks. El rumbo es un equipo de menor nivel, los capitalinos Wizards de Washington, en un trueque que deja a este jugador rebajado a simple moneda de cambio que ha sido usada para ganar espacio salarial. <\/p>\n<p class=\"\">Una operaci\u00f3n adelantada por el periodista <a href=\"https:\/\/x.com\/TheSteinLine\/status\/2008295939690119625\" target=\"_self\" rel=\"nofollow\" title=\"https:\/\/x.com\/TheSteinLine\/status\/2008295939690119625\">Marc Stein<\/a> en los \u00faltimos d\u00edas y de la que tambi\u00e9n ha dado cuenta <a href=\"https:\/\/x.com\/ShamsCharania\/status\/2009089624363463004\" target=\"_self\" rel=\"nofollow\" title=\"https:\/\/x.com\/ShamsCharania\/status\/2009089624363463004\">Shams Charania<\/a>. Y que queda sin que sean incluidos en ella picks de \u00edndole alguna. Young, a sus 27 a\u00f1os, se ir\u00e1 a los Wizards; a cambio en D.C. lo que dan es a C.J. McCollum, el veterano de alto estatus por el que los salarios cuadran el canje (Khris Middleton, el otro que ten\u00eda, permanecer\u00e1 quieto de momento), y a Corey Kispert, un escolta-alero que hab\u00eda sido la demanda principal de Atlanta para que se cerrara el trato. <b>Trae promedia a\u00fan 19,3 puntos, pero ya por debajo de lo que ofrec\u00eda un tiempo atr\u00e1s en esa faceta, la de asistencias o el acierto en los lanzamientos<\/b>.<\/p>\n<p class=\"\">Los <b>Hawks<\/b> se celebran por cerrar aqu\u00ed una etapa en la que volvieron a tener un cierto colmillo ganador en el Este despu\u00e9s del legado que dej\u00f3 Budenholzer con aquella plantilla de Horford, Korver, Millsap, Teague y DeMarre Carroll. La idea ahora es centrarse en un nuevo liderazgo, el que puede ejercer Jalen Johnson desde la posici\u00f3n de alero, un muy vers\u00e1til jugador y nacido ya en este siglo que est\u00e1 al alza desde hace un par de temporadas. <\/p>\n<p class=\"\"><b>Trae Young<\/b> es absorbido por unos Wizards sin aspiraciones deportivas y que esperan convencerle para renovar a buen precio. Est\u00e1 terminando un contrato de 215 millones en cinco a\u00f1os. Este verano podr\u00eda acogerse a su opci\u00f3n de jugador y cobrar los casi cincuenta que le restan en la siguiente campa\u00f1a o no hacerlo y salir al mercado a decidir su futuro por s\u00ed mismo. El sueldo expiring de McCollum (30,6), la otra pieza de caza de este traspaso, es movible por la franquicia de Georgia, sin alta consideraci\u00f3n deportiva por \u00e9l m\u00e1s all\u00e1 de la presente campa\u00f1a, antes de que acabe el plazo del mercado. <\/p>\n<p class=\"\">Los <b>Hawks<\/b> quer\u00edan darle un nuevo aire a la franquicia con chicos comprometidos a varios a\u00f1os vista. Johnson es uno pero tambi\u00e9n han apostado por Dyson Daniels, otro todoterreno sobre la cancha, o Alexander-Walker en el \u00faltimo mercado vacacional. Una peque\u00f1a revoluci\u00f3n est\u00e1 en marcha porque otros como Kristaps Porzingis y un n\u00famero uno como Zaccharie Risacher, con el que tambi\u00e9n se han rendido, son candidatos a coger la puerta de salida. <\/p>\n<p>Young presion\u00f3 hace unas semanas para extender su contrato.<\/p>\n<p class=\"\">La NBA a veces se mueve en c\u00edrculos y ocurre tambi\u00e9n con este traspaso. Cuando los Hawks bajaron dos posiciones en el draft -ten\u00edan la 3\u00aa y se quedaron con la 5\u00aa- para pasar de Luka Doncic y apostar por Trae Young, uno de los ide\u00f3logos era el directivo <b>Travis Schlenk<\/b>; \u00e9ste es ahora miembro de los Wizards, donde pretende convencer al jugador de que sea la cara el proyecto m\u00e1s all\u00e1 de lo que queda de temporada.<\/p>\n<p class=\"\">&#8211;<\/p>\n<p>Noticias relacionadas<a href=\"https:\/\/as.com\/baloncesto\/nba\/doncic-se-topa-con-wembanyama-y-muchos-mas-f202601-n\/\" class=\"s_m_w\" title=\"La disparidad en los jugadores disponibles entre Spurs y Lakers, en un calendario que no da respiro, decidi\u00f3 el encuentro a pesar de una gran actuaci\u00f3n de Luka Doncic.\" data-tb-link=\"\" rel=\"nofollow noopener\" target=\"_blank\"><img decoding=\"async\" src=\"https:\/\/www.europesays.com\/es\/wp-content\/uploads\/2026\/01\/1767874209_244_PKMXVGBKKVIX7N7HIJGVSPGSYY.jpg\" alt=\"Doncic se topa con Wembanyama y muchos m\u00e1s\" class=\"\" height=\"9\" width=\"16\"   loading=\"lazy\" data-tb-thumbnail=\"\"\/><\/a><a href=\"https:\/\/as.com\/baloncesto\/nba\/yabusele-no-quiere-volver-a-europa-la-nba-es-para-siempre-f202601-n\/\" class=\"s_m_w\" title=\"El ala-p\u00edvot de los Knicks apuesta por completar las temporadas en la NBA que hacen falta para que su familia tenga \u201ccobertura m\u00e9dica de por vida\u201d.\" data-tb-link=\"\" rel=\"nofollow noopener\" target=\"_blank\"><img decoding=\"async\" src=\"https:\/\/www.europesays.com\/es\/wp-content\/uploads\/2026\/01\/HO3SUIQCYBOC5FEOU2AOKP4FMA.jpg\" alt=\"Yabusele no quiere regresar a Europa: \u201cLa NBA es para siempre\u201d\" class=\"\" height=\"9\" width=\"16\"   loading=\"lazy\" data-tb-thumbnail=\"\"\/><\/a><\/p>\n<p class=\"\">Nuestra\u00a0<a href=\"https:\/\/asfan.as.com\/newsletters\/\" rel=\"nofollow noopener\" target=\"_blank\">Newsletter<\/a>\u00a0y alerta informativa en canal de\u00a0<a href=\"https:\/\/www.whatsapp.com\/channel\/0029VaAasdA7j6g745nz9M10\" rel=\"nofollow noopener\" target=\"_blank\">WhatsApp<\/a>.<\/p>\n<p class=\"\">\u00bfBuscas licenciar contenido?\u00a0<a href=\"https:\/\/profesional.elpais.com\/landing-sindicacion?utm_medium=interno&amp;utm_source=crosslinking&amp;utm_campaign=sindicacion_as_pie_articulos\" rel=\"nofollow noopener\" target=\"_blank\">Haz clic aqu\u00ed<\/a>\u00a0para la informaci\u00f3n.<\/p>\n","protected":false},"excerpt":{"rendered":"Confirmado el primer gran movimiento del mercado de traspasos de esta temporada en la NBA. Un miembro de&hellip;\n","protected":false},"author":2,"featured_media":329552,"comment_status":"","ping_status":"","sticky":false,"template":"","format":"standard","meta":{"footnotes":""},"categories":[269],"tags":[299,298,168,25,24,23,167],"class_list":{"0":"post-329551","1":"post","2":"type-post","3":"status-publish","4":"format-standard","5":"has-post-thumbnail","7":"category-baloncesto","8":"tag-baloncesto","9":"tag-basketball","10":"tag-deportes","11":"tag-es","12":"tag-espana","13":"tag-spain","14":"tag-sports"},"share_on_mastodon":{"url":"https:\/\/pubeurope.com\/@es\/115859411940217118","error":""},"_links":{"self":[{"href":"https:\/\/www.europesays.com\/es\/wp-json\/wp\/v2\/posts\/329551","targetHints":{"allow":["GET"]}}],"collection":[{"href":"https:\/\/www.europesays.com\/es\/wp-json\/wp\/v2\/posts"}],"about":[{"href":"https:\/\/www.europesays.com\/es\/wp-json\/wp\/v2\/types\/post"}],"author":[{"embeddable":true,"href":"https:\/\/www.europesays.com\/es\/wp-json\/wp\/v2\/users\/2"}],"replies":[{"embeddable":true,"href":"https:\/\/www.europesays.com\/es\/wp-json\/wp\/v2\/comments?post=329551"}],"version-history":[{"count":0,"href":"https:\/\/www.europesays.com\/es\/wp-json\/wp\/v2\/posts\/329551\/revisions"}],"wp:featuredmedia":[{"embeddable":true,"href":"https:\/\/www.europesays.com\/es\/wp-json\/wp\/v2\/media\/329552"}],"wp:attachment":[{"href":"https:\/\/www.europesays.com\/es\/wp-json\/wp\/v2\/media?parent=329551"}],"wp:term":[{"taxonomy":"category","embeddable":true,"href":"https:\/\/www.europesays.com\/es\/wp-json\/wp\/v2\/categories?post=329551"},{"taxonomy":"post_tag","embeddable":true,"href":"https:\/\/www.europesays.com\/es\/wp-json\/wp\/v2\/tags?post=329551"}],"curies":[{"name":"wp","href":"https:\/\/api.w.org\/{rel}","templated":true}]}}