{"id":329574,"date":"2026-01-08T12:23:08","date_gmt":"2026-01-08T12:23:08","guid":{"rendered":"https:\/\/www.europesays.com\/es\/329574\/"},"modified":"2026-01-08T12:23:08","modified_gmt":"2026-01-08T12:23:08","slug":"ultimas-noticias-de-venezuela-tras-la-detencion-de-maduro-en-directo-trump-considera-que-la-intervencion-de-ee-uu-en-venezuela-podria-alargarse-anos-solo-el-tiempo-lo-dira-inte","status":"publish","type":"post","link":"https:\/\/www.europesays.com\/es\/329574\/","title":{"rendered":"\u00daltimas noticias de Venezuela tras la detenci\u00f3n de Maduro, en directo | Trump considera que la intervenci\u00f3n de EE UU en Venezuela podr\u00eda alargarse a\u00f1os: \u201cSolo el tiempo lo dir\u00e1\u201d | Internacional"},"content":{"rendered":"<p class=\"ev-title\">Qu\u00e9 ha pasado en las \u00faltimas horas<\/p>\n<p><strong>Diosdado Cabello informa de que 100 personas murieron en el ataque a Venezuela<\/strong>. El ministro del Interior venezolano, Diosdado Cabello, ha afirmado este mi\u00e9rcoles que un centenar de personas murieron a causa del ataque estadounidense de la madrugada del s\u00e1bado, incluidos civiles. \u201cVenezuela ha sido v\u00edctima de un ataque en el que hasta ahora hay 100 fallecidos\u201d, ha dicho al arrancar su programa televisivo, Con el Mazo Dando.<\/p>\n<p><strong>Mar\u00eda Corina asegura que la transici\u00f3n es \u201cirreversible\u201d.<\/strong>\u00a0Mar\u00eda Corina Machado, l\u00edder opositora venezolana, ha calificado el momento que vive su pa\u00eds como \u201cirreversible\u201d y ha sostenido que la presidencia de Delcy Rodr\u00edguez es \u201cabsolutamente temporal\u201d. En una entrevista otorgada este mi\u00e9rcoles al peri\u00f3dico venezolano La Patilla, Machado ha pedido ir \u201cun d\u00eda a la vez\u201d y no adelantarse en los tiempos.<\/p>\n<p><strong>Estados Unidos pretende controlar \u201cindefinidamente\u201d las exportaciones de petr\u00f3leo en Venezuela<\/strong>. La Administraci\u00f3n liderada por Donald Trump prev\u00e9 mantener el control sobre las exportaciones de crudo venezolano durante un periodo indefinido como parte de un plan para la reconstrucci\u00f3n de la econom\u00eda del pa\u00eds y que Venezuela pueda ser un importante proveedor de petr\u00f3leo para el mundo y un aliado de Estados Unidos.<\/p>\n<p><strong>Rubio avanza que se reunir\u00e1 con oficiales daneses la semana pr\u00f3xima ante la tensi\u00f3n por Groenlandia.<\/strong>\u00a0El secretario de Estado, Marco Rubio, ha evitado pronunciarse sobre los planes de Estados Unidos hacia Groenlandia, despu\u00e9s de que la Casa Blanca haya indicado que el uso de la fuerza para hacerse con el control de la isla \u00e1rtica \u201cest\u00e1 sobre la mesa\u201d. El alto cargo ha confirmado que la semana pr\u00f3xima se reunir\u00e1 con sus contrapartes de los pa\u00edses de la OTAN para tratar sobre la isla.<\/p>\n<p><strong>Francia trabaja con sus aliados en un plan por si Estados Unidos act\u00faa sobre Groenlandia.<\/strong>\u00a0Francia est\u00e1 trabajando con sus socios en un plan para articular una respuesta si Estados Unidos cumple su amenaza de apoderarse de Groenlandia, seg\u00fan ha informado Jean-No\u00ebl Barrot, ministro de Asuntos Exteriores del pa\u00eds galo. China tambi\u00e9n ha pedido respetar la Carta de la ONU ante las amenazas de EE UU sobre Groenlandia.<\/p>\n","protected":false},"excerpt":{"rendered":"Qu\u00e9 ha pasado en las \u00faltimas horas Diosdado Cabello informa de que 100 personas murieron en el ataque&hellip;\n","protected":false},"author":2,"featured_media":329575,"comment_status":"","ping_status":"","sticky":false,"template":"","format":"standard","meta":{"footnotes":""},"categories":[42],"tags":[74750,8738,17,18,6191,74823,70,72,41094,2496,352,629,700,13,14,29392,11,61,62,63,64,19,20,9,1194,10,15,16,12,21,22,1192,65,66,67],"class_list":{"0":"post-329574","1":"post","2":"type-post","3":"status-publish","4":"format-standard","5":"has-post-thumbnail","7":"category-internacional","8":"tag-ataque-estados-unidos-a-venezuela","9":"tag-ataques-militares","10":"tag-breaking-news","11":"tag-breakingnews","12":"tag-caracas","13":"tag-cilia-flores","14":"tag-conflictos","15":"tag-conflictos-internacionales","16":"tag-derecho-internacional","17":"tag-dinamarca","18":"tag-donald-trump","19":"tag-estados-unidos","20":"tag-europa","21":"tag-featured-news","22":"tag-featurednews","23":"tag-groenlandia","24":"tag-headlines","25":"tag-internacional","26":"tag-international","27":"tag-international-news","28":"tag-internationalnews","29":"tag-latest-news","30":"tag-latestnews","31":"tag-news","32":"tag-nicolas-maduro","33":"tag-noticias","34":"tag-noticias-destacadas","35":"tag-noticiasdestacadas","36":"tag-titulares","37":"tag-ultimas-noticias","38":"tag-ultimasnoticias","39":"tag-venezuela","40":"tag-world","41":"tag-world-news","42":"tag-worldnews"},"share_on_mastodon":{"url":"","error":"Validation failed: Text character limit of 500 exceeded"},"_links":{"self":[{"href":"https:\/\/www.europesays.com\/es\/wp-json\/wp\/v2\/posts\/329574","targetHints":{"allow":["GET"]}}],"collection":[{"href":"https:\/\/www.europesays.com\/es\/wp-json\/wp\/v2\/posts"}],"about":[{"href":"https:\/\/www.europesays.com\/es\/wp-json\/wp\/v2\/types\/post"}],"author":[{"embeddable":true,"href":"https:\/\/www.europesays.com\/es\/wp-json\/wp\/v2\/users\/2"}],"replies":[{"embeddable":true,"href":"https:\/\/www.europesays.com\/es\/wp-json\/wp\/v2\/comments?post=329574"}],"version-history":[{"count":0,"href":"https:\/\/www.europesays.com\/es\/wp-json\/wp\/v2\/posts\/329574\/revisions"}],"wp:featuredmedia":[{"embeddable":true,"href":"https:\/\/www.europesays.com\/es\/wp-json\/wp\/v2\/media\/329575"}],"wp:attachment":[{"href":"https:\/\/www.europesays.com\/es\/wp-json\/wp\/v2\/media?parent=329574"}],"wp:term":[{"taxonomy":"category","embeddable":true,"href":"https:\/\/www.europesays.com\/es\/wp-json\/wp\/v2\/categories?post=329574"},{"taxonomy":"post_tag","embeddable":true,"href":"https:\/\/www.europesays.com\/es\/wp-json\/wp\/v2\/tags?post=329574"}],"curies":[{"name":"wp","href":"https:\/\/api.w.org\/{rel}","templated":true}]}}