{"id":329578,"date":"2026-01-08T12:25:09","date_gmt":"2026-01-08T12:25:09","guid":{"rendered":"https:\/\/www.europesays.com\/es\/329578\/"},"modified":"2026-01-08T12:25:09","modified_gmt":"2026-01-08T12:25:09","slug":"el-centro-cultural-fernando-ateca-inaugura-manana-la-exposicion-unidos-por-el-arte","status":"publish","type":"post","link":"https:\/\/www.europesays.com\/es\/329578\/","title":{"rendered":"El Centro Cultural Fernando Ateca inaugura ma\u00f1ana la exposici\u00f3n \u2018Unidos por el arte\u2019"},"content":{"rendered":"<tr>\n<td>\n\t\t\t\t\t\t<img decoding=\"async\" src=\"https:\/\/www.europesays.com\/es\/wp-content\/uploads\/2026\/01\/cartel_exposicion_unidos_por_el_arte.jpg\" alt=\"noticias\/imagen-asociada\/2026\/01\/cartel_exposicion_unidos_por_el_arte.jpg\" class=\"col-xs-12 col-md-12 img-responsive img-left\"\/>\n\t\t\t\t\t<\/td>\n<\/tr>\n<p class=\"lead\">\n\t\t\t\tLa muestra colectiva, impulsada por el Taller de Arte Canteruca y las asociaciones de vecinos El Castillo y Fernando Ateca, podr\u00e1 visitarse hasta el 20 de febrero y re\u00fane cer\u00e1mica, bordado, pintura, acuarela o dibujo.\t\t\t<\/p>\n<p style=\"text-align: justify;\">El Centro Cultural Fernando Ateca inaugurar\u00e1 ma\u00f1ana, viernes 9 de enero, a las 18.30 horas, la exposici\u00f3n \u2018Unidos por el arte\u2019.<\/p>\n<p style=\"text-align: justify;\">La muestra podr\u00e1 visitarse hasta el 20 de febrero y re\u00fane trabajos de cer\u00e1mica, bordado, pintura, acuarela y dibujo, ofreciendo al p\u00fablico una amplia variedad de t\u00e9cnicas, estilos y miradas art\u00edsticas que reflejan la evoluci\u00f3n creativa y la personalidad de cada participante.<\/p>\n<p style=\"text-align: justify;\">Uno de los rasgos m\u00e1s destacados de la muestra es la diversidad generacional de sus autores, con edades que van desde los 3 hasta los 70 a\u00f1os. Esta convivencia creativa convierte la exposici\u00f3n en un espacio compartido donde el arte act\u00faa como un verdadero puente entre generaciones, experiencias y formas de entender el mundo.<\/p>\n<p style=\"text-align: justify;\">La concejala de Cultura, Noem\u00ed M\u00e9ndez, ha animado a los vecinos a acercarse a esta propuesta cultural y ha subrayado que, con el comienzo del a\u00f1o, la actividad cultural en los centros municipales no se detiene. \u201cSeguimos apostando por una programaci\u00f3n viva, cercana y abierta a la participaci\u00f3n de la ciudadan\u00eda\u201d, ha a\u00f1adido.<\/p>\n<p style=\"text-align: justify;\">M\u00e9ndez ha destacado adem\u00e1s que \u2018Unidos por el arte\u2019 es un magn\u00edfico ejemplo de c\u00f3mo la cultura se construye desde los barrios, desde el compromiso colectivo y desde la creatividad compartida.<\/p>\n<p style=\"text-align: justify;\">M\u00e1s all\u00e1 de su valor est\u00e9tico, la exposici\u00f3n pone de relieve el impacto positivo de la creaci\u00f3n art\u00edstica en la salud y el bienestar.<\/p>\n<p style=\"text-align: justify;\">Diversos estudios en el \u00e1mbito de la neurociencia se\u00f1alan que la pr\u00e1ctica regular del arte contribuye a mejorar la conectividad neuronal, la regulaci\u00f3n emocional y la autoestima. En el caso de los ni\u00f1os, supone un est\u00edmulo clave para el desarrollo psicomotor, la coordinaci\u00f3n y la imaginaci\u00f3n; para los adultos, una herramienta de mantenimiento cognitivo; y para las personas mayores, un apoyo fundamental para fortalecer la memoria y prevenir el deterioro cognitivo.<\/p>\n<p style=\"text-align: justify;\">En este sentido, la muestra del Taller de Arte Canteruca se presenta como algo m\u00e1s que una exposici\u00f3n de trabajos: es una celebraci\u00f3n del arte como herramienta de aprendizaje, salud y conexi\u00f3n humana.<\/p>\n<p style=\"text-align: justify;\">El p\u00fablico est\u00e1 invitado no solo a contemplar las obras, sino tambi\u00e9n a descubrir el proceso creativo que hay detr\u00e1s de cada una de ellas.<\/p>\n<p style=\"text-align: justify;\">M\u00e9ndez ha puesto en valor adem\u00e1s el trabajo del Taller de Arte Canteruca y de las asociaciones participantes, y ha asegurado que estas iniciativas demuestran que los centros culturales municipales son espacios vivos, donde la cultura se comparte, se aprende y se disfruta durante todo el a\u00f1o.<\/p>\n","protected":false},"excerpt":{"rendered":"La muestra colectiva, impulsada por el Taller de Arte Canteruca y las asociaciones de vecinos El Castillo y&hellip;\n","protected":false},"author":2,"featured_media":329579,"comment_status":"","ping_status":"","sticky":false,"template":"","format":"standard","meta":{"footnotes":""},"categories":[5],"tags":[17,18,25,24,13,14,11,19,20,9,10,15,16,23,12,21,22],"class_list":{"0":"post-329578","1":"post","2":"type-post","3":"status-publish","4":"format-standard","5":"has-post-thumbnail","7":"category-titulares","8":"tag-breaking-news","9":"tag-breakingnews","10":"tag-es","11":"tag-espana","12":"tag-featured-news","13":"tag-featurednews","14":"tag-headlines","15":"tag-latest-news","16":"tag-latestnews","17":"tag-news","18":"tag-noticias","19":"tag-noticias-destacadas","20":"tag-noticiasdestacadas","21":"tag-spain","22":"tag-titulares","23":"tag-ultimas-noticias","24":"tag-ultimasnoticias"},"share_on_mastodon":{"url":"https:\/\/pubeurope.com\/@es\/115859470618017827","error":""},"_links":{"self":[{"href":"https:\/\/www.europesays.com\/es\/wp-json\/wp\/v2\/posts\/329578","targetHints":{"allow":["GET"]}}],"collection":[{"href":"https:\/\/www.europesays.com\/es\/wp-json\/wp\/v2\/posts"}],"about":[{"href":"https:\/\/www.europesays.com\/es\/wp-json\/wp\/v2\/types\/post"}],"author":[{"embeddable":true,"href":"https:\/\/www.europesays.com\/es\/wp-json\/wp\/v2\/users\/2"}],"replies":[{"embeddable":true,"href":"https:\/\/www.europesays.com\/es\/wp-json\/wp\/v2\/comments?post=329578"}],"version-history":[{"count":0,"href":"https:\/\/www.europesays.com\/es\/wp-json\/wp\/v2\/posts\/329578\/revisions"}],"wp:featuredmedia":[{"embeddable":true,"href":"https:\/\/www.europesays.com\/es\/wp-json\/wp\/v2\/media\/329579"}],"wp:attachment":[{"href":"https:\/\/www.europesays.com\/es\/wp-json\/wp\/v2\/media?parent=329578"}],"wp:term":[{"taxonomy":"category","embeddable":true,"href":"https:\/\/www.europesays.com\/es\/wp-json\/wp\/v2\/categories?post=329578"},{"taxonomy":"post_tag","embeddable":true,"href":"https:\/\/www.europesays.com\/es\/wp-json\/wp\/v2\/tags?post=329578"}],"curies":[{"name":"wp","href":"https:\/\/api.w.org\/{rel}","templated":true}]}}