{"id":329590,"date":"2026-01-08T12:36:22","date_gmt":"2026-01-08T12:36:22","guid":{"rendered":"https:\/\/www.europesays.com\/es\/329590\/"},"modified":"2026-01-08T12:36:22","modified_gmt":"2026-01-08T12:36:22","slug":"estos-son-los-premios-con-sorpresa-del-concurso-de-fotografia-deportiva-de-llanera","status":"publish","type":"post","link":"https:\/\/www.europesays.com\/es\/329590\/","title":{"rendered":"estos son los premios (con sorpresa) del Concurso de Fotograf\u00eda Deportiva de Llanera"},"content":{"rendered":"<p class=\"ft-text\">El jurado del I Concurso de Fotograf\u00eda Deportiva de Llanera ha acordado por unanimidad declarar desierto el primer premio, que estaba dotado con 900 euros y diploma.<\/p>\n<p class=\"ft-text\">El segundo premio, de 500 euros y diploma, ha sido para la fotograf\u00eda titulada \u00abSprint La Morgal\u00bb, mientras que el tercero, dotado con 300 euros y diploma, ha reca\u00eddo en la imagen \u00abLlanera Femenino\u00bb.<\/p>\n<p class=\"ft-text\">El premio Local, con 300 euros y diploma, ha sido para la fotograf\u00eda titulada \u00abLlanera 10 Km. finales\u00bb.<\/p>\n<p class=\"ft-text\">La entrega de premios tendr\u00e1 lugar en pr\u00f3ximas fechas, seg\u00fan indican fuentes municipales.<\/p>\n<p class=\"ft-text\">La concejal\u00eda de Deportes convoc\u00f3 el certamen con el objetivo de \u00abincentivar el arte fotogr\u00e1fico en este \u00e1mbito, poniendo de relieve de forma gr\u00e1fica y pl\u00e1stica los valores del deporte\u00bb.<\/p>\n","protected":false},"excerpt":{"rendered":"El jurado del I Concurso de Fotograf\u00eda Deportiva de Llanera ha acordado por unanimidad declarar desierto el primer&hellip;\n","protected":false},"author":2,"featured_media":329591,"comment_status":"","ping_status":"","sticky":false,"template":"","format":"standard","meta":{"footnotes":""},"categories":[173],"tags":[229,233,231,230,2347,168,232,234,146,147,25,24,244,1157,15761,532,2877,23,76031],"class_list":{"0":"post-329590","1":"post","2":"type-post","3":"status-publish","4":"format-standard","5":"has-post-thumbnail","7":"category-arte-y-diseno","8":"tag-arte","9":"tag-arte-y-diseno","10":"tag-arts","11":"tag-arts-and-design","12":"tag-decision","13":"tag-deportes","14":"tag-design","15":"tag-diseno","16":"tag-entertainment","17":"tag-entretenimiento","18":"tag-es","19":"tag-espana","20":"tag-fotografia","21":"tag-imagen","22":"tag-jurado","23":"tag-premios","24":"tag-son","25":"tag-spain","26":"tag-tomado"},"share_on_mastodon":{"url":"https:\/\/pubeurope.com\/@es\/115859513817620763","error":""},"_links":{"self":[{"href":"https:\/\/www.europesays.com\/es\/wp-json\/wp\/v2\/posts\/329590","targetHints":{"allow":["GET"]}}],"collection":[{"href":"https:\/\/www.europesays.com\/es\/wp-json\/wp\/v2\/posts"}],"about":[{"href":"https:\/\/www.europesays.com\/es\/wp-json\/wp\/v2\/types\/post"}],"author":[{"embeddable":true,"href":"https:\/\/www.europesays.com\/es\/wp-json\/wp\/v2\/users\/2"}],"replies":[{"embeddable":true,"href":"https:\/\/www.europesays.com\/es\/wp-json\/wp\/v2\/comments?post=329590"}],"version-history":[{"count":0,"href":"https:\/\/www.europesays.com\/es\/wp-json\/wp\/v2\/posts\/329590\/revisions"}],"wp:featuredmedia":[{"embeddable":true,"href":"https:\/\/www.europesays.com\/es\/wp-json\/wp\/v2\/media\/329591"}],"wp:attachment":[{"href":"https:\/\/www.europesays.com\/es\/wp-json\/wp\/v2\/media?parent=329590"}],"wp:term":[{"taxonomy":"category","embeddable":true,"href":"https:\/\/www.europesays.com\/es\/wp-json\/wp\/v2\/categories?post=329590"},{"taxonomy":"post_tag","embeddable":true,"href":"https:\/\/www.europesays.com\/es\/wp-json\/wp\/v2\/tags?post=329590"}],"curies":[{"name":"wp","href":"https:\/\/api.w.org\/{rel}","templated":true}]}}