{"id":329642,"date":"2026-01-08T13:09:08","date_gmt":"2026-01-08T13:09:08","guid":{"rendered":"https:\/\/www.europesays.com\/es\/329642\/"},"modified":"2026-01-08T13:09:08","modified_gmt":"2026-01-08T13:09:08","slug":"guillermo-galoe-ciudad-sin-sueno-padrino-de-dias-de-cine","status":"publish","type":"post","link":"https:\/\/www.europesays.com\/es\/329642\/","title":{"rendered":"Guillermo Galoe (&#8216;Ciudad sin sue\u00f1o&#8217;), padrino de &#8216;D\u00edas de Cine&#8217;"},"content":{"rendered":"<p>Guillermo Galoe, director de \u2018Ciudad sin sue\u00f1o\u2019, ser\u00e1 el padrino de esta semana en <a href=\"https:\/\/www.rtve.es\/play\/videos\/dias-de-cine\/\" rel=\"nofollow noopener\" target=\"_blank\">\u2018D\u00edas de Cine\u2019<\/a>. Su \u00faltima pel\u00edcula ha sido la ganadora del premio del p\u00fablico en la <a href=\"https:\/\/www.rtve.es\/rtve\/20251228\/ganadores-xiii-premios-dias-cine-2025\/16876005.shtml\" rel=\"nofollow noopener\" target=\"_blank\">XIII edici\u00f3n de los Premios D\u00edas De Cine<\/a> y una de las candidatas a los Premios Goya. Para Guillermo Galoe ser\u00eda su tercera estatuilla, tras haber ganado anteriormente por su documental \u2018Fr\u00e1gil equilibrio\u2019 y el pasado a\u00f1o con su cortometraje \u2018Aunque es de noche\u2019. Adem\u00e1s, el espacio de cine de La 2 se har\u00e1 eco de los estrenos de \u2018La asistenta\u2019, \u2018Song sung blue\u2019 y \u2018Rental family\u2019 y recordar\u00e1 a la actriz francesa Brigitte Bardot y al cineasta h\u00fangaro B\u00e9la Tarr. <\/p>\n<p>Guillermo Galoe, durante la entrevista en &#8216;D\u00edas de cine&#8217;<\/p>\n<p style=\"text-align:justify;\">\u2018D\u00edas de cine\u2019 ofrecer\u00e1 reportajes sobre la llegada a las salas de \u2018<strong>La asistenta\u2019<\/strong>, estrenada la pasada semana y protagonizada por Sydney Sweeney; \u2018<strong>Song Sung Blue\u2019<\/strong>, pel\u00edcula basada en el documental del mismo t\u00edtulo de 2008, con Hugh Jackman y Kate Hudson; \u2018<strong>Rental family\u2019<\/strong>, comedia japonesa protagonizada por Brendan Fraser y Mari Yamamoto; y \u2018<strong>La cronolog\u00eda del agua\u2019<\/strong>, protagonizada por Imogen Poots, el debut como directora de Kristen Stewart.<\/p>\n<p style=\"text-align:justify;\">Apenas un mes despu\u00e9s del estreno de \u2018<strong>Blue Moon\u2019<\/strong>, llega \u2018<strong>Nouvelle vague\u2019<\/strong>, dirigida tambi\u00e9n por <strong>Richard Linklater,<\/strong> pel\u00edcula que viene a ser un \u00abas\u00ed se hizo\u00bb ficcionado de \u2018\u00c0 bout de souffle, (Al final de la escapada)\u2019 de Jean-Luc Godard. Para completar este reportaje, <strong>\u2018D\u00edas De Cine\u2019<\/strong> recupera un reportaje sobre esa m\u00edtica pel\u00edcula.<\/p>\n<p style=\"text-align:justify;\">El programa de esta semana despide a dos nombres muy importantes de la historia del cine. Por un lado, a <strong>Brigitte Bardot<\/strong>, emblem\u00e1tica actriz francesa, que pas\u00f3 de ser todo un sex symbol en pel\u00edculas como \u2018Y Dios cre\u00f3 a la mujer\u2019, a trabajar con los m\u00e1s grandes del cine franc\u00e9s como Jean-Luc Godard o Louis Malle, a participar en t\u00edtulos espa\u00f1oles como \u2018Las petroleras\u2019 o \u2018Los joyeros del claro de luna\u2019, o a renegar del cine y de su condici\u00f3n de antigua estrella. Brigitte Bardot falleci\u00f3 el pasado 28 de diciembre a la edad de 91 a\u00f1os.<\/p>\n<p style=\"text-align:justify;\">Y esta misma semana, el d\u00eda de Reyes, se conoc\u00eda el fallecimiento en Budapest, a los 70 a\u00f1os, del cineasta h\u00fangaro<strong> B\u00e9la Tarr,<\/strong> una de las miradas m\u00e1s personales del cine contempor\u00e1neo, responsable de pel\u00edculas como \u2018S\u00e1t\u00e1ntang\u00f3\u2019, \u2018Las armon\u00edas de Werckmeister\u2019, \u2018El hombre de Londres\u2019 o \u2018El caballo de Tur\u00edn\u2019.<\/p>\n","protected":false},"excerpt":{"rendered":"Guillermo Galoe, director de \u2018Ciudad sin sue\u00f1o\u2019, ser\u00e1 el padrino de esta semana en \u2018D\u00edas de Cine\u2019. Su&hellip;\n","protected":false},"author":2,"featured_media":329643,"comment_status":"","ping_status":"","sticky":false,"template":"","format":"standard","meta":{"footnotes":""},"categories":[42],"tags":[17,18,13,14,11,61,62,63,64,19,20,9,10,15,16,12,21,22,65,66,67],"class_list":{"0":"post-329642","1":"post","2":"type-post","3":"status-publish","4":"format-standard","5":"has-post-thumbnail","7":"category-internacional","8":"tag-breaking-news","9":"tag-breakingnews","10":"tag-featured-news","11":"tag-featurednews","12":"tag-headlines","13":"tag-internacional","14":"tag-international","15":"tag-international-news","16":"tag-internationalnews","17":"tag-latest-news","18":"tag-latestnews","19":"tag-news","20":"tag-noticias","21":"tag-noticias-destacadas","22":"tag-noticiasdestacadas","23":"tag-titulares","24":"tag-ultimas-noticias","25":"tag-ultimasnoticias","26":"tag-world","27":"tag-world-news","28":"tag-worldnews"},"share_on_mastodon":{"url":"https:\/\/pubeurope.com\/@es\/115859643674164632","error":""},"_links":{"self":[{"href":"https:\/\/www.europesays.com\/es\/wp-json\/wp\/v2\/posts\/329642","targetHints":{"allow":["GET"]}}],"collection":[{"href":"https:\/\/www.europesays.com\/es\/wp-json\/wp\/v2\/posts"}],"about":[{"href":"https:\/\/www.europesays.com\/es\/wp-json\/wp\/v2\/types\/post"}],"author":[{"embeddable":true,"href":"https:\/\/www.europesays.com\/es\/wp-json\/wp\/v2\/users\/2"}],"replies":[{"embeddable":true,"href":"https:\/\/www.europesays.com\/es\/wp-json\/wp\/v2\/comments?post=329642"}],"version-history":[{"count":0,"href":"https:\/\/www.europesays.com\/es\/wp-json\/wp\/v2\/posts\/329642\/revisions"}],"wp:featuredmedia":[{"embeddable":true,"href":"https:\/\/www.europesays.com\/es\/wp-json\/wp\/v2\/media\/329643"}],"wp:attachment":[{"href":"https:\/\/www.europesays.com\/es\/wp-json\/wp\/v2\/media?parent=329642"}],"wp:term":[{"taxonomy":"category","embeddable":true,"href":"https:\/\/www.europesays.com\/es\/wp-json\/wp\/v2\/categories?post=329642"},{"taxonomy":"post_tag","embeddable":true,"href":"https:\/\/www.europesays.com\/es\/wp-json\/wp\/v2\/tags?post=329642"}],"curies":[{"name":"wp","href":"https:\/\/api.w.org\/{rel}","templated":true}]}}