{"id":329662,"date":"2026-01-08T13:25:11","date_gmt":"2026-01-08T13:25:11","guid":{"rendered":"https:\/\/www.europesays.com\/es\/329662\/"},"modified":"2026-01-08T13:25:11","modified_gmt":"2026-01-08T13:25:11","slug":"el-numero-de-radioaficionados-sigue-creciendo-en-siero","status":"publish","type":"post","link":"https:\/\/www.europesays.com\/es\/329662\/","title":{"rendered":"el n\u00famero de radioaficionados sigue creciendo en Siero"},"content":{"rendered":"<p class=\"ft-text ft-helper-align-justify\">En tiempos de Internet y de m\u00f3viles inteligentes, las ondas se hacen m\u00e1s presentes que nunca y se revelan como una pasi\u00f3n para muchos. La radioafici\u00f3n en Asturias sigue sumando adeptos, en parte, gracias al esfuerzo de divulgaci\u00f3n que realiza el Radio Club Lugones (EA1RCL), fundado en 2017 por tres socios y que hoy cuenta con m\u00e1s de cincuenta, dando fe de lo mucho que tienen que aportar.<\/p>\n<p class=\"ft-text ft-helper-align-justify\">En 2025, y por cuarto a\u00f1o consecutivo, <strong>el RCL imparti\u00f3 un curso para la obtenci\u00f3n de la licencia <\/strong>que se necesita para emitir legalmente en las bandas de radioafici\u00f3n, operando estaciones fijas, m\u00f3viles y port\u00e1tiles. Fueron <strong>siete los alumnos que siguieron durante varias semanas las explicaciones del presidente del Radio Club, Miguel \u00c1ngel Russo<\/strong>, y ellos mismos fueron los nuevos indicativos obtenidos. Uno de ellos, el de<strong> un chico de 15 a\u00f1os, demostrando que tambi\u00e9n tienen tir\u00f3n entre la gente m\u00e1s joven<\/strong>, en un mundo tomado por pantallas y dispositivos electr\u00f3nicos en el que la radio sigue siendo cosa de magia.<\/p>\n<p class=\"ft-text ft-helper-align-justify\">Adem\u00e1s, el Radio Club <strong>ha desarrollado durante los \u00faltimos doce meses varias actividades<\/strong>, entre ellas, su ya tradicional colaboraci\u00f3n con la Cabalgata de los Reyes Magos, prestando asistencia durante el recorrido. Tambi\u00e9n lo hicieron en<strong> las Fiestas del Carbayu, en la de las Carrozas de Valdesoto o en las de Santa Isabel<\/strong>, \u00abcon el af\u00e1n de dar a conocer al mundo entero las fiestas locales\u00bb, recurrdan los responsables de la entidad, sin olvidar la activaci\u00f3n especial que llevaron a cabo en el D\u00eda Internacional de la Mujer y el curso de telegraf\u00eda del que salieron otros siete aprobados.<\/p>\n<p class=\"ft-text ft-helper-align-justify\">Para el presidente del club <strong>\u00abes una satisfacci\u00f3n contar con socios venidos de todas partes de la regi\u00f3n y poder seguir acercando, sobre todo, a los chavales, lo maravilloso de este mundo, para explicarles, por ejemplo, que la radio es el \u00faltimo refugio en caso de cat\u00e1strofe. Se demostr\u00f3 el d\u00eda del apag\u00f3n y pudimos ayudar a mucha gente\u00bb,<\/strong> subraya Russo, encantado con perpetuar una de las aficiones m\u00e1s antiguas en el mundo de las comunicaciones, y que sigue despertando el entusiasmo de muchos.<\/p>\n","protected":false},"excerpt":{"rendered":"En tiempos de Internet y de m\u00f3viles inteligentes, las ondas se hacen m\u00e1s presentes que nunca y se&hellip;\n","protected":false},"author":2,"featured_media":329663,"comment_status":"","ping_status":"","sticky":false,"template":"","format":"standard","meta":{"footnotes":""},"categories":[170],"tags":[1798,146,147,25,24,50233,184,185,5533,44443,1448,66063,23,9920],"class_list":{"0":"post-329662","1":"post","2":"type-post","3":"status-publish","4":"format-standard","5":"has-post-thumbnail","7":"category-musica","8":"tag-club","9":"tag-entertainment","10":"tag-entretenimiento","11":"tag-es","12":"tag-espana","13":"tag-lugones","14":"tag-music","15":"tag-musica","16":"tag-numero","17":"tag-ondas","18":"tag-radio","19":"tag-radioaficionados","20":"tag-spain","21":"tag-triunfan"},"share_on_mastodon":{"url":"https:\/\/pubeurope.com\/@es\/115859706591501879","error":""},"_links":{"self":[{"href":"https:\/\/www.europesays.com\/es\/wp-json\/wp\/v2\/posts\/329662","targetHints":{"allow":["GET"]}}],"collection":[{"href":"https:\/\/www.europesays.com\/es\/wp-json\/wp\/v2\/posts"}],"about":[{"href":"https:\/\/www.europesays.com\/es\/wp-json\/wp\/v2\/types\/post"}],"author":[{"embeddable":true,"href":"https:\/\/www.europesays.com\/es\/wp-json\/wp\/v2\/users\/2"}],"replies":[{"embeddable":true,"href":"https:\/\/www.europesays.com\/es\/wp-json\/wp\/v2\/comments?post=329662"}],"version-history":[{"count":0,"href":"https:\/\/www.europesays.com\/es\/wp-json\/wp\/v2\/posts\/329662\/revisions"}],"wp:featuredmedia":[{"embeddable":true,"href":"https:\/\/www.europesays.com\/es\/wp-json\/wp\/v2\/media\/329663"}],"wp:attachment":[{"href":"https:\/\/www.europesays.com\/es\/wp-json\/wp\/v2\/media?parent=329662"}],"wp:term":[{"taxonomy":"category","embeddable":true,"href":"https:\/\/www.europesays.com\/es\/wp-json\/wp\/v2\/categories?post=329662"},{"taxonomy":"post_tag","embeddable":true,"href":"https:\/\/www.europesays.com\/es\/wp-json\/wp\/v2\/tags?post=329662"}],"curies":[{"name":"wp","href":"https:\/\/api.w.org\/{rel}","templated":true}]}}