{"id":329668,"date":"2026-01-08T13:28:08","date_gmt":"2026-01-08T13:28:08","guid":{"rendered":"https:\/\/www.europesays.com\/es\/329668\/"},"modified":"2026-01-08T13:28:08","modified_gmt":"2026-01-08T13:28:08","slug":"la-gripe-baja-en-atencion-primaria-pero-las-hospitalizaciones-aumentan","status":"publish","type":"post","link":"https:\/\/www.europesays.com\/es\/329668\/","title":{"rendered":"La gripe baja en Atenci\u00f3n Primaria, pero las hospitalizaciones aumentan"},"content":{"rendered":"<p>            <a href=\"https:\/\/gacetamedica.com\/wp-content\/uploads\/2026\/01\/GettyImages-1218725129-e1767872563743.jpg\" data-caption=\"\" rel=\"nofollow noopener\" target=\"_blank\"><img loading=\"lazy\" decoding=\"async\" width=\"696\" height=\"464\" class=\"entry-thumb td-modal-image\" src=\"https:\/\/www.europesays.com\/es\/wp-content\/uploads\/2026\/01\/GettyImages-1218725129-696x464.jpg\"   alt=\"gripe\" title=\"\"\/><\/a><\/p>\n<p>La gripe contin\u00faa siendo el principal virus respiratorio en circulaci\u00f3n en Espa\u00f1a al inicio de 2026, pese a mostrar una tendencia comunitaria a la baja. Seg\u00fan los \u00faltimos datos del Sistema de Vigilancia de Infecci\u00f3n Respiratoria Aguda (SiVIRA), coordinado por el Centro Nacional de Epidemiolog\u00eda y el Centro Nacional de Microbiolog\u00eda del Instituto de Salud Carlos III (ISCIII), <strong>la actividad gripal se mantiene en fase epid\u00e9mica de intensidad baja<\/strong>, tanto en Atenci\u00f3n Primaria como en el \u00e1mbito hospitalario.<\/p>\n<p>Durante <a href=\"https:\/\/cne.isciii.es\/servicios\/enfermedades-transmisibles\/enfermedades-a-z\/gripe-covid-19-y-otros-virus-respiratorios\" data-type=\"link\" data-id=\"https:\/\/cne.isciii.es\/servicios\/enfermedades-transmisibles\/enfermedades-a-z\/gripe-covid-19-y-otros-virus-respiratorios\" target=\"_blank\" rel=\"noreferrer noopener nofollow\">la semana 01\/2026<\/a> (del 29 de diciembre al 4 de enero), <strong>la tasa nacional de s\u00edndrome gripal se situ\u00f3 en 84,1 casos por 100.000 habitantes<\/strong>, por debajo de los 106 casos registrados la semana anterior. Aunque el descenso es evidente, la gripe sigue por encima del umbral epid\u00e9mico, superado desde la semana 47\/2025, y tras haber alcanzado una intensidad epid\u00e9mica media entre las semanas 49 y 51 de 2025.<\/p>\n<p><a href=\"https:\/\/gacetamedica.com\/investigacion\/virus-mantener-bajo-vigilancia-2026\/\" data-type=\"link\" data-id=\"https:\/\/gacetamedica.com\/investigacion\/virus-mantener-bajo-vigilancia-2026\/\" target=\"_blank\" rel=\"noreferrer noopener nofollow\">El impacto real del virus<\/a> se refleja con mayor claridad en el denominado proxy de gripe, que combina la incidencia de infecciones respiratorias agudas (IRA) con la positividad microbiol\u00f3gica. Este indicador estima una incidencia de gripe de 190,9 casos por 100.000 habitantes, frente a los 248,6 de la semana previa, lo que confirma <strong>una desaceleraci\u00f3n de la transmisi\u00f3n<\/strong>, aunque con niveles todav\u00eda relevantes.<\/p>\n<p><strong>Menor positividad en Atenci\u00f3n Primaria<\/strong><\/p>\n<p>En el \u00e1mbito de Atenci\u00f3n Primaria, la tasa global de infecciones respiratorias agudas fue de <strong>556,5 casos por 100.000 habitantes<\/strong>, ligeramente inferior a la de la semana anterior, manteni\u00e9ndose en <strong>intensidad baja<\/strong>, pese a que el umbral epid\u00e9mico se super\u00f3 ya en la semana 39\/2025.<\/p>\n<p>Las pruebas diagn\u00f3sticas realizadas en una muestra representativa muestran que la <strong>gripe contin\u00faa siendo el virus m\u00e1s detectado<\/strong>, con una <strong>positividad del 34,3%<\/strong>, aunque esta cifra supone un descenso notable respecto al 43,2% registrado la semana previa. Muy por detr\u00e1s se sit\u00faan el virus respiratorio sincitial (VRS), con una positividad del 11,8%, y el SARS-CoV-2, pr\u00e1cticamente residual, con un 0,3%.<\/p>\n<p>En este contexto, la incidencia estimada de COVID-19 en Atenci\u00f3n Primaria fue de apenas <strong>1,7 casos por 100.000 habitantes<\/strong>, mientras que la del VRS se situ\u00f3 en <strong>65,7 casos por 100.000<\/strong>, este \u00faltimo con una tendencia ascendente en comparaci\u00f3n con semanas anteriores.<\/p>\n<p><strong>Aumentan los ingresos hospitalarios asociados a la gripe<\/strong><\/p>\n<p>Aunque la incidencia comunitaria de la gripe desciende, <strong>los datos hospitalarios muestran un ligero aumento de la gravedad<\/strong>, especialmente en lo que respecta a los ingresos. La tasa de hospitalizaci\u00f3n por infecci\u00f3n respiratoria aguda grave (IRAG) alcanz\u00f3 los 25,7 casos por 100.000 habitantes, frente a los 23,7 de la semana anterior.<\/p>\n<p>En los hospitales, la gripe vuelve a ser el virus predominante. <strong>El 45,6% de las muestras analizadas fueron positivas para gripe, un porcentaje algo superior al de la semana previa (41,6%)<\/strong>, lo que indica una mayor concentraci\u00f3n de casos graves asociados a este virus.<\/p>\n<p>El proxy de hospitalizaci\u00f3n por gripe estima una tasa de <strong>11,7 ingresos por 100.000 habitantes<\/strong>, frente a los 9,9 de la semana anterior. Desde el inicio de la temporada en la semana 40\/2024, los casos hospitalizados por gripe han presentado un 20% de neumon\u00eda, un 4,8% de ingreso en UCI y una letalidad del 4,6%, datos que confirman el impacto cl\u00ednico relevante del virus, especialmente en personas vulnerables.<\/p>\n<p>En el extremo contrario, la circulaci\u00f3n de SARS-CoV-2 contin\u00faa en niveles muy bajos. La tasa estimada de hospitalizaci\u00f3n por COVID-19 se mantuvo en <strong>0,3 casos por 100.000 habitantes<\/strong>, con una positividad del 1,1%. No obstante, los casos graves siguen asociados a una elevada gravedad cl\u00ednica: desde el inicio de la temporada, el <strong>24,2% ha desarrollado neumon\u00eda<\/strong>, el <strong>4,2% ha requerido UCI<\/strong> y la <strong>letalidad alcanza el 10,6%<\/strong>.<\/p>\n<p>Por su parte, el virus respiratorio sincitial (VRS) muestra una <strong>tendencia ascendente<\/strong> en este \u00e1mbito. La positividad fue del <strong>18,8%<\/strong> y la tasa de hospitalizaci\u00f3n estimada alcanz\u00f3 los <strong>4,8 casos por 100.000 habitantes<\/strong>, frente a los 3,2 de la semana previa. En menores de cinco a\u00f1os, la carga asistencial sigue siendo notable, aunque la tasa de bronquitis y bronquiolitis descendi\u00f3 hasta los <strong>278 casos por 100.000 habitantes<\/strong>. <\/p>\n<p>En conjunto, los datos confirman que la <strong>gripe sigue marcando el pulso de la temporada respiratoria<\/strong> en Espa\u00f1a al inicio de 2026. Aunque la transmisi\u00f3n comunitaria muestra signos de descenso, el impacto hospitalario contin\u00faa siendo relevante, lo que refuerza la importancia de la vigilancia epidemiol\u00f3gica y de las medidas de prevenci\u00f3n en los grupos de riesgo.<\/p>\n<p><strong>Tambi\u00e9n te puede interesar\u2026<\/strong><\/p>\n","protected":false},"excerpt":{"rendered":"La gripe contin\u00faa siendo el principal virus respiratorio en circulaci\u00f3n en Espa\u00f1a al inicio de 2026, pese a&hellip;\n","protected":false},"author":2,"featured_media":329669,"comment_status":"","ping_status":"","sticky":false,"template":"","format":"standard","meta":{"footnotes":""},"categories":[92],"tags":[25,24,165,166,23],"class_list":{"0":"post-329668","1":"post","2":"type-post","3":"status-publish","4":"format-standard","5":"has-post-thumbnail","7":"category-salud","8":"tag-es","9":"tag-espana","10":"tag-health","11":"tag-salud","12":"tag-spain"},"share_on_mastodon":{"url":"https:\/\/pubeurope.com\/@es\/115859718458823709","error":""},"_links":{"self":[{"href":"https:\/\/www.europesays.com\/es\/wp-json\/wp\/v2\/posts\/329668","targetHints":{"allow":["GET"]}}],"collection":[{"href":"https:\/\/www.europesays.com\/es\/wp-json\/wp\/v2\/posts"}],"about":[{"href":"https:\/\/www.europesays.com\/es\/wp-json\/wp\/v2\/types\/post"}],"author":[{"embeddable":true,"href":"https:\/\/www.europesays.com\/es\/wp-json\/wp\/v2\/users\/2"}],"replies":[{"embeddable":true,"href":"https:\/\/www.europesays.com\/es\/wp-json\/wp\/v2\/comments?post=329668"}],"version-history":[{"count":0,"href":"https:\/\/www.europesays.com\/es\/wp-json\/wp\/v2\/posts\/329668\/revisions"}],"wp:featuredmedia":[{"embeddable":true,"href":"https:\/\/www.europesays.com\/es\/wp-json\/wp\/v2\/media\/329669"}],"wp:attachment":[{"href":"https:\/\/www.europesays.com\/es\/wp-json\/wp\/v2\/media?parent=329668"}],"wp:term":[{"taxonomy":"category","embeddable":true,"href":"https:\/\/www.europesays.com\/es\/wp-json\/wp\/v2\/categories?post=329668"},{"taxonomy":"post_tag","embeddable":true,"href":"https:\/\/www.europesays.com\/es\/wp-json\/wp\/v2\/tags?post=329668"}],"curies":[{"name":"wp","href":"https:\/\/api.w.org\/{rel}","templated":true}]}}