{"id":329704,"date":"2026-01-08T13:56:08","date_gmt":"2026-01-08T13:56:08","guid":{"rendered":"https:\/\/www.europesays.com\/es\/329704\/"},"modified":"2026-01-08T13:56:08","modified_gmt":"2026-01-08T13:56:08","slug":"portal-de-noticias-del-gobierno-de-canarias-452","status":"publish","type":"post","link":"https:\/\/www.europesays.com\/es\/329704\/","title":{"rendered":"Portal de Noticias del Gobierno de Canarias"},"content":{"rendered":"<blockquote>\n<p>El nuevo \u00e1rea asistencial, con una superficie de 1.043 metros cuadrados, albergar\u00e1 un Hospital de D\u00eda de Cardio-Neurolog\u00eda, la unidad del Dolor y las Consultas para las distintas especialidades<\/p>\n<p>El presupuesto de licitaci\u00f3n asciende a 1.548.645 euros y el plazo de ejecuci\u00f3n de las obras se estima en siete meses<\/p>\n<\/blockquote>\n<p>La Gerencia de los Servicios Sanitarios del \u00c1rea de Salud de Lanzarote, adscrita a la Consejer\u00eda de Sanidad del Gobierno de Canarias, ha sacado a licitaci\u00f3n las obras del nuevo \u00e1rea de Consutas Externas del Hospital Universitario Doctor Jos\u00e9 Molina Orosa, que estar\u00e1n ubicadas en la planta cero del centro hospitalario, lo que permitir\u00e1 disponer de un espacio m\u00e1s amplio y accesible para la atenci\u00f3n al paciente.<\/p>\n<p>El presupuesto de licitaci\u00f3n asciende a 1.548.645 euros y el plazo de ejecuci\u00f3n de las obras se estima en siete meses a partir de las autorizaciones administrativas correspondientes. El plazo para la presentaci\u00f3n de ofertas finaliza el pr\u00f3ximo 30 de enero.<\/p>\n<p>Las obras se desarrollar\u00e1n en una una superficie total de 1.043 metros cuadrados de la planta cero del Hospital que hasta hace unos meses estaba destinada a actividad de car\u00e1cter administrativo. Estas obras comenzar\u00e1n tras la demolici\u00f3n de las oficinas de la planta cero que ocupaba hasta ese momento el personal de los servicios de gesti\u00f3n que fueron traladados a unas nuevas dependencias, en el edificio del Registro en la avenida medular de Arrecife.<\/p>\n<p>Nuevos espacios<\/p>\n<p>El nuevo \u00e1rea asistencial albergar\u00e1 un Hospital de D\u00eda de Cardio-Neurolog\u00eda, la unidad del Dolor con tres consultas y un box y el \u00e1rea de Consultas que dispondr\u00e1 de doce nuevas consultas que se distribuir\u00e1n por las diferentes especialidades.<\/p>\n<p>Asimismo, el proyecto incluye una consulta Enfermer\u00eda, una consulta polivalente, dos salas de espera -un externa y otra interna- y diversos espacios destinados a almacenes, aseos, office y vestuarios para el personal.<\/p>\n<p>Cabe destacar que las obras no afectar\u00e1n a la estructura existente del edificio ni contempla la ejecuci\u00f3n de nuevos elementos estructurales. El proyecto s\u00ed incluye la ejecuci\u00f3n de las instalaciones necesarias para el correcto funcionamiento del \u00e1rea, como la instalaci\u00f3n el\u00e9ctrica en baja tensi\u00f3n, los sistemas de protecci\u00f3n contra incendios, las instalaciones de climatizaci\u00f3n, calefacci\u00f3n y ventilaci\u00f3n, la red de gases medicinales y las infraestructuras de telecomunicaciones.<\/p>\n","protected":false},"excerpt":{"rendered":"El nuevo \u00e1rea asistencial, con una superficie de 1.043 metros cuadrados, albergar\u00e1 un Hospital de D\u00eda de Cardio-Neurolog\u00eda,&hellip;\n","protected":false},"author":2,"featured_media":329705,"comment_status":"","ping_status":"","sticky":false,"template":"","format":"standard","meta":{"footnotes":""},"categories":[8],"tags":[17,18,25,24,13,14,11,19,20,9,10,15,16,23,12,21,22],"class_list":{"0":"post-329704","1":"post","2":"type-post","3":"status-publish","4":"format-standard","5":"has-post-thumbnail","7":"category-espana","8":"tag-breaking-news","9":"tag-breakingnews","10":"tag-es","11":"tag-espana","12":"tag-featured-news","13":"tag-featurednews","14":"tag-headlines","15":"tag-latest-news","16":"tag-latestnews","17":"tag-news","18":"tag-noticias","19":"tag-noticias-destacadas","20":"tag-noticiasdestacadas","21":"tag-spain","22":"tag-titulares","23":"tag-ultimas-noticias","24":"tag-ultimasnoticias"},"share_on_mastodon":{"url":"https:\/\/pubeurope.com\/@es\/115859828506354725","error":""},"_links":{"self":[{"href":"https:\/\/www.europesays.com\/es\/wp-json\/wp\/v2\/posts\/329704","targetHints":{"allow":["GET"]}}],"collection":[{"href":"https:\/\/www.europesays.com\/es\/wp-json\/wp\/v2\/posts"}],"about":[{"href":"https:\/\/www.europesays.com\/es\/wp-json\/wp\/v2\/types\/post"}],"author":[{"embeddable":true,"href":"https:\/\/www.europesays.com\/es\/wp-json\/wp\/v2\/users\/2"}],"replies":[{"embeddable":true,"href":"https:\/\/www.europesays.com\/es\/wp-json\/wp\/v2\/comments?post=329704"}],"version-history":[{"count":0,"href":"https:\/\/www.europesays.com\/es\/wp-json\/wp\/v2\/posts\/329704\/revisions"}],"wp:featuredmedia":[{"embeddable":true,"href":"https:\/\/www.europesays.com\/es\/wp-json\/wp\/v2\/media\/329705"}],"wp:attachment":[{"href":"https:\/\/www.europesays.com\/es\/wp-json\/wp\/v2\/media?parent=329704"}],"wp:term":[{"taxonomy":"category","embeddable":true,"href":"https:\/\/www.europesays.com\/es\/wp-json\/wp\/v2\/categories?post=329704"},{"taxonomy":"post_tag","embeddable":true,"href":"https:\/\/www.europesays.com\/es\/wp-json\/wp\/v2\/tags?post=329704"}],"curies":[{"name":"wp","href":"https:\/\/api.w.org\/{rel}","templated":true}]}}