{"id":329712,"date":"2026-01-08T14:06:08","date_gmt":"2026-01-08T14:06:08","guid":{"rendered":"https:\/\/www.europesays.com\/es\/329712\/"},"modified":"2026-01-08T14:06:08","modified_gmt":"2026-01-08T14:06:08","slug":"charla-de-despedida-y-recogida-de-pertenencias-asi-fue-el-adios-de-pablo-lopez-al-racing-club-ferrol-la-voz-de-galicia","status":"publish","type":"post","link":"https:\/\/www.europesays.com\/es\/329712\/","title":{"rendered":"Charla de despedida y recogida de pertenencias: as\u00ed fue el adi\u00f3s de Pablo L\u00f3pez al Racing Club Ferrol &#8211; La Voz de Galicia"},"content":{"rendered":"<ol>\n<li><a href=\"https:\/\/news.google.com\/rss\/articles\/CBMi9AFBVV95cUxNNHZkd1J3eHRkNWFGUU5nQkNJdEcweDBpeW4tdG1Kdy1Sc0s2alEwTzdHWUNRbjZ1X2x4YVpYV3lYbnh2OTZOa0U4TnBCck5nYjkyLUMxYzVXX2pQQnVmZkdEMmhacjd3ZlY1WUxHeTQtNUtHTHVYbmN4MGtMOHZ0ZUtCMERvRExFdnhMWVpUZDhPR2tGakFzVW95UlVfWDZuWDk2WmI5QVBHWENjMldmU0ZhNGs4YnZsUEtwUnM3SFhTZkhXQTVnNV96LVNZRUZ0Z2lYWElOUUJpYnNHVmR1NGxScW9qY1d3LWtuUVlCX2pubjFX0gGQAkFVX3lxTE5Ka2F6Y2xka2Y4MmlXVXNDR0ozVXJKRzFJd3pUdHhveUtpbjZva2tKRGFEV0RTbzFqUHRDeXNCMWFwVWFXWjEtWDZIRUVsaHFmbXVPWGJoOTZ1dzVMWjNxMVdkYkdUOTVGYnFjNlJEVFItenZxNV81N0ZlT2JDSEh1aUtjRU5iLU9pck4xZXpFUllONE5pYU9QZ0pGclc0Y0s0ejRENkFfY3V0MlZkWHZ0RFZjUFpGQmJuMEZ0SDgxTHNfTTZOVWJMTTFDaDR3YkF5cHRwY2RQUGVXNmNVY3I4bHNKLTMxUjlvLWFDdzBtT1NhaGE5aTdua0lkQWtYaDlZakZSLUtTTFcxa0dUZkZq?oc=5\" target=\"_blank\" rel=\"nofollow noopener\">Charla de despedida y recogida de pertenencias: as\u00ed fue el adi\u00f3s de Pablo L\u00f3pez al Racing Club Ferrol<\/a>&nbsp;&nbsp;La Voz de Galicia<\/li>\n<li><a href=\"https:\/\/news.google.com\/rss\/articles\/CBMioAFBVV95cUxPOXZubFlUbkE4RU5mcGpSalU5b01aNVFIbldRY2dibGRzMmR2QlJFV21RUWNNUnRmOEJIWEhhYjB4S1JjaW1MVUx2XzhmOEh6UUhmMU9mblA4UjZNN0F5ZXVCUHBqRENSd0x0akV3cWphNEhDcTNGbWU1YkNBNTFPVW9MM0FYTGRJUzk4UnVlQUZBdG56bHhnTkxNWk5EX19R?oc=5\" target=\"_blank\" rel=\"nofollow noopener\">Pablo L\u00f3pez deja de ser entrenador del Racing Club Ferrol<\/a>&nbsp;&nbsp;Racing Club Ferrol<\/li>\n<li><a href=\"https:\/\/news.google.com\/rss\/articles\/CBMi9AFBVV95cUxPWnRxemU1WE81MDhaMzJzNnNsY1BZMGlGb05YcEVpMEU0Z1ZMa0lSX3g3aW9RbXd1Slg2d2FvcnRmdVZTZ0hldFlUWU85VWdkcVBmOVdWZHNDbzlwcGZBZTFaUVUyckNwQ2llWVdFeW9FdDNSdW80VDdvcDZtZmlpWmN1S05OYWMyTkFzRHZQOEZoODA5QWlGZ0FULUYzQlNyZ0Z4dkZsLTdvNENpZ3ZqR2FsanJsTVBiOVNjMVRDaFB4V1RocHNmcU04YmlFczVtZGxjT2pPMHpDWFhaRnR2eVY3YzE3NC13Y1RxcDRLUGVZZUxz0gGQAkFVX3lxTE1rR3ZBYlAtam8zSVV4OS1KT01CZTBZcFc5RTFkcTFFV25UUmIwYTVxcjIzQnJQRFVWY1BWVHFkWWZtbVJRNFQyZG91WUtlYXc5V3dmX0ozM2ZnUF9PM3E1ZVlmLS1ZNXVBMDdmbVNQcUZzZ3RaQ2JvUDJYZERxWFREOXc5TTJLVXBrZ2pSaktpemJUZ0xvME8zbUJ1cXBMbDBFUWQtQUJlMkFWcWxLMTZwTFcxNWl4ZFdMWHM1UmgwYkZXWXFDTExnekJ4cXZSX2FWQ0ZYcjU1OFlCSEVsamdIbE5sNnIzV0xTRU9vMVZ4a19USU1WRV91MVpCa1JCLUVTaWVTOWZLVGZLSlFnOHRo?oc=5\" target=\"_blank\" rel=\"nofollow noopener\">El Racing confirma que Michel Alonso se pondr\u00e1 al frente del primer equipo mientras cierran un sustituto<\/a>&nbsp;&nbsp;La Voz de Galicia<\/li>\n<li><a href=\"https:\/\/news.google.com\/rss\/articles\/CBMikAFBVV95cUxOcjBJTlZQMk90YlYxa2NJSDBoLXgyVC1SUW9FbkdJd3UwY3BRa1VJd0w4ZmljVTFEQjQ3dFhQXzAwNXp0WUdRaWhPUGl3ZmJXQ0F0c3UyekZTSWFqSHBZeGRQLThQTEhuZWpyOGVZbHNrck1iYUpLd1Nuc0djSTJ3dnVNMlE1eWV3OWFFcE1KS2_SAaQBQVVfeXFMUDRVVG1oTl9sV1M1N1RMX3k0ak5BYjNyeFdORzNXSHJpQURjTWYtQjNUeXVlc2t1bWJEWU9fY1RvYXRDUDVPbE5rUzJZdjk5cDJnLWhUdjVzNF9EU2dBaHVtVkg0dXhTenM1UkVJT1paYUhkV2E5cHl5RHF4NW56b0c0NmRIb2JvRk5yU0VtTTVPR1MxLVpfTlRTTEd0NGxGcHY1YzY?oc=5\" target=\"_blank\" rel=\"nofollow noopener\">El Racing de Ferrol destituye a Pablo L\u00f3pez<\/a>&nbsp;&nbsp;Diario AS<\/li>\n<li><a href=\"https:\/\/news.google.com\/rss\/articles\/CBMiwwFBVV95cUxNalZpdHNDZTZ2bDU3VENhV2otUmVTblpydXFGTlc0MzVUTTZzaFBzLUNGZTJLZERFUWt4MDkyUkZGaThLOXNpeHNiaW9nZUFodk56cTlDZkhFc3R1MkhocVA4NWEycHAxWTVsNnZkNFJldTh5Nmo1UG03TGQ4RDF1TUd5WmsyemQ2SUVtbzZjMjRXQkc3dV80am80MS1tWFVMMjFEWmtQdkJzUGdPTW9TMlB6NzYyQklNSDduXzBVNGlqWm8?oc=5\" target=\"_blank\" rel=\"nofollow noopener\">El Racing de Ferrol despide al entrenador Pablo L\u00f3pez<\/a>&nbsp;&nbsp;DXT Campe\u00f3n<\/li>\n<\/ol>\n","protected":false},"excerpt":{"rendered":"Charla de despedida y recogida de pertenencias: as\u00ed fue el adi\u00f3s de Pablo L\u00f3pez al Racing Club Ferrol&nbsp;&nbsp;La&hellip;\n","protected":false},"author":2,"featured_media":329713,"comment_status":"","ping_status":"","sticky":false,"template":"","format":"standard","meta":{"footnotes":""},"categories":[268],"tags":[168,25,24,280,282,6958,12815,281,23,167],"class_list":{"0":"post-329712","1":"post","2":"type-post","3":"status-publish","4":"format-standard","5":"has-post-thumbnail","7":"category-futbol","8":"tag-deportes","9":"tag-es","10":"tag-espana","11":"tag-football","12":"tag-futbol","13":"tag-primera-rfef","14":"tag-racing-de-ferrol","15":"tag-soccer","16":"tag-spain","17":"tag-sports"},"share_on_mastodon":{"url":"https:\/\/pubeurope.com\/@es\/115859867882330789","error":""},"_links":{"self":[{"href":"https:\/\/www.europesays.com\/es\/wp-json\/wp\/v2\/posts\/329712","targetHints":{"allow":["GET"]}}],"collection":[{"href":"https:\/\/www.europesays.com\/es\/wp-json\/wp\/v2\/posts"}],"about":[{"href":"https:\/\/www.europesays.com\/es\/wp-json\/wp\/v2\/types\/post"}],"author":[{"embeddable":true,"href":"https:\/\/www.europesays.com\/es\/wp-json\/wp\/v2\/users\/2"}],"replies":[{"embeddable":true,"href":"https:\/\/www.europesays.com\/es\/wp-json\/wp\/v2\/comments?post=329712"}],"version-history":[{"count":0,"href":"https:\/\/www.europesays.com\/es\/wp-json\/wp\/v2\/posts\/329712\/revisions"}],"wp:featuredmedia":[{"embeddable":true,"href":"https:\/\/www.europesays.com\/es\/wp-json\/wp\/v2\/media\/329713"}],"wp:attachment":[{"href":"https:\/\/www.europesays.com\/es\/wp-json\/wp\/v2\/media?parent=329712"}],"wp:term":[{"taxonomy":"category","embeddable":true,"href":"https:\/\/www.europesays.com\/es\/wp-json\/wp\/v2\/categories?post=329712"},{"taxonomy":"post_tag","embeddable":true,"href":"https:\/\/www.europesays.com\/es\/wp-json\/wp\/v2\/tags?post=329712"}],"curies":[{"name":"wp","href":"https:\/\/api.w.org\/{rel}","templated":true}]}}