{"id":329724,"date":"2026-01-08T14:14:21","date_gmt":"2026-01-08T14:14:21","guid":{"rendered":"https:\/\/www.europesays.com\/es\/329724\/"},"modified":"2026-01-08T14:14:21","modified_gmt":"2026-01-08T14:14:21","slug":"los-12-temas-del-examen-mir-2026-que-pueden-caer-y-que-son-mas-extranos","status":"publish","type":"post","link":"https:\/\/www.europesays.com\/es\/329724\/","title":{"rendered":"Los 12 temas del examen MIR 2026 que pueden caer y que son m\u00e1s extra\u00f1os"},"content":{"rendered":"<p>\n                                                 Aspirantes durante el examen MIR.                                            <\/p>\n<p>                                            El <a href=\"https:\/\/www.redaccionmedica.com\/secciones\/formacion\/temario-mir-y-eir-flexible-para-evitar-que-quede-obsoleto-con-cada-examen-8888\" title=\"Temario MIR y EIR flexible para evitar que quede obsoleto con cada examen\" rel=\"nofollow noopener\" target=\"_blank\">temario MIR <\/a>destaca por su amplitud. Las patolog\u00edas, procesos y situaciones a abordar son innumerables, por lo que los candidatos, tras dar una primera vuelta a las distintas materias facultativas, acostumbran a centrarse en las cuestiones que se repiten con m\u00e1s frecuencia en el examen. En este sentido, Cardiolog\u00eda, Neurolog\u00eda o Cirug\u00eda General suelen dominar los cuestionarios de la prueba de acceso a la especializaci\u00f3n en el Sistema Nacional de Salud (SNS). No obstante, siempre hay hueco para <strong>conceptos &#8216;menos habituales&#8217;<\/strong>, muchos de ellos relacionados con la actualidad de la profesi\u00f3n facultativa.<\/p>\n<p>Para evitarles sobresaltos a los aspirantes en pleno examen, el m\u00e9dico especialista en Familiar y Comunitaria en Salamanca, Rub\u00e9n Blanco, ha decidido hacer un listado con los t\u00e9rminos m\u00e1s &#8216;extra\u00f1os&#8217; que pueden caer en el MIR, seg\u00fan lo que ha le\u00eddo y visto a lo largo del a\u00f1o. En total, <strong>12 vocablos<\/strong> sobre procedimientos o enfermedades con opci\u00f3n de debutar en el pr\u00f3ximo ejercicio, el cual se celebrar\u00e1 el 24 de enero.<\/p>\n<p>Hay que recordar que no es el primer a\u00f1o que Blanco publica esta relaci\u00f3n. Es m\u00e1s, el m\u00e9dico de Familia hizo lo mismo la pasada convocatoria y <strong>un 25 por ciento de las palabras que eligi\u00f3 entr\u00f3 en el ejercicio.<\/strong> \u00abEspero contribuir con alguna que otra neta inesperada\u00bb, ha indicado el profesional del campo de la salud.<br \/>&#13;\n<\/p>\n<p>&#13;<br \/>\n\t<br \/>&#13;<br \/>\n\tT\u00e9rminos a examen<br \/>\n<br \/>\nEntre los contenidos por los que apuesta Blanco, distintos procesos hacen acto de presencia. Por ejemplo, el <strong>EMDR<\/strong>, un tipo de psicoterapia basada en los movimientos oculares que se ha mostrado eficaz en el tratamiento por estr\u00e9s postraum\u00e1tico. Incluso, la <strong>investigaci\u00f3n cualitativa<\/strong> -metodolog\u00eda en auge con bajos tama\u00f1os muestrales, con los que se busca conocer las causas que marcan el inicio de una epidemia- o el uso del <strong>\u00e1cido bempedoico<\/strong> -inhibidor de s\u00edntesis hep\u00e1tica del colesterol sin actuar en el m\u00fasculo-.<\/p>\n<p>Asimismo, las patolog\u00edas tienen su hueco, al hipotetizar a cerca de cuestiones sobre <strong>queratolisis punctata<\/strong> -recientemente presentada y causante de las plantas de los pies-, la <strong>variante LADA<\/strong> de la diabetes -similar a la 1, pero en adulto- o los <strong>virus emergentes<\/strong> en Espa\u00f1a, como son el Crimea-Congo, el chikungunya o el Nilo Occidental.<\/p>\n<p>&#13;<br \/>\n\t&#13;<\/p>\n<tr style=\"border: 0;\">&#13;<\/p>\n<td style=\"border-width: 0px; border-style: initial; border-color: initial;text-align:center;\">&#13;<\/p>\n<p style=\"margin:0px;font-size: 25px;padding: 0px;clear: both;letter-spacing: 0px;width: unset!important;font-family: lora,sans-serif!important;color: #1f354a!important;font-style: italic!important;font-weight: 700;\">&#13;<br \/>\n\t\t\t\t\tEutanasia, identidad de g\u00e9nero o ciberseguridad podr\u00edan originar distintas preguntas en el pr\u00f3ximo examen MIR<\/p>\n<p>&#13;\n\t\t\t<\/td>\n<p>&#13;<br \/>\n\t\t<\/tr>\n<p>&#13;<br \/>\n\t&#13;<\/p>\n<p>\nNo se olvida de f\u00e1rmacos famosos como la <strong>finasterida <\/strong>-empleada contra la alopecia masculina- o el Ozempic, en particular de uno de sus efectos adversos m\u00e1s graves: la <strong>colelitiasis <\/strong>-la grasa perdida acaba en la bilis y forma piedras-. Por otro lado, bajo su punto de vista, otros temas de actualidad que podr\u00edan generar varias preguntas son la <strong>eutanasia<\/strong>, al haber m\u00e1s casos y perderse la inexperiencia del principio, la <strong>ciberseguridad <\/strong>o la <strong>identidad de g\u00e9nero<\/strong>.<\/p>\n<p>Incluso, teoriza sobre cuestiones relacionadas con la mordedura de las <strong>serpientes<\/strong>, como el tipo de marca que dejan las v\u00edboras -venenosas- y las culebras. Un asunto que lleg\u00f3 a caer en una de las pasadas ediciones del <a href=\"https:\/\/www.redaccionmedica.com\/secciones\/eir-y-mas-residentes\" title=\"EIR | Redacci\u00f3n M\u00e9dica\" rel=\"nofollow noopener\" target=\"_blank\">EIR<\/a>.<br \/>&#13;\n<\/p>\n<p>&#13;<br \/>\n\t<br \/>&#13;<br \/>\n\tM\u00e1s opciones de conseguir plaza<br \/>\n<br \/>\nPese a que el tiempo es limitado, el candidato que tenga la opci\u00f3n de dedicar un rato a estos asuntos podr\u00eda llevarse una grata sorpresa y sumar alg\u00fan punto m\u00e1s durante la prueba. Y es que se prev\u00e9 una elevada competencia a ra\u00edz de los miles de candidatos que se han inscrito para llevar a cabo el examen. En total, el MIR 2026 se compone de<strong> 9.276 vacantes formativas.<\/strong><\/p>\n<p>Pueden ser t\u00e9rminos extra\u00f1os, pero una respuesta correcta sobre estos podr\u00eda traducirse en la adjudicaci\u00f3n del puesto deseado. Y es que, aunque se repitan determinados contenidos, el MIR <strong>suele fijarse en la actualidad sanitaria.<\/strong>\u00a0                                        <\/p>\n<p>\n                                            Las informaciones publicadas en Redacci\u00f3n M\u00e9dica contienen afirmaciones, datos y declaraciones procedentes de instituciones oficiales y profesionales sanitarios. No obstante, ante cualquier duda relacionada con su salud, consulte con su especialista sanitario correspondiente.\n                                        <\/p>\n","protected":false},"excerpt":{"rendered":"Aspirantes durante el examen MIR. El temario MIR destaca por su amplitud. Las patolog\u00edas, procesos y situaciones a&hellip;\n","protected":false},"author":2,"featured_media":329725,"comment_status":"","ping_status":"","sticky":false,"template":"","format":"standard","meta":{"footnotes":""},"categories":[92],"tags":[25,24,165,166,23],"class_list":{"0":"post-329724","1":"post","2":"type-post","3":"status-publish","4":"format-standard","5":"has-post-thumbnail","7":"category-salud","8":"tag-es","9":"tag-espana","10":"tag-health","11":"tag-salud","12":"tag-spain"},"share_on_mastodon":{"url":"https:\/\/pubeurope.com\/@es\/115859899311085216","error":""},"_links":{"self":[{"href":"https:\/\/www.europesays.com\/es\/wp-json\/wp\/v2\/posts\/329724","targetHints":{"allow":["GET"]}}],"collection":[{"href":"https:\/\/www.europesays.com\/es\/wp-json\/wp\/v2\/posts"}],"about":[{"href":"https:\/\/www.europesays.com\/es\/wp-json\/wp\/v2\/types\/post"}],"author":[{"embeddable":true,"href":"https:\/\/www.europesays.com\/es\/wp-json\/wp\/v2\/users\/2"}],"replies":[{"embeddable":true,"href":"https:\/\/www.europesays.com\/es\/wp-json\/wp\/v2\/comments?post=329724"}],"version-history":[{"count":0,"href":"https:\/\/www.europesays.com\/es\/wp-json\/wp\/v2\/posts\/329724\/revisions"}],"wp:featuredmedia":[{"embeddable":true,"href":"https:\/\/www.europesays.com\/es\/wp-json\/wp\/v2\/media\/329725"}],"wp:attachment":[{"href":"https:\/\/www.europesays.com\/es\/wp-json\/wp\/v2\/media?parent=329724"}],"wp:term":[{"taxonomy":"category","embeddable":true,"href":"https:\/\/www.europesays.com\/es\/wp-json\/wp\/v2\/categories?post=329724"},{"taxonomy":"post_tag","embeddable":true,"href":"https:\/\/www.europesays.com\/es\/wp-json\/wp\/v2\/tags?post=329724"}],"curies":[{"name":"wp","href":"https:\/\/api.w.org\/{rel}","templated":true}]}}