{"id":329731,"date":"2026-01-08T14:18:09","date_gmt":"2026-01-08T14:18:09","guid":{"rendered":"https:\/\/www.europesays.com\/es\/329731\/"},"modified":"2026-01-08T14:18:09","modified_gmt":"2026-01-08T14:18:09","slug":"finlandia-ya-le-disputa-a-espana-el-peor-dato-de-paro-de-la-union-europea-economia","status":"publish","type":"post","link":"https:\/\/www.europesays.com\/es\/329731\/","title":{"rendered":"Finlandia ya le disputa a Espa\u00f1a el peor dato de paro de la Uni\u00f3n Europea | Econom\u00eda"},"content":{"rendered":"<p class=\"\">Espa\u00f1a ya no es el pa\u00eds con la mayor tasa de paro de la Uni\u00f3n Europea si se tiene en cuenta el dato con ajuste estacional (el m\u00e1s representativo porque aten\u00faa los picos ligados a la temporada). Tras 39 meses consecutivos liderando esta estad\u00edstica, otro pa\u00eds miembro notifica una peor proporci\u00f3n de desempleados. Es Finlandia, con un 10,6% en noviembre de 2025, seg\u00fan <a href=\"https:\/\/ec.europa.eu\/eurostat\/databrowser\/view\/UNE_RT_M__custom_118016\/bookmark\/table?lang=en&amp;bookmarkId=efcf7c9f-c4d7-4bc2-8c74-962ead60acfc&amp;c=1603730430589\" target=\"_self\" rel=\"nofollow noopener\" title=\"https:\/\/ec.europa.eu\/eurostat\/databrowser\/view\/UNE_RT_M__custom_118016\/bookmark\/table?lang=en&amp;bookmarkId=efcf7c9f-c4d7-4bc2-8c74-962ead60acfc&amp;c=1603730430589\">el dato<\/a> distribuido este jueves por Eurostat. Este registro supera al espa\u00f1ol, de un 10,4% en el mismo mes. El sorpasso se da tras una <a href=\"https:\/\/elpais.com\/economia\/2025-10-13\/finlandia-de-rozar-el-pleno-empleo-a-alumno-rezagado-en-la-lucha-europea-contra-el-paro.html\" target=\"_self\" rel=\"nofollow noopener\" title=\"https:\/\/elpais.com\/economia\/2025-10-13\/finlandia-de-rozar-el-pleno-empleo-a-alumno-rezagado-en-la-lucha-europea-contra-el-paro.html\">larga racha a peor del dato fin\u00e9s<\/a> y la <a href=\"https:\/\/elpais.com\/economia\/2026-01-05\/espana-registro-en-2025-otro-medio-millon-de-empleos-nuevos-por-cuarto-ano-consecutivo.html\" target=\"_self\" rel=\"nofollow noopener\" title=\"https:\/\/elpais.com\/economia\/2026-01-05\/espana-registro-en-2025-otro-medio-millon-de-empleos-nuevos-por-cuarto-ano-consecutivo.html\">mejora sostenida del mercado laboral<\/a> espa\u00f1ol, a\u00fan lejos del promedio de los Veintisiete (6%) y de los pa\u00edses con mejores cifras, como Malta (3,1%) o Polonia (3,2%).<\/p>\n<p class=\"\">Espa\u00f1a sigue en cabeza con otras metodolog\u00edas con las que medir el desempleo: en la cifra sin ajuste estacional el pa\u00eds notifica un 10,2% y Finlandia un 9,7%, mientras que en el dato de tendencia el pa\u00eds mediterr\u00e1neo notifica un 10,4% y el n\u00f3rdico un 10,1%. Se da la circunstancia de que en la nota de prensa <a href=\"https:\/\/ec.europa.eu\/eurostat\/en\/web\/products-euro-indicators\/w\/3-08012026-AP\" target=\"_self\" rel=\"nofollow noopener\" title=\"https:\/\/ec.europa.eu\/eurostat\/en\/web\/products-euro-indicators\/w\/3-08012026-AP\">distribuida por Eurostat<\/a> se mezclan dos de estas tipolog\u00edas. Para la mayor\u00eda de pa\u00edses, incluido Espa\u00f1a y el promedio comunitario, se aporta el guarismo con ajuste estacional; mientras que para cuatro pa\u00edses de la Uni\u00f3n Europea, entre los que est\u00e1 Finlandia, se da la cifra de tendencia. Consultada por este peri\u00f3dico, la oficina estad\u00edstica europea defiende la conveniencia de aportar variables distintas para cada pa\u00eds.<\/p>\n<p class=\"\">El <a href=\"https:\/\/elpais.com\/economia\/2025-10-13\/finlandia-de-rozar-el-pleno-empleo-a-alumno-rezagado-en-la-lucha-europea-contra-el-paro.html\" target=\"_self\" rel=\"nofollow noopener\" title=\"https:\/\/elpais.com\/economia\/2025-10-13\/finlandia-de-rozar-el-pleno-empleo-a-alumno-rezagado-en-la-lucha-europea-contra-el-paro.html\">empeoramiento del dato finland\u00e9s<\/a> se debe al bajo crecimiento del pa\u00eds, la austeridad de los \u00faltimos a\u00f1os y el cierre fronterizo con Rusia, un c\u00f3ctel que ha disparado el n\u00famero de personas que buscan trabajo y no lo encuentran. En apenas tres a\u00f1os, la tasa de paro finlandesa ha pasado de poco m\u00e1s del 6% en la primavera de 2022, claramente por debajo de la media de la eurozona y no lejos de su nivel estructural, a superar el 10%.<\/p>\n<p>Espa\u00f1a, en la peor posici\u00f3n desde 2022<\/p>\n<p class=\"\">As\u00ed, Finlandia desbanca a Espa\u00f1a en este registro, que arrojaba el peor dato de paro con ajuste estacional de la UE desde agosto de 2022. Aquel verano el pa\u00eds super\u00f3 a Grecia como el pa\u00eds con m\u00e1s desempleo del club comunitario y desde entonces permanece en ese lugar. En realidad esos 39 meses se podr\u00edan alargar a m\u00e1s de medio centenar si no contamos el verano de 2022, ya que de junio a septiembre de 2021 Espa\u00f1a tambi\u00e9n notific\u00f3 m\u00e1s paro que Grecia. As\u00ed, de los \u00faltimos 54 meses, Espa\u00f1a ha registrado el peor dato de desempleo de la UE en 52, se ha visto superado en dos (en julio de 2022 Grecia registr\u00f3 una d\u00e9cima m\u00e1s de paro y ahora la supera Finlandia) y ha empatado en cabeza con el pa\u00eds heleno en otro (en mayo de 2022). <\/p>\n<p class=\"\">Anteriormente transcurri\u00f3 una d\u00e9cada en la que lider\u00f3 <a href=\"https:\/\/cincodias.elpais.com\/economia\/2023-06-19\/la-revancha-de-los-pigs-por-que-el-sur-de-europa-resiste-mejor-que-alemania.html\" target=\"_self\" rel=\"nofollow noopener\" title=\"https:\/\/cincodias.elpais.com\/economia\/2023-06-19\/la-revancha-de-los-pigs-por-que-el-sur-de-europa-resiste-mejor-que-alemania.html\">el paro la G de los PIGS<\/a>, el acr\u00f3nimo especialmente utilizado por la prensa brit\u00e1nica para referirse a las econom\u00edas del sur de Europa con m\u00e1s problemas durante la Gran Recesi\u00f3n (Portugal, Italia, Grecia y Espa\u00f1a). Grecia entonces era la que viv\u00eda m\u00e1s apuros: fue la que lleg\u00f3 con <a href=\"https:\/\/elpais.com\/economia\/2018\/06\/21\/actualidad\/1529604743_736662.html\" target=\"_self\" rel=\"nofollow noopener\" title=\"https:\/\/elpais.com\/economia\/2018\/06\/21\/actualidad\/1529604743_736662.html\">una peor posici\u00f3n a la crisis financiera<\/a> y se acogi\u00f3 al rescate de Bruselas, que fue de la mano de condiciones leoninas. Fue el pa\u00eds con m\u00e1s paro de la UE hasta junio de 2021 y desde el mismo mes de 2012. Entonces super\u00f3 de nuevo a Espa\u00f1a, cuando ambos pa\u00edses disparaban su tasa de paro hasta registros nunca vistos: tanto el paro heleno como el espa\u00f1ol tocaron techo en 2013, con un 28,3% y un 26,4% respectivamente.<\/p>\n<p class=\"\">De verano de 2010 al de 2012 tambi\u00e9n lider\u00f3 el paro Espa\u00f1a. Justo antes se dio el \u00fanico periodo desde la explosi\u00f3n de la crisis financiera en que el peor dato de paro europeo no correspondi\u00f3 a Espa\u00f1a ni a Grecia. De verano de 2009 a primavera de 2010, Letonia estuvo en cabeza en proporci\u00f3n de parados en la Uni\u00f3n Europea. Antes hubo otro periodo en que Espa\u00f1a notific\u00f3 el peor registro, desde mayo de 2008.<\/p>\n<p class=\"\">Entonces, en el quinto mes del a\u00f1o en que se inici\u00f3 la crisis financiera, Espa\u00f1a cerr\u00f3 su periodo m\u00e1s largo sin liderar el paro europeo. Desde el inicio de 1999 ese registro tan negativo se asoci\u00f3 a Eslovaquia, Bulgaria o Polonia. Fueron ocho a\u00f1os en que Espa\u00f1a, al calor de la burbuja inmobiliaria, incluso consigui\u00f3 que su tasa de paro fuera inferior al promedio comunitario. Entonces se alcanz\u00f3 el registro m\u00e1s bajo de la serie hist\u00f3rica de Eurostat para Espa\u00f1a, con un 7,9% en mayo de 2007.<\/p>\n<p class=\"\">De 1986 (primer dato de Eurostat) a principios del siglo XXI Espa\u00f1a tambi\u00e9n lider\u00f3 el paro en la Uni\u00f3n Europea. Cabe destacar que en buena parte de este periodo no participaban en la UE varios de los pa\u00edses del este de Europa que peores datos de paro han registrado hist\u00f3ricamente.<\/p>\n<p>\u00bfPor qu\u00e9 siempre hay tanto paro en Espa\u00f1a?<\/p>\n<p class=\"\">Pese a la mejora de los \u00faltimos a\u00f1os, el historial de Espa\u00f1a es inequ\u00edvoco: casi siempre est\u00e1 entre los pa\u00edses con m\u00e1s desempleo del continente europeo. Luc\u00eda Vicent, profesora de Econom\u00eda Aplicada de la Universidad Complutense de Madrid y autora de la tesis Precariedad laboral en la econom\u00eda espa\u00f1ola. Una perspectiva de g\u00e9nero. El mercado de trabajo en los primeros a\u00f1os del siglo XXI, subraya que el mercado de trabajo espa\u00f1ol est\u00e1 \u201cmarcado por una fuerte flexibilidad externa, una elevada precariedad laboral que no deja de extenderse por todo el tejido laboral y con una incidencia tradicional de la temporalidad por encima de la media europea, estrechamente relacionada con la estructura econ\u00f3mica del pa\u00eds\u201d. <\/p>\n<p class=\"\">\u201cEsto ayuda a entender la elevada sensibilidad del empleo (tanto su creaci\u00f3n como destrucci\u00f3n) al ciclo econ\u00f3mico, siendo los puestos de empleo la principal variable de ajuste en momentos de estancamiento o recesi\u00f3n\u201d, agrega Vicent. <a href=\"https:\/\/elpais.com\/economia\/2025-12-31\/11-graficos-que-muestran-como-ha-cambiado-el-empleo-en-espana-cuatro-anos-despues-de-la-reforma-laboral.html\" target=\"_self\" rel=\"nofollow noopener\" title=\"https:\/\/elpais.com\/economia\/2025-12-31\/11-graficos-que-muestran-como-ha-cambiado-el-empleo-en-espana-cuatro-anos-despues-de-la-reforma-laboral.html\">Los datos muestran una mejora de Espa\u00f1a<\/a> en estos apartados en los \u00faltimos a\u00f1os, con una menor temporalidad de los contratos y un mayor peso de actividades de alto valor, pero a\u00fan sigue lejos de los registros de los pa\u00edses m\u00e1s avanzados. Esta especialista insiste en que en el centro de Europa tienen m\u00e1s peso actividades industriales y tecnol\u00f3gicas que proporcionan m\u00e1s estabilidad, frente a las actividades estaciones espa\u00f1olas m\u00e1s vol\u00e1tiles.<\/p>\n<p class=\"\">Marta Escalonilla, profesora de Econom\u00eda Aplicada de la Universidad de Oviedo y autora de la tesis doctoral Efectos de la gran recesi\u00f3n en el mercado laboral espa\u00f1ol un an\u00e1lisis de la poblaci\u00f3n joven, tambi\u00e9n pone el foco en las diferencias normativas: \u201cLos pa\u00edses n\u00f3rdicos combinan una regulaci\u00f3n laboral m\u00e1s flexible con una elevada protecci\u00f3n al desempleo y un fuerte gasto en pol\u00edticas activas y formaci\u00f3n; el modelo de Alemania o Austria mantiene una regulaci\u00f3n estricta pero invierte de forma significativa en formaci\u00f3n y pol\u00edticas activas, apoyado adem\u00e1s en una estructura productiva industrial s\u00f3lida y en sistemas de formaci\u00f3n dual que facilitan la inserci\u00f3n laboral\u201d. Tambi\u00e9n habla del modelo anglosaj\u00f3n, que \u201cse caracteriza por una regulaci\u00f3n muy baja y una alta flexibilidad en la contrataci\u00f3n y despido, acompa\u00f1ada de un nivel impositivo moderado, lo que favorece tasas de paro reducidas aunque con menor protecci\u00f3n individual del trabajador\u201d.<\/p>\n<p class=\"\">\u201cEn contraste\u201d, contin\u00faa Escalonilla, \u201cEspa\u00f1a se inscribe en el modelo mediterr\u00e1neo, marcado por una alta protecci\u00f3n para los trabajadores indefinidos, un gasto m\u00e1s limitado en pol\u00edticas activas y formaci\u00f3n y una mayor incidencia del desempleo juvenil y de larga duraci\u00f3n, junto con prestaciones menos generosas que en el norte de Europa pero de mayor duraci\u00f3n\u201d. Cree que estas razones (menor inversi\u00f3n en pol\u00edticas activas, mayor dualidad, un tejido productivo m\u00e1s vulnerable a los ciclos econ\u00f3micos y un modelo de protecci\u00f3n menos orientado a la recualificaci\u00f3n) \u201cexplica en gran medida por qu\u00e9 Espa\u00f1a mantiene una distancia tan pronunciada respecto a los pa\u00edses del centro de Europa en materia de desempleo\u201d.<\/p>\n","protected":false},"excerpt":{"rendered":"Espa\u00f1a ya no es el pa\u00eds con la mayor tasa de paro de la Uni\u00f3n Europea si se&hellip;\n","protected":false},"author":2,"featured_media":329732,"comment_status":"","ping_status":"","sticky":false,"template":"","format":"standard","meta":{"footnotes":""},"categories":[42],"tags":[17,18,13563,95,5509,700,32050,13,14,8741,11,61,62,63,64,19,20,9,10,15,16,32046,32047,76053,32049,32048,12,2752,21,22,1617,65,66,67],"class_list":{"0":"post-329731","1":"post","2":"type-post","3":"status-publish","4":"format-standard","5":"has-post-thumbnail","7":"category-internacional","8":"tag-breaking-news","9":"tag-breakingnews","10":"tag-desempleo","11":"tag-economia","12":"tag-empleo","13":"tag-europa","14":"tag-eurostat","15":"tag-featured-news","16":"tag-featurednews","17":"tag-finlandia","18":"tag-headlines","19":"tag-internacional","20":"tag-international","21":"tag-international-news","22":"tag-internationalnews","23":"tag-latest-news","24":"tag-latestnews","25":"tag-news","26":"tag-noticias","27":"tag-noticias-destacadas","28":"tag-noticiasdestacadas","29":"tag-paro-juvenil","30":"tag-paro-masculino","31":"tag-paro-mayores-40-anos","32":"tag-paro-mujer","33":"tag-paro-registrado","34":"tag-titulares","35":"tag-trabajo","36":"tag-ultimas-noticias","37":"tag-ultimasnoticias","38":"tag-union-europea","39":"tag-world","40":"tag-world-news","41":"tag-worldnews"},"share_on_mastodon":{"url":"","error":"Validation failed: Text character limit of 500 exceeded"},"_links":{"self":[{"href":"https:\/\/www.europesays.com\/es\/wp-json\/wp\/v2\/posts\/329731","targetHints":{"allow":["GET"]}}],"collection":[{"href":"https:\/\/www.europesays.com\/es\/wp-json\/wp\/v2\/posts"}],"about":[{"href":"https:\/\/www.europesays.com\/es\/wp-json\/wp\/v2\/types\/post"}],"author":[{"embeddable":true,"href":"https:\/\/www.europesays.com\/es\/wp-json\/wp\/v2\/users\/2"}],"replies":[{"embeddable":true,"href":"https:\/\/www.europesays.com\/es\/wp-json\/wp\/v2\/comments?post=329731"}],"version-history":[{"count":0,"href":"https:\/\/www.europesays.com\/es\/wp-json\/wp\/v2\/posts\/329731\/revisions"}],"wp:featuredmedia":[{"embeddable":true,"href":"https:\/\/www.europesays.com\/es\/wp-json\/wp\/v2\/media\/329732"}],"wp:attachment":[{"href":"https:\/\/www.europesays.com\/es\/wp-json\/wp\/v2\/media?parent=329731"}],"wp:term":[{"taxonomy":"category","embeddable":true,"href":"https:\/\/www.europesays.com\/es\/wp-json\/wp\/v2\/categories?post=329731"},{"taxonomy":"post_tag","embeddable":true,"href":"https:\/\/www.europesays.com\/es\/wp-json\/wp\/v2\/tags?post=329731"}],"curies":[{"name":"wp","href":"https:\/\/api.w.org\/{rel}","templated":true}]}}