{"id":329733,"date":"2026-01-08T14:19:15","date_gmt":"2026-01-08T14:19:15","guid":{"rendered":"https:\/\/www.europesays.com\/es\/329733\/"},"modified":"2026-01-08T14:19:15","modified_gmt":"2026-01-08T14:19:15","slug":"comienzan-las-obras-de-la-tercera-fase-de-la-avenida-de-barcelona-de-miami-platja","status":"publish","type":"post","link":"https:\/\/www.europesays.com\/es\/329733\/","title":{"rendered":"Comienzan las obras de la tercera fase de la avenida de Barcelona de Miami Platja"},"content":{"rendered":"<p><strong><strong><a href=\"https:\/\/mont-roig.cat\/wp-content\/uploads\/Obres-Avinguda-Barcelona-Miami-Platja.jpeg\" target=\"_blank\" rel=\"noopener nofollow\" data-wpel-link=\"internal\"><img fetchpriority=\"high\" decoding=\"async\" class=\"alignright wp-image-87855\" src=\"https:\/\/www.europesays.com\/es\/wp-content\/uploads\/2026\/01\/Obres-Avinguda-Barcelona-Miami-Platja-500x375.jpeg\" alt=\"\" width=\"307\" height=\"230\"  \/><\/a><\/strong><\/strong><\/p>\n<p data-start=\"200\" data-end=\"370\"><strong>El consistorio ha firmado hoy el acta de replanteo con la empresa adjudicataria, tr\u00e1mite que permite iniciar los trabajos, que tienen una duraci\u00f3n prevista de 16 meses.<\/strong><\/p>\n<p data-start=\"372\" data-end=\"740\">El Ayuntamiento de Mont-roig del Camp ha iniciado oficialmente la tercera fase de las obras de remodelaci\u00f3n de la avenida de Barcelona con la firma, esta ma\u00f1ana, del acta de replanteo con la empresa adjudicataria, Tecnologia de Firmes SA. Este tr\u00e1mite marca el inicio efectivo de una actuaci\u00f3n clave para completar la transformaci\u00f3n de este eje urbano de Miami Platja.<\/p>\n<p data-start=\"742\" data-end=\"1048\">Paralelamente, ya se ha instalado la caseta de obra en la plaza de Tarragona, as\u00ed como parte del material necesario para el inicio de los trabajos, como vallas y elementos de obra para la se\u00f1alizaci\u00f3n del \u00e1mbito de actuaci\u00f3n. A partir de hoy, ya no se puede aparcar en el interior de la plaza de Tarragona.<\/p>\n<p data-start=\"1050\" data-end=\"1499\">A partir de la semana que viene est\u00e1 previsto el cierre progresivo del tramo de obra hasta la avenida Maria Cristina, lo que comportar\u00e1 tambi\u00e9n la supresi\u00f3n del aparcamiento en los laterales de la avenida de Barcelona. Se prev\u00e9 que a finales de la semana que viene empiecen a trabajar las m\u00e1quinas fresadoras para levantar el asfalto. Con todo, durante los primeros meses de obra se mantendr\u00e1 la circulaci\u00f3n por el exterior de la plaza de Tarragona.<\/p>\n<p data-start=\"1501\" data-end=\"1526\"><strong>Los detalles del proyecto<\/strong><\/p>\n<p data-start=\"1528\" data-end=\"1873\">Esta nueva fase da continuidad a las fases 1 y 2, tanto en lo que respecta a los materiales, al pavimento y al alumbrado, con el objetivo de mantener una imagen homog\u00e9nea de todo el eje de la avenida de Barcelona. El proyecto incorpora un incremento de la vegetaci\u00f3n para mejorar el confort, la sombra y la calidad ambiental del espacio p\u00fablico.<\/p>\n<p data-start=\"1875\" data-end=\"2259\">Uno de los puntos centrales de la intervenci\u00f3n es la reurbanizaci\u00f3n de la plaza de Tarragona, concebida como un espacio mayoritariamente para peatones. La plaza dispondr\u00e1 de una peque\u00f1a zona de juegos infantiles, fuentes con surtidores de agua y una gran p\u00e9rgola que actuar\u00e1 como elemento central e identitario. Esta fase incluye tambi\u00e9n la actuaci\u00f3n en la avenida del Mar, tramo sur.<\/p>\n<p data-start=\"2261\" data-end=\"2494\">La obra cuenta con un presupuesto adjudicado de 5.894.725,28 euros (IVA incluido) a la empresa Tecnologia de Firmes SA, que ya ejecut\u00f3 la fase 2 del proyecto, y a Josep Rovira Matas SL en lo que respecta a los trabajos de jardiner\u00eda.<\/p>\n<p data-start=\"2496\" data-end=\"2528\"><strong>El calendario y las afectaciones<\/strong><\/p>\n<p data-start=\"2530\" data-end=\"2770\">Las obras tienen una duraci\u00f3n total estimada de 16 meses. A partir del mes de marzo, la actuaci\u00f3n entrar\u00e1 en una fase de pleno rendimiento, con una duraci\u00f3n aproximada de 14 meses, durante la cual se producir\u00e1n las principales afectaciones.<\/p>\n<p data-start=\"2772\" data-end=\"2972\">Est\u00e1n previstas desviaciones de tr\u00e1fico por la avenida Diversitat, as\u00ed como cambios en las paradas y recorridos del transporte p\u00fablico, que se comunicar\u00e1n de manera espec\u00edfica en las pr\u00f3ximas semanas.<\/p>\n<p>\u00a0<\/p>\n","protected":false},"excerpt":{"rendered":"El consistorio ha firmado hoy el acta de replanteo con la empresa adjudicataria, tr\u00e1mite que permite iniciar los&hellip;\n","protected":false},"author":2,"featured_media":329734,"comment_status":"","ping_status":"","sticky":false,"template":"","format":"standard","meta":{"footnotes":""},"categories":[8],"tags":[17,18,25,24,13,14,11,19,20,9,10,15,16,23,12,21,22],"class_list":{"0":"post-329733","1":"post","2":"type-post","3":"status-publish","4":"format-standard","5":"has-post-thumbnail","7":"category-espana","8":"tag-breaking-news","9":"tag-breakingnews","10":"tag-es","11":"tag-espana","12":"tag-featured-news","13":"tag-featurednews","14":"tag-headlines","15":"tag-latest-news","16":"tag-latestnews","17":"tag-news","18":"tag-noticias","19":"tag-noticias-destacadas","20":"tag-noticiasdestacadas","21":"tag-spain","22":"tag-titulares","23":"tag-ultimas-noticias","24":"tag-ultimasnoticias"},"share_on_mastodon":{"url":"https:\/\/pubeurope.com\/@es\/115859919049774001","error":""},"_links":{"self":[{"href":"https:\/\/www.europesays.com\/es\/wp-json\/wp\/v2\/posts\/329733","targetHints":{"allow":["GET"]}}],"collection":[{"href":"https:\/\/www.europesays.com\/es\/wp-json\/wp\/v2\/posts"}],"about":[{"href":"https:\/\/www.europesays.com\/es\/wp-json\/wp\/v2\/types\/post"}],"author":[{"embeddable":true,"href":"https:\/\/www.europesays.com\/es\/wp-json\/wp\/v2\/users\/2"}],"replies":[{"embeddable":true,"href":"https:\/\/www.europesays.com\/es\/wp-json\/wp\/v2\/comments?post=329733"}],"version-history":[{"count":0,"href":"https:\/\/www.europesays.com\/es\/wp-json\/wp\/v2\/posts\/329733\/revisions"}],"wp:featuredmedia":[{"embeddable":true,"href":"https:\/\/www.europesays.com\/es\/wp-json\/wp\/v2\/media\/329734"}],"wp:attachment":[{"href":"https:\/\/www.europesays.com\/es\/wp-json\/wp\/v2\/media?parent=329733"}],"wp:term":[{"taxonomy":"category","embeddable":true,"href":"https:\/\/www.europesays.com\/es\/wp-json\/wp\/v2\/categories?post=329733"},{"taxonomy":"post_tag","embeddable":true,"href":"https:\/\/www.europesays.com\/es\/wp-json\/wp\/v2\/tags?post=329733"}],"curies":[{"name":"wp","href":"https:\/\/api.w.org\/{rel}","templated":true}]}}