{"id":329735,"date":"2026-01-08T14:20:11","date_gmt":"2026-01-08T14:20:11","guid":{"rendered":"https:\/\/www.europesays.com\/es\/329735\/"},"modified":"2026-01-08T14:20:11","modified_gmt":"2026-01-08T14:20:11","slug":"gran-exito-de-participacion-en-todas-las-actividades-navidenas-de-boadilla","status":"publish","type":"post","link":"https:\/\/www.europesays.com\/es\/329735\/","title":{"rendered":"Gran \u00e9xito de participaci\u00f3n en todas las actividades navide\u00f1as de Boadilla"},"content":{"rendered":"<p>La Navidad en Boadilla del Monte ha registrado un alto nivel de participaci\u00f3n en las actividades programadas desde el Ayuntamiento, que han combinado eventos multitudinarios con propuestas de ocio, cultura, tradici\u00f3n y comercio local, dirigidas a distintos p\u00fablicos.<\/p>\n<p>El <strong>encendido del alumbrado<\/strong> navide\u00f1o congreg\u00f3 a unas 3000 personas mientras que la <strong>Gran Cabalgata<\/strong> volvi\u00f3 a ser el acto m\u00e1s multitudinario, con una asistencia estimada de 35.000 personas a lo largo del recorrido y en la llegada al Palacio del Infante D. Luis.<\/p>\n<p>El <strong>Bel\u00e9n goyesco y la Natividad<\/strong> recibieron 26.373 visitas, el doble que el a\u00f1o pasado. A estas se a\u00f1aden los 2500 asistentes al <strong>Bel\u00e9n viviente<\/strong>, que se celebr\u00f3 en la finca de La Milagrosa, y los 750 ni\u00f1os que depositaron sus cartas en el buz\u00f3n de los Reyes Magos.\u200b<\/p>\n<p>La <strong>pista de hielo<\/strong>, instalada en la explanada del Infante D. Luis, fue utilizada por 12.500 personas y otras 31.200 visitaron el mercadillo navide\u00f1o y propuestas de restauraci\u00f3n que hab\u00eda en su entorno.<\/p>\n<p>El espacio <strong>Juega en Navidad<\/strong> reuni\u00f3 a casi 10.000 participantes que pudieron disfrutar de las m\u00faltiples actividades propuestas en el polideportivo Rey Felipe VI a lo largo de todas las navidades.<\/p>\n<p>Por su parte, el villancico que el coro del colegio Tajamar grab\u00f3 este a\u00f1o en el Palacio del Infante D. Luis ha sumado 155.039 visualizaciones.<\/p>\n<p>En el \u00e1mbito cultural, los <strong>espect\u00e1culos de teatro y musicales<\/strong> programados en el Auditorio Municipal sumaron m\u00e1s de 2600 asistentes, mientras que los conciertos de Navidad en las iglesias congregaron a unas mil personas. Los once festivales navide\u00f1os de la Escuela Municipal de M\u00fasica congregaron a 4200 espectadores. Por su parte, casi un centenar de personas participaron en los talleres navide\u00f1os.<\/p>\n<p>Las <strong>propuestas\u00a0espec\u00edficos para ni\u00f1os y j\u00f3venes<\/strong>, como el Escape Room y las actividades en la Casa de la Juventud, contaron con m\u00e1s de 200 participantes, adem\u00e1s de los 120 ni\u00f1os inscritos en los <strong>D\u00edas sin Cole<\/strong>, a los que se suman los 135 que asistieron a los organizados en el CEIPSO Pr\u00edncipe Felipe. Por su parte, las actividades propuestas por el Aula Medioambiental sumaron 150 participantes<\/p>\n<p>En el caso de los <strong>mayores<\/strong>, m\u00e1s de 350 participaron en las actividades navide\u00f1as programadas y 600 acudieron a las comidas ofrecidas, como cada a\u00f1o, por el Ayuntamiento.\u00a0 \u00a0<\/p>\n<p>Desde el inicio de la Navidad, el Ayuntamiento puso en marcha la campa\u00f1a <strong>Bonos Comercio<\/strong> para incentivar las compras en el comercio local. Hasta el momento se han emitido casi 12.500 bonos y m\u00e1s de 7.400 ya se han canjeado en establecimientos del municipio. La campa\u00f1a estar\u00e1 activa hasta el 22 de enero.<\/p>\n<p>Adem\u00e1s, la <strong>Feria de Asociaciones de Acci\u00f3n Social<\/strong> fue visitada por m\u00e1s de 300 personas.<\/p>\n<p>Por \u00faltimo, en el reciente <strong>reparto de sal<\/strong> que el Ayuntamiento realiz\u00f3 por la previsi\u00f3n de malas condiciones meteorol\u00f3gicas, m\u00e1s de 600 familias recogieron en sacos un total de 13.000 kilos.<\/p>\n<p>.<\/p>\n<p>\u00a0<\/p>\n<p>\u00a0<\/p>\n<p>\u00a0<\/p>\n","protected":false},"excerpt":{"rendered":"La Navidad en Boadilla del Monte ha registrado un alto nivel de participaci\u00f3n en las actividades programadas desde&hellip;\n","protected":false},"author":2,"featured_media":329736,"comment_status":"","ping_status":"","sticky":false,"template":"","format":"standard","meta":{"footnotes":""},"categories":[5],"tags":[17,18,25,24,13,14,11,19,20,9,10,15,16,23,12,21,22],"class_list":{"0":"post-329735","1":"post","2":"type-post","3":"status-publish","4":"format-standard","5":"has-post-thumbnail","7":"category-titulares","8":"tag-breaking-news","9":"tag-breakingnews","10":"tag-es","11":"tag-espana","12":"tag-featured-news","13":"tag-featurednews","14":"tag-headlines","15":"tag-latest-news","16":"tag-latestnews","17":"tag-news","18":"tag-noticias","19":"tag-noticias-destacadas","20":"tag-noticiasdestacadas","21":"tag-spain","22":"tag-titulares","23":"tag-ultimas-noticias","24":"tag-ultimasnoticias"},"share_on_mastodon":{"url":"https:\/\/pubeurope.com\/@es\/115859922796308513","error":""},"_links":{"self":[{"href":"https:\/\/www.europesays.com\/es\/wp-json\/wp\/v2\/posts\/329735","targetHints":{"allow":["GET"]}}],"collection":[{"href":"https:\/\/www.europesays.com\/es\/wp-json\/wp\/v2\/posts"}],"about":[{"href":"https:\/\/www.europesays.com\/es\/wp-json\/wp\/v2\/types\/post"}],"author":[{"embeddable":true,"href":"https:\/\/www.europesays.com\/es\/wp-json\/wp\/v2\/users\/2"}],"replies":[{"embeddable":true,"href":"https:\/\/www.europesays.com\/es\/wp-json\/wp\/v2\/comments?post=329735"}],"version-history":[{"count":0,"href":"https:\/\/www.europesays.com\/es\/wp-json\/wp\/v2\/posts\/329735\/revisions"}],"wp:featuredmedia":[{"embeddable":true,"href":"https:\/\/www.europesays.com\/es\/wp-json\/wp\/v2\/media\/329736"}],"wp:attachment":[{"href":"https:\/\/www.europesays.com\/es\/wp-json\/wp\/v2\/media?parent=329735"}],"wp:term":[{"taxonomy":"category","embeddable":true,"href":"https:\/\/www.europesays.com\/es\/wp-json\/wp\/v2\/categories?post=329735"},{"taxonomy":"post_tag","embeddable":true,"href":"https:\/\/www.europesays.com\/es\/wp-json\/wp\/v2\/tags?post=329735"}],"curies":[{"name":"wp","href":"https:\/\/api.w.org\/{rel}","templated":true}]}}