{"id":329737,"date":"2026-01-08T14:25:15","date_gmt":"2026-01-08T14:25:15","guid":{"rendered":"https:\/\/www.europesays.com\/es\/329737\/"},"modified":"2026-01-08T14:25:15","modified_gmt":"2026-01-08T14:25:15","slug":"rune-y-kudermetova-de-la-filtracion-del-coqueteo-por-instagram-al-arrepentimiento-de-la-tenista-rusa-resulto-bastante-provocador","status":"publish","type":"post","link":"https:\/\/www.europesays.com\/es\/329737\/","title":{"rendered":"Rune y Kudermetova: de la filtraci\u00f3n del coqueteo por Instagram al arrepentimiento de la tenista rusa: \u00abResult\u00f3 bastante provocador\u00bb"},"content":{"rendered":"<p class=\"ft-text\">Tras unos d\u00edas de mucha tensi\u00f3n por la filtraci\u00f3n de la entrevista en la que <strong>Veronika Kudermetova contaba c\u00f3mo Holger Rune le hab\u00eda escrito por Instagram<\/strong> y ella le hab\u00eda respondido con calabazas, la tenista rusa ha querido aclarar los hechos.<\/p>\n<p class=\"ft-text\">En unas recientes declaraciones a &#8216;Tatar Russia&#8217;, Kudermetova reconoci\u00f3 el malestar que vivi\u00f3 tras la pol\u00e9mica: \u00ab<strong>La verdad es que me sent\u00ed muy molesta<\/strong> despu\u00e9s de aquella entrevista y estuve estresada durante bastante tiempo, porque todo sali\u00f3 mal\u2026 Fue una conversaci\u00f3n privada con Lena Vesnina mientras se instalaban las c\u00e1maras antes de la entrevista real; <strong>nunca pens\u00e9 que la incluir\u00edan<\/strong>. La historia sobre Rune qued\u00f3 completamente fuera de contexto. <strong>Incluso les ped\u00ed espec\u00edficamente que la eliminaran<\/strong>. Pero al final publicaron el podcast y result\u00f3 bastante provocador\u00bb, lament\u00f3.<\/p>\n<p><img decoding=\"async\" src=\"https:\/\/www.europesays.com\/es\/wp-content\/uploads\/2026\/01\/84e23971-2a6e-4dc0-a7cd-300a0df20eb3_alta-libre-aspect-ratio_default_0.jpg\" width=\"1200\" height=\"827\" alt=\"Abu Dhabi (United Arab Emirates), 05\/02\/2025.- Veronika Kudermetova of Russia in action during the second round match against Belinda Bencic of Switzerland at the WTA Abu Dhabi Open tennis tournament in Abu Dhabi, United Arab Emirates, 05 February 2025. (Tenis, Rusia, Suiza, Emiratos \u00c1rabes Unidos) EFE\/EPA\/ALI HAIDER\" class=\"ft-helper-img-rd\" loading=\"lazy\"\/><\/p>\n<p class=\"ft-helper-fontColor-quaternary ft-helper-fontSize-body-S ft-helper-spacer-t-xxs\">Abu Dhabi (United Arab Emirates), 05\/02\/2025.- Veronika Kudermetova of Russia in action during the second round match against Belinda Bencic of Switzerland at the WTA Abu Dhabi Open tennis tournament in Abu Dhabi, United Arab Emirates, 05 February 2025. (Tenis, Rusia, Suiza, Emiratos \u00c1rabes Unidos) EFE\/EPA\/ALI HAIDER  \/ ALI HAIDER \/ EFE<\/p>\n<p class=\"ft-text\"><strong>La pol\u00e9mica se remonta a julio de 2025<\/strong>, cuando Kudermetova particip\u00f3 en el podcast &#8216;La primavera nos llama&#8217;, presentado por su excompa\u00f1era de dobles Elena Vesnina. En aquel momento, relat\u00f3 la an\u00e9cdota con el joven dan\u00e9s: \u00abRune me escribi\u00f3 hace poco. Le dije: &#8216;<strong>Chico, probablemente soy demasiado mayor para ti<\/strong>. Si miraras mi Instagram, <strong>ver\u00edas que tengo marido<\/strong>&#8216;. A lo que \u00e9l respondi\u00f3: &#8216;Ah, perd\u00f3n&#8217;. Despu\u00e9s de eso, dej\u00f3 de saludarme\u00bb, explic\u00f3, asegurando que \u00abse rieron\u00bb y ah\u00ed termin\u00f3 la historia.<\/p>\n<p class=\"ft-text\">La rapidez y el descontrol en la que se expandi\u00f3 la noticia fue lo que m\u00e1s le doli\u00f3 a la tenista rusa, como ella misma reconoce: \u00ab<strong>El problema fue que se hizo p\u00fablico<\/strong>, todos los medios lo difundieron y se convirti\u00f3 en una situaci\u00f3n desagradable. Despu\u00e9s, cada vez que ve\u00eda a Rune en los torneos, me sent\u00eda muy avergonzada. <strong>Ten\u00eda muchas ganas de acercarme a \u00e9l y disculparme<\/strong>\u00ab.<\/p>\n","protected":false},"excerpt":{"rendered":"Tras unos d\u00edas de mucha tensi\u00f3n por la filtraci\u00f3n de la entrevista en la que Veronika Kudermetova contaba&hellip;\n","protected":false},"author":2,"featured_media":329738,"comment_status":"","ping_status":"","sticky":false,"template":"","format":"standard","meta":{"footnotes":""},"categories":[274],"tags":[76055,76054,168,25,24,36684,4536,10523,17786,23,167,327,326],"class_list":{"0":"post-329737","1":"post","2":"type-post","3":"status-publish","4":"format-standard","5":"has-post-thumbnail","7":"category-tenis","8":"tag-arrepentimiento","9":"tag-coqueteo","10":"tag-deportes","11":"tag-es","12":"tag-espana","13":"tag-holger-rune","14":"tag-instagram","15":"tag-kudermetova","16":"tag-rune","17":"tag-spain","18":"tag-sports","19":"tag-tenis","20":"tag-tennis"},"share_on_mastodon":{"url":"https:\/\/pubeurope.com\/@es\/115859942486134724","error":""},"_links":{"self":[{"href":"https:\/\/www.europesays.com\/es\/wp-json\/wp\/v2\/posts\/329737","targetHints":{"allow":["GET"]}}],"collection":[{"href":"https:\/\/www.europesays.com\/es\/wp-json\/wp\/v2\/posts"}],"about":[{"href":"https:\/\/www.europesays.com\/es\/wp-json\/wp\/v2\/types\/post"}],"author":[{"embeddable":true,"href":"https:\/\/www.europesays.com\/es\/wp-json\/wp\/v2\/users\/2"}],"replies":[{"embeddable":true,"href":"https:\/\/www.europesays.com\/es\/wp-json\/wp\/v2\/comments?post=329737"}],"version-history":[{"count":0,"href":"https:\/\/www.europesays.com\/es\/wp-json\/wp\/v2\/posts\/329737\/revisions"}],"wp:featuredmedia":[{"embeddable":true,"href":"https:\/\/www.europesays.com\/es\/wp-json\/wp\/v2\/media\/329738"}],"wp:attachment":[{"href":"https:\/\/www.europesays.com\/es\/wp-json\/wp\/v2\/media?parent=329737"}],"wp:term":[{"taxonomy":"category","embeddable":true,"href":"https:\/\/www.europesays.com\/es\/wp-json\/wp\/v2\/categories?post=329737"},{"taxonomy":"post_tag","embeddable":true,"href":"https:\/\/www.europesays.com\/es\/wp-json\/wp\/v2\/tags?post=329737"}],"curies":[{"name":"wp","href":"https:\/\/api.w.org\/{rel}","templated":true}]}}