{"id":329741,"date":"2026-01-08T14:29:11","date_gmt":"2026-01-08T14:29:11","guid":{"rendered":"https:\/\/www.europesays.com\/es\/329741\/"},"modified":"2026-01-08T14:29:11","modified_gmt":"2026-01-08T14:29:11","slug":"juro-que-nunca-miro-la-clasificacion","status":"publish","type":"post","link":"https:\/\/www.europesays.com\/es\/329741\/","title":{"rendered":"Juro que nunca miro la clasificaci\u00f3n"},"content":{"rendered":"<p data-mrf-recirculation=\"Links P\u00e1rrafos\" class=\"ue-c-article__paragraph paragraph xai-icon-container ue-c-article--first-letter-highlighted\">A dos pasos de las encantadoras orillas del lago de <strong>Como<\/strong>, un grupo de chicos, muchos de ellos espa\u00f1oles, casi todos muy j\u00f3venes, est\u00e1 haciendo so\u00f1ar a un pueblo de apenas ochenta mil habitantes. Hace solo cinco a\u00f1os, la afici\u00f3n del <strong>Como <\/strong>animaba a un equipo de <strong>Serie C<\/strong>. Hoy, su equipo compite de t\u00fa a t\u00fa con <strong>Juventus <\/strong>y <strong>Roma <\/strong>por una plaza en la <strong>Champions League.<\/strong> Esos chicos, espa\u00f1oles, j\u00f3venes, talentosos y envidiados por todos por vivir en un lugar al que la gente normal va de vacaciones, son los chicos del <strong>Como Calcio.<\/strong><\/p>\n<p data-mrf-recirculation=\"Links P\u00e1rrafos\" class=\"ue-c-article__paragraph paragraph\">Con la victoria a domicilio ante el <strong>Pisa <\/strong>por 3-0, el <strong>Como <\/strong>se hab\u00eda colocado moment\u00e1neamente en la cuarta posici\u00f3n, alcanzando a <strong>Roma <\/strong>y <strong>Juventus<\/strong>, que sin embargo ganaron ambos sus partidos. Pero los lariani tienen un encuentro menos: si el pr\u00f3ximo jueves ganaran al <strong>Milan <\/strong>en el partido aplazado, el cuarto puesto -el que vale la <strong>Champions<\/strong>&#8211; ser\u00eda suyo.\u00a0<\/p>\n<p><strong>F\u00e0bregas<\/strong>, en el fondo, sabe que es leg\u00edtimo so\u00f1ar, aunque por ahora sigue sin querer hablar de clasificaci\u00f3n: \u201cOs juro que no la miro nunca. Hoy alguien del staff me lo ha dicho y yo he dicho: basta. No me gusta, no es nuestro momento para hablar de este objetivo\u201d, declar\u00f3 en el post partido de <strong>Pisa<\/strong>. Los n\u00fameros de su <strong>Como<\/strong>, sin embargo, son de zona alta: cuarto mejor ataque con 26 goles a favor y, sobre todo, la mejor defensa del campeonato junto a la <strong>Roma<\/strong>, con solo 12 goles encajados. Ah\u00ed reside la originalidad del <strong>Como <\/strong>de <strong>F\u00e0bregas<\/strong>.<\/p>\n<p data-mrf-recirculation=\"Links P\u00e1rrafos\" class=\"ue-c-article__paragraph paragraph\">Parte de la prensa italiana lo denigra, encasill\u00e1ndolo en la categor\u00eda de los \u201centrenadores-fil\u00f3sofos que quieren hacer el f\u00fatbol m\u00e1s complicado de lo que es\u201d. <strong>Italia<\/strong>, futbol\u00edsticamente, es un pa\u00eds hist\u00f3ricamente tradicionalista y reaccionario. Basta pensar que los t\u00e9cnicos de los grandes son los mismos que rotan desde hace 10 o 15 a\u00f1os: <strong>Allegri<\/strong>, <strong>Spalletti<\/strong>, <strong>Conte&#8230;<\/strong><\/p>\n<p><strong>F\u00e0bregas <\/strong>es la novedad, y molesta un poco. Molesta tambi\u00e9n porque su <strong>Como <\/strong>no tiene ni un solo italiano en la plantilla. Pero si <strong>Italia <\/strong>corre el riesgo de quedarse fuera del <strong>Mundial <\/strong>por tercera vez consecutiva, quiz\u00e1 habr\u00eda que preguntarse m\u00e1s por la pobreza de talento del pa\u00eds que por la supuesta voluntad de <strong>F\u00e0bregas <\/strong>de evitar futbolistas italianos.<\/p>\n<p data-mrf-recirculation=\"Links P\u00e1rrafos\" class=\"ue-c-article__paragraph paragraph\">Es cierto: el <strong>Como <\/strong>gast\u00f3 mucho en verano, m\u00e1s de 100 millones. Y quiz\u00e1 por eso no se puede hablar de un cuento de hadas o de un milagro. Pero tambi\u00e9n hay que analizar c\u00f3mo se ha invertido ese dinero: no en jugadores de perfil internacional, listos para marcar diferencias de inmediato en un campeonato tan exigente como el italiano; sino en talentos de alt\u00edsimo potencial que, en la pr\u00e1ctica, est\u00e1n viviendo su primera experiencia como titulares en una liga profesional.<\/p>\n<p>Es el caso de <strong>Jacobo Ram\u00f3n<\/strong>, que el a\u00f1o pasado apenas jug\u00f3 tres partidos con el <strong>Real Madrid<\/strong>; o el de <strong>Jes\u00fas Rodr\u00edguez<\/strong>, formado en el Betis; o <strong>Addai<\/strong>, fichado del <strong>AZ Alkmaar<\/strong> tras una temporada con solo un gol (este a\u00f1o ya lleva tres). El <strong>Como <\/strong>apuesta por el talento, lo inserta en un sistema de juego dominante, valiente y moderno, y lo potencia hasta prepararlo para la \u00e9lite: es el camino de <strong>Nico Paz<\/strong>, que previsiblemente este verano regresar\u00e1 al <strong>Real Madrid.<\/strong><\/p>\n<p data-mrf-recirculation=\"Links P\u00e1rrafos\" class=\"ue-c-article__paragraph paragraph\">Pero la excepcionalidad del trabajo de <strong>Cesc <\/strong>se aprecia en que no solo<br \/>est\u00e1 ayudando a los chicos a crecer -en lo humano, lo t\u00e9cnico y lo t\u00e1ctico- en una temporada extraordinaria de futbolistas como <strong>Ram\u00f3n <\/strong>o <strong>Perrone <\/strong>(mediocentro 2003 fichado del City por unos 13 millones de euros); al mismo tiempo, <strong>F\u00e0bregas <\/strong>los est\u00e1 haciendo competitivos contra superpotencias del pa\u00eds como <strong>Milan<\/strong>, <strong>Roma <\/strong>y <strong>Juve<\/strong>, clubes con ambiciones y recursos -sobre todo en salarios- muy distintos a los del ya de por s\u00ed rico <strong>Como<\/strong>. Y lo hace con un estilo que podr\u00eda definirse como un h\u00edbrido italo-espa\u00f1ol, como un almuerzo en el que a unos entrantes de tapas les sigue un plato de espaguetis al tomate.\u00a0<\/p>\n<p data-mrf-recirculation=\"Links P\u00e1rrafos\" class=\"ue-c-article__paragraph paragraph\">Por un lado, su <strong>Como <\/strong>es un equipo ideol\u00f3gicamente de matriz espa\u00f1ola: mucho control del bal\u00f3n, jugadores formados para este tipo de f\u00fatbol, el portero <strong>Butez <\/strong>utilizado como un mediocentro m\u00e1s y ni un pelotazo sin sentido. Por otro, representa tambi\u00e9n la quintaesencia del f\u00fatbol italiano: el cuidado obsesivo de la fase defensiva.<\/p>\n<p>El <strong>Como <\/strong>tiene la mejor defensa del campeonato, pero defiende de una manera que no tiene nada que ver con el hist\u00f3rico \u201ccatenaccio\u201d. Al contrario: defiende atacando, con el pressing m\u00e1s intenso de la <strong>Serie A<\/strong> (es el equipo con el PPDA m\u00e1s bajo del campeonato, indicador de la intensidad de la presi\u00f3n) y recuperando el bal\u00f3n con una agresividad feroz.<\/p>\n<p><strong>F\u00e0bregas <\/strong>parece haber entendido que, en Italia, para triunfar no basta con traer tus ideas: hay que adaptarlas al contexto cultural del pa\u00eds. Y lo est\u00e1 haciendo de forma brillante, pese a las cr\u00edticas totalmente injustas de quienes, tras el 4-0 encajado ante el Inter, lo hab\u00edan tachado de extremista incapaz de adaptar su f\u00fatbol a escenarios distintos.<\/p>\n<p data-mrf-recirculation=\"Links P\u00e1rrafos\" class=\"ue-c-article__paragraph paragraph\">Protegidos por los <strong>Prealpes <\/strong>comascos, hay un grupo de j\u00f3venes que, junto a su entrenador, est\u00e1n desmontando los prejuicios que impregnan el f\u00fatbol italiano. En la desconfianza que los rodea, en la antipat\u00eda que generan, se esconde una evidencia: van por el camino correcto. Y no deben dejar de so\u00f1ar.<\/p>\n","protected":false},"excerpt":{"rendered":"A dos pasos de las encantadoras orillas del lago de Como, un grupo de chicos, muchos de ellos&hellip;\n","protected":false},"author":2,"featured_media":329742,"comment_status":"","ping_status":"","sticky":false,"template":"","format":"standard","meta":{"footnotes":""},"categories":[268],"tags":[168,25,24,280,282,281,23,167],"class_list":{"0":"post-329741","1":"post","2":"type-post","3":"status-publish","4":"format-standard","5":"has-post-thumbnail","7":"category-futbol","8":"tag-deportes","9":"tag-es","10":"tag-espana","11":"tag-football","12":"tag-futbol","13":"tag-soccer","14":"tag-spain","15":"tag-sports"},"share_on_mastodon":{"url":"https:\/\/pubeurope.com\/@es\/115859958274302567","error":""},"_links":{"self":[{"href":"https:\/\/www.europesays.com\/es\/wp-json\/wp\/v2\/posts\/329741","targetHints":{"allow":["GET"]}}],"collection":[{"href":"https:\/\/www.europesays.com\/es\/wp-json\/wp\/v2\/posts"}],"about":[{"href":"https:\/\/www.europesays.com\/es\/wp-json\/wp\/v2\/types\/post"}],"author":[{"embeddable":true,"href":"https:\/\/www.europesays.com\/es\/wp-json\/wp\/v2\/users\/2"}],"replies":[{"embeddable":true,"href":"https:\/\/www.europesays.com\/es\/wp-json\/wp\/v2\/comments?post=329741"}],"version-history":[{"count":0,"href":"https:\/\/www.europesays.com\/es\/wp-json\/wp\/v2\/posts\/329741\/revisions"}],"wp:featuredmedia":[{"embeddable":true,"href":"https:\/\/www.europesays.com\/es\/wp-json\/wp\/v2\/media\/329742"}],"wp:attachment":[{"href":"https:\/\/www.europesays.com\/es\/wp-json\/wp\/v2\/media?parent=329741"}],"wp:term":[{"taxonomy":"category","embeddable":true,"href":"https:\/\/www.europesays.com\/es\/wp-json\/wp\/v2\/categories?post=329741"},{"taxonomy":"post_tag","embeddable":true,"href":"https:\/\/www.europesays.com\/es\/wp-json\/wp\/v2\/tags?post=329741"}],"curies":[{"name":"wp","href":"https:\/\/api.w.org\/{rel}","templated":true}]}}