{"id":329743,"date":"2026-01-08T14:30:09","date_gmt":"2026-01-08T14:30:09","guid":{"rendered":"https:\/\/www.europesays.com\/es\/329743\/"},"modified":"2026-01-08T14:30:09","modified_gmt":"2026-01-08T14:30:09","slug":"juan-del-val-no-se-calla-y-arremete-contra-jordi-evole-por-su-critica-tras-ganar-el-premio-planeta-presentadores-con-un-chandal","status":"publish","type":"post","link":"https:\/\/www.europesays.com\/es\/329743\/","title":{"rendered":"Juan del Val no se calla y arremete contra Jordi \u00c9vole por su cr\u00edtica tras ganar el Premio Planeta: \u00abPresentadores con un ch\u00e1ndal&#8230;\u00bb"},"content":{"rendered":"<p class=\"ft-text ft-helper-closenews\">El <strong>Premio Planeta 2025<\/strong> concedido a <strong>Juan del Val<\/strong> sigue generando eco medi\u00e1tico tres meses despu\u00e9s de la gala. El escritor obtuvo el galard\u00f3n por su novela &#8216;Vera&#8217;, una historia de amor, que ha recibido numerosas cr\u00edticas, especialmente tras un comentario de su compa\u00f1ero de Atresmedia <a class=\"ft-link ft-link--decoration\" href=\"https:\/\/www.elperiodico.com\/es\/personajes\/jordi-evole-14750\" target=\"_blank\" rel=\"nofollow noopener\"><strong>Jordi \u00c9vole <\/strong><\/a>en La Vanguardia: <strong>\u00abLa semana del triunfo de Trump, de Mar\u00eda Corina Machado, de Juan del Val. El mundo que so\u00f1amos ya est\u00e1 aqu\u00ed\u00bb<\/strong>, una frase que muchos interpretaron como un dardo hacia la concesi\u00f3n del premio.<\/p>\n<p class=\"ft-text\">Dos meses despu\u00e9s de esas palabras, Juan del Val ha decidido responder p\u00fablicamente con un extenso post en Instagram donde arranca con agradecimiento y una frase inicial que ya tiene sabor propio: \u00abVera, una historia de amor ha cumplido dos meses. Con una sonrisa instalada en mi cara, que soy incapaz de contener, creo que es el momento de escribir este post de agradecimiento a algunas personas que han contribuido enormemente al \u00e9xito de Vera\u00bb, dejando claro que no piensa dejar pasar la pol\u00e9mica sin hablar al respecto.<\/p>\n<p class=\"ft-text\">En su intervenci\u00f3n, Del Val se dirige a quienes han criticado su obra con una iron\u00eda punzante: \u00abYo s\u00e9 que no ten\u00e9is nada en mi contra, estoy seguro de que vuestros comentarios y art\u00edculos obedecen a una causa muy noble\u00bb, que, seg\u00fan \u00e9l, es \u00abdefender la esencia de la buena literatura. La literatura de verdad, no de esas noveluchas que se compran las se\u00f1oras ignorantes\u00bb, una r\u00e9plica que ha hecho saltar los comentarios en redes.<\/p>\n<p class=\"ft-text\">El colaborador de \u2018El Hormiguero\u2019 y \u2018La Roca\u2019 no se queda ah\u00ed y contin\u00faa dirigi\u00e9ndose a un amplio espectro de cr\u00edticos con otra lista de frases entrecomilladas: \u00abDesde vuestra indudable superioridad intelectual, os honra el empe\u00f1o de iluminar a los lectores incautos y marcarles el camino hacia los libros aut\u00e9nticos de pensamiento elevado y reflexiones profundas\u00bb, y se refiere a varios grupos como <strong>\u00abpresentadores con un ch\u00e1ndal impostado con &#8216;Lo de\u2026&#8217; de ser de Barrio, pero solo son ventajistas en busca del aplauso f\u00e1cil\u00bb,<\/strong> en clara referencia a \u00c9vole o a \u00ablibreras ofendiditas, feministas de pose con columnas de peri\u00f3dico mal pagadas, opinadores condescendientes, sobadillas con su podcast aleccionador, tuiteros lectores de Proust con faltas de ortograf\u00eda\u00bb, frases que han levantado debate por su dureza literal.<\/p>\n<p class=\"ft-text\">El cierre de su post es una de las frases que ya se ha convertido en cita viral: \u00abGracias a todos. Seguid ladrando, pero tened cuidado porque la bilis desde el est\u00f3mago os puede quemar la garganta\u00bb, una sentencia que encapsula el tono de su r\u00e9plica y ha desatado cientos de comentarios y reacciones en redes sociales, alimentando a\u00fan m\u00e1s el debate en torno a la legitimidad del premio y la relaci\u00f3n entre el grupo medi\u00e1tico y uno de sus propios colaboradores.<\/p>\n<p data-close=\"closedContent\" class=\"subscribeHideForDisplay\">Suscr\u00edbete para seguir leyendo<\/p>\n","protected":false},"excerpt":{"rendered":"El Premio Planeta 2025 concedido a Juan del Val sigue generando eco medi\u00e1tico tres meses despu\u00e9s de la&hellip;\n","protected":false},"author":2,"featured_media":329744,"comment_status":"","ping_status":"","sticky":false,"template":"","format":"standard","meta":{"footnotes":""},"categories":[174],"tags":[16360,151,26282,255,76056,146,147,25,24,72369,256,12833,13987,409,5635,843,4042,10852,23,32693],"class_list":{"0":"post-329743","1":"post","2":"type-post","3":"status-publish","4":"format-standard","5":"has-post-thumbnail","7":"category-famosos","8":"tag-arremete","9":"tag-atresmedia","10":"tag-calla","11":"tag-celebrities","12":"tag-chandal","13":"tag-entertainment","14":"tag-entretenimiento","15":"tag-es","16":"tag-espana","17":"tag-evole","18":"tag-famosos","19":"tag-jordi","20":"tag-jordi-evole","21":"tag-juan","22":"tag-planeta","23":"tag-premio","24":"tag-premio-planeta","25":"tag-presentadores","26":"tag-spain","27":"tag-val"},"share_on_mastodon":{"url":"https:\/\/pubeurope.com\/@es\/115859962210421376","error":""},"_links":{"self":[{"href":"https:\/\/www.europesays.com\/es\/wp-json\/wp\/v2\/posts\/329743","targetHints":{"allow":["GET"]}}],"collection":[{"href":"https:\/\/www.europesays.com\/es\/wp-json\/wp\/v2\/posts"}],"about":[{"href":"https:\/\/www.europesays.com\/es\/wp-json\/wp\/v2\/types\/post"}],"author":[{"embeddable":true,"href":"https:\/\/www.europesays.com\/es\/wp-json\/wp\/v2\/users\/2"}],"replies":[{"embeddable":true,"href":"https:\/\/www.europesays.com\/es\/wp-json\/wp\/v2\/comments?post=329743"}],"version-history":[{"count":0,"href":"https:\/\/www.europesays.com\/es\/wp-json\/wp\/v2\/posts\/329743\/revisions"}],"wp:featuredmedia":[{"embeddable":true,"href":"https:\/\/www.europesays.com\/es\/wp-json\/wp\/v2\/media\/329744"}],"wp:attachment":[{"href":"https:\/\/www.europesays.com\/es\/wp-json\/wp\/v2\/media?parent=329743"}],"wp:term":[{"taxonomy":"category","embeddable":true,"href":"https:\/\/www.europesays.com\/es\/wp-json\/wp\/v2\/categories?post=329743"},{"taxonomy":"post_tag","embeddable":true,"href":"https:\/\/www.europesays.com\/es\/wp-json\/wp\/v2\/tags?post=329743"}],"curies":[{"name":"wp","href":"https:\/\/api.w.org\/{rel}","templated":true}]}}