{"id":329764,"date":"2026-01-08T14:49:12","date_gmt":"2026-01-08T14:49:12","guid":{"rendered":"https:\/\/www.europesays.com\/es\/329764\/"},"modified":"2026-01-08T14:49:12","modified_gmt":"2026-01-08T14:49:12","slug":"costoulas-acaba-con-el-sueno-de-kaitlin-quevedo-en-auckland","status":"publish","type":"post","link":"https:\/\/www.europesays.com\/es\/329764\/","title":{"rendered":"Costoulas acaba con el sue\u00f1o de Kaitlin Quevedo en Auckland"},"content":{"rendered":"<p class=\"\"><b>La joven tenista espa\u00f1ola Kaitlin Quevedo<\/b>, de 19 a\u00f1os, no pudo continuar su sue\u00f1o en el ASB Classic, torneo WTA 250 que se disputa en Nueva Zelanda, tras caer ante la belga <b>Sofia Costoulas por 6-2 y 6-0 en los octavos de final del torneo.<\/b><\/p>\n<p class=\"\">Quevedo, que llegaba al partido tras superar en primera ronda a la estadounidense Peyton Stearns, octava cabeza de serie del torneo, se vio superada por una <b>Costoulas que se mostr\u00f3 muy eficaz al saque y, sobre todo, al resto,<\/b> rompiendo en hasta tres ocasiones el saque de la espa\u00f1ola en el segundo set para cimentar su triunfo.<\/p>\n<p class=\"\">Pese a la derrota <b>Quevedo se sit\u00faa virtualmente en el puesto 128 del ranking WTA<\/b> antes de competir por una plaza en el cuadro final del Open de Australia en la ronda previa que se disputar\u00e1 la pr\u00f3xima semana.<\/p>\n<p>Noticias relacionadas<\/p>\n<p class=\"\"><b>\u00a1Tus opiniones importan!<\/b> Comenta en los art\u00edculos y suscr\u00edbete gratis a nuestra <a href=\"https:\/\/asfan.as.com\/newsletters\/\" target=\"_blank\" rel=\"nofollow noopener\" title=\"https:\/\/asfan.as.com\/newsletters\/\">newsletter<\/a> y a las alertas informativas en la <a href=\"https:\/\/as.com\/aplicacion-de-as-n\/\" target=\"_blank\" rel=\"nofollow noopener\" title=\"https:\/\/as.com\/aplicacion-de-as-n\/\">App<\/a> o el canal de <a href=\"https:\/\/www.whatsapp.com\/channel\/0029VaAasdA7j6g745nz9M10\" target=\"_blank\" rel=\"nofollow noopener\" title=\"https:\/\/www.whatsapp.com\/channel\/0029VaAasdA7j6g745nz9M10\">WhatsApp<\/a>.<\/p>\n<p class=\"\">\u00bfBuscas licenciar contenido? Haz clic <a href=\"https:\/\/profesional.elpais.com\/soluciones-sindicacion?utm_medium=interno&amp;utm_source=crosslinking&amp;utm_campaign=sindicacion_as_pie_articulos\" target=\"_blank\" rel=\"nofollow noopener\" title=\"https:\/\/profesional.elpais.com\/soluciones-sindicacion?utm_medium=interno&amp;utm_source=crosslinking&amp;utm_campaign=sindicacion_as_pie_articulos\">aqu\u00ed<\/a><\/p>\n","protected":false},"excerpt":{"rendered":"La joven tenista espa\u00f1ola Kaitlin Quevedo, de 19 a\u00f1os, no pudo continuar su sue\u00f1o en el ASB Classic,&hellip;\n","protected":false},"author":2,"featured_media":329765,"comment_status":"","ping_status":"","sticky":false,"template":"","format":"standard","meta":{"footnotes":""},"categories":[274],"tags":[168,25,24,23,167,327,326],"class_list":{"0":"post-329764","1":"post","2":"type-post","3":"status-publish","4":"format-standard","5":"has-post-thumbnail","7":"category-tenis","8":"tag-deportes","9":"tag-es","10":"tag-espana","11":"tag-spain","12":"tag-sports","13":"tag-tenis","14":"tag-tennis"},"share_on_mastodon":{"url":"https:\/\/pubeurope.com\/@es\/115860036816300882","error":""},"_links":{"self":[{"href":"https:\/\/www.europesays.com\/es\/wp-json\/wp\/v2\/posts\/329764","targetHints":{"allow":["GET"]}}],"collection":[{"href":"https:\/\/www.europesays.com\/es\/wp-json\/wp\/v2\/posts"}],"about":[{"href":"https:\/\/www.europesays.com\/es\/wp-json\/wp\/v2\/types\/post"}],"author":[{"embeddable":true,"href":"https:\/\/www.europesays.com\/es\/wp-json\/wp\/v2\/users\/2"}],"replies":[{"embeddable":true,"href":"https:\/\/www.europesays.com\/es\/wp-json\/wp\/v2\/comments?post=329764"}],"version-history":[{"count":0,"href":"https:\/\/www.europesays.com\/es\/wp-json\/wp\/v2\/posts\/329764\/revisions"}],"wp:featuredmedia":[{"embeddable":true,"href":"https:\/\/www.europesays.com\/es\/wp-json\/wp\/v2\/media\/329765"}],"wp:attachment":[{"href":"https:\/\/www.europesays.com\/es\/wp-json\/wp\/v2\/media?parent=329764"}],"wp:term":[{"taxonomy":"category","embeddable":true,"href":"https:\/\/www.europesays.com\/es\/wp-json\/wp\/v2\/categories?post=329764"},{"taxonomy":"post_tag","embeddable":true,"href":"https:\/\/www.europesays.com\/es\/wp-json\/wp\/v2\/tags?post=329764"}],"curies":[{"name":"wp","href":"https:\/\/api.w.org\/{rel}","templated":true}]}}